{"id":40619,"date":"2025-03-11T15:55:57","date_gmt":"2025-03-11T12:55:57","guid":{"rendered":"https:\/\/mersinkadingazetesi.com\/?p=40619"},"modified":"2025-03-11T15:55:57","modified_gmt":"2025-03-11T12:55:57","slug":"deva-partili-ekmen-sam-lazkiyede-yasanan-katliamlari-aydinlatmak-zorundadir","status":"publish","type":"post","link":"https:\/\/mersinkadingazetesi.com\/?p=40619","title":{"rendered":"DEVA Partili Ekmen: \u015eam, Lazkiye\u2019de ya\u015fanan katliamlar\u0131 ayd\u0131nlatmak zorundad\u0131r\u00a0"},"content":{"rendered":"\n<figure class=\"wp-block-table\"><table class=\"has-fixed-layout\"><tbody><tr><td><strong>DEVA Partisi Genel Ba\u015fkan Yard\u0131mc\u0131s\u0131 ve Mersin Milletvekili Mehmet Emin Ekmen, S\u00f6zc\u00fc TV&#8217;de yay\u0131nlanan Serpil Y\u0131lmaz ile \u201cAkl\u0131n Yolu\u201d program\u0131nda Suriye\u2019de ya\u015fanan son siyasi geli\u015fmeleri de\u011ferlendirdi. Ekmen, &#8220;\u015eam, insan haklar\u0131na sayg\u0131l\u0131 bir devlet olmal\u0131\u201d dedi.<\/strong><strong>&nbsp;<\/strong>DEVA Partisi Genel Ba\u015fkan Yard\u0131mc\u0131s\u0131 ve Mersin Milletvekili Mehmet Emin Ekmen, S\u00f6zc\u00fc TV&#8217;de yay\u0131nlanan Serpil Y\u0131lmaz ile \u201cAkl\u0131n Yolu\u201d program\u0131nda Suriye\u2019de ya\u015fanan son siyasi geli\u015fmeleri de\u011ferlendirdi.&nbsp;<strong>T\u00fcrkiye&#8217;nin \u015eara\u2019ya sorumluluklar\u0131n\u0131 hat\u0131rlatan bir rol\u00fc olmal\u0131<\/strong>Suriye&#8217;deki sivillere y\u00f6nelik sald\u0131r\u0131lara dair T\u00fcrkiye&#8217;nin sorumluluklar\u0131n\u0131 hat\u0131rlatan a\u00e7\u0131klamalarda bulunan Ekmen, \u201cHafta boyu Laskiye ve civar\u0131nda ya\u015fanan Alevi sivil vatanda\u015flar\u0131n katledilmelerine bakt\u0131\u011f\u0131m\u0131zda T\u00fcrkiye&#8217;nin sorumluluklar\u0131n\u0131 bir\u00e7ok a\u00e7\u0131dan hat\u0131rlatan bir rol\u00fc oldu\u011funu d\u00fc\u015f\u00fcn\u00fcyorum. \u00d6ncelikle \u015funu kabul etmeliyiz: Ahmed \u015eara&#8217;ya HT\u015e olarak muamele edemeyiz, HT\u015e ge\u00e7mi\u015finden kaynakl\u0131 kayg\u0131lar\u0131m\u0131z var ancak \u015fu anda uluslararas\u0131 toplumun neredeyse tamam\u0131n\u0131n temas etti\u011fi ve me\u015fruiyetini kabul etti\u011fi bir \u015eam var\u201d dedi.&nbsp;<strong>\u015eam, Lazkiye\u2019de ya\u015fanan katliamlar\u0131 ayd\u0131nlatmak zorundad\u0131r<\/strong>\u015eam\u2019\u0131n d\u00fcnyada tan\u0131nmas\u0131na de\u011finen Ekmen, \u201cABD&#8217;nin, Avrupa Birli\u011fi kurumlar\u0131n\u0131n, \u00fclkelerin ve devletlerin ayr\u0131 ayr\u0131 temas etti\u011fi bizim de otoritesini tan\u0131d\u0131\u011f\u0131m\u0131z \u015eam&#8217;dan, bir devlet gibi davranmas\u0131n\u0131 talep etme hakk\u0131m\u0131z var. Ba\u015fta Aleviler, D\u00fcrziler, K\u00fcrtler, T\u00fcrkmenler olmak \u00fczere Suriye\u2019de do\u011frudan akraba topluluklar\u0131m\u0131z var. Lazkiye\u2019de katledilen Alevilerin Hatay\u2019da, Mersin\u2019de binlerce, on binlerce akrabas\u0131 var ve o akrabalar\u0131n i\u00e7inde bulundu\u011fu ruhi s\u0131k\u0131nt\u0131y\u0131 g\u00f6rmek zorunday\u0131z. Keza oradaki T\u00fcrkmenlerin, K\u00fcrtlerin T\u00fcrkiye\u2019de akrabalar\u0131 var. E\u011fer \u015eam \u00e7a\u011fda\u015f demokratik normlara uygun bir anayasa ile i\u00e7 sava\u015f defterini geride b\u0131rakmak istiyorsa, ge\u00e7en hafta Lazkiye\u2019de ya\u015fanan katliamlar\u0131 ayd\u0131nlatmak, sorumlular\u0131 cezaland\u0131rmak ve olaylar\u0131n tekrar ya\u015fanmas\u0131na m\u00fcsaade etmemek zorundad\u0131r. Aksi halde; do\u011frudan \u015eam Ordusu\u2019nun kontrol\u00fcnde olsun olmas\u0131n, silahl\u0131 gruplar\u0131n birbirleri \u00fczerinde ya da siviller \u00fczerinde olu\u015fturabilece\u011fi tehditler, riskler ve olas\u0131 katliamlar Suriye\u2019de g\u00fcvenli\u011fi yok edece\u011fi gibi, kom\u015fu \u00fclkelerdeki b\u00fct\u00fcn akraba topluluklar\u0131 da s\u00fcrekli teyakkuz halinde tutar. Ge\u00e7ti\u011fimiz hafta sonu Mersin\u2019deki vatanda\u015flar\u0131m\u0131zla hasb\u0131hal ettim, Lazkiye\u2019deki geli\u015fmeleri nas\u0131l bir tedirginlik ile kar\u015f\u0131lad\u0131klar\u0131n\u0131 g\u00f6rd\u00fcm. \u00dclkemizdeki akraba topluluklar\u0131n\u0131n neler ya\u015fad\u0131\u011f\u0131n\u0131 siyasilerin anlamas\u0131 laz\u0131m\u201d a\u00e7\u0131klamalar\u0131nda bulundu.&nbsp;&nbsp;<strong>\u015eam otoritesi uluslararas\u0131 toplum taraf\u0131ndan kabul g\u00f6r\u00fcyor<\/strong>Ekmen \u201c\u015eam ge\u00e7ici h\u00fck\u00fcmeti, uluslararas\u0131 toplum taraf\u0131ndan da kabul g\u00f6r\u00fcyor. Bu durum bizim onlardan; \u00e7o\u011fulculu\u011fa sayg\u0131l\u0131, insan haklar\u0131na dayal\u0131 ve \u00fclkedeki farkl\u0131l\u0131klar\u0131n garanti ald\u0131\u011f\u0131na al\u0131nd\u0131\u011f\u0131 ve ayn\u0131 zamanda da oradan T\u00fcrkiye\u2019ye herhangi bir tehdit y\u00f6nelmemesi y\u00f6n\u00fcndeki taleplerimizi ve beklentilerimizi g\u00fc\u00e7lendiriyor\u201d \u015feklinde konu\u015ftu.<\/td><\/tr><\/tbody><\/table><\/figure>\n","protected":false},"excerpt":{"rendered":"<p>DEVA Partisi Genel Ba\u015fkan Yard\u0131mc\u0131s\u0131 ve Mersin Milletvekili Mehmet Emin Ekmen, S\u00f6zc\u00fc TV&#8217;de yay\u0131nlanan Serpil Y\u0131lmaz ile \u201cAkl\u0131n Yolu\u201d program\u0131nda Suriye\u2019de ya\u015fanan son siyasi geli\u015fmeleri de\u011ferlendirdi. Ekmen, &#8220;\u015eam, insan haklar\u0131na sayg\u0131l\u0131 bir devlet olmal\u0131\u201d dedi.&nbsp;DEVA Partisi Genel Ba\u015fkan Yard\u0131mc\u0131s\u0131 ve Mersin Milletvekili Mehmet Emin Ekmen, S\u00f6zc\u00fc TV&#8217;de yay\u0131nlanan Serpil Y\u0131lmaz ile \u201cAkl\u0131n Yolu\u201d program\u0131nda Suriye\u2019de [&hellip;]<\/p>\n","protected":false},"author":2,"featured_media":40506,"comment_status":"closed","ping_status":"closed","sticky":false,"template":"","format":"standard","meta":{"footnotes":""},"categories":[3],"tags":[],"class_list":["post-40619","post","type-post","status-publish","format-standard","has-post-thumbnail","hentry","category-manset"],"views":4,"_links":{"self":[{"href":"https:\/\/mersinkadingazetesi.com\/index.php?rest_route=\/wp\/v2\/posts\/40619"}],"collection":[{"href":"https:\/\/mersinkadingazetesi.com\/index.php?rest_route=\/wp\/v2\/posts"}],"about":[{"href":"https:\/\/mersinkadingazetesi.com\/index.php?rest_route=\/wp\/v2\/types\/post"}],"author":[{"embeddable":true,"href":"https:\/\/mersinkadingazetesi.com\/index.php?rest_route=\/wp\/v2\/users\/2"}],"replies":[{"embeddable":true,"href":"https:\/\/mersinkadingazetesi.com\/index.php?rest_route=%2Fwp%2Fv2%2Fcomments&post=40619"}],"version-history":[{"count":1,"href":"https:\/\/mersinkadingazetesi.com\/index.php?rest_route=\/wp\/v2\/posts\/40619\/revisions"}],"predecessor-version":[{"id":40620,"href":"https:\/\/mersinkadingazetesi.com\/index.php?rest_route=\/wp\/v2\/posts\/40619\/revisions\/40620"}],"wp:featuredmedia":[{"embeddable":true,"href":"https:\/\/mersinkadingazetesi.com\/index.php?rest_route=\/wp\/v2\/media\/40506"}],"wp:attachment":[{"href":"https:\/\/mersinkadingazetesi.com\/index.php?rest_route=%2Fwp%2Fv2%2Fmedia&parent=40619"}],"wp:term":[{"taxonomy":"category","embeddable":true,"href":"https:\/\/mersinkadingazetesi.com\/index.php?rest_route=%2Fwp%2Fv2%2Fcategories&post=40619"},{"taxonomy":"post_tag","embeddable":true,"href":"https:\/\/mersinkadingazetesi.com\/index.php?rest_route=%2Fwp%2Fv2%2Ftags&post=40619"}],"curies":[{"name":"wp","href":"https:\/\/api.w.org\/{rel}","templated":true}]}}