{"id":40625,"date":"2025-03-12T11:13:26","date_gmt":"2025-03-12T08:13:26","guid":{"rendered":"https:\/\/mersinkadingazetesi.com\/?p=40625"},"modified":"2025-03-12T11:13:27","modified_gmt":"2025-03-12T08:13:27","slug":"valimiz-sayin-atilla-toros-baskanliginda-2025-aile-yili-calismalari-toplantisi-gerceklestirildi","status":"publish","type":"post","link":"https:\/\/mersinkadingazetesi.com\/?p=40625","title":{"rendered":"VAL\u0130M\u0130Z SAYIN AT\u0130LLA TOROS BA\u015eKANLI\u011eINDA, \u2018\u20182025 A\u0130LE YILI \u00c7ALI\u015eMALARI\u2019\u2019 TOPLANTISI GER\u00c7EKLE\u015eT\u0130R\u0130LD\u0130"},"content":{"rendered":"\n<p>Valimiz Say\u0131n Atilla Toros ba\u015fkanl\u0131\u011f\u0131nda, \u2018\u20182025 Aile Y\u0131l\u0131 \u00c7al\u0131\u015fmalar\u0131\u2019\u2019 toplant\u0131s\u0131 ger\u00e7ekle\u015ftirildi.<\/p>\n\n\n\n<p>Toplant\u0131da, Say\u0131n Cumhurba\u015fkan\u0131m\u0131z taraf\u0131ndan 2025 y\u0131l\u0131n\u0131n \u2018Aile Y\u0131l\u0131\u2019 olarak ilan edilmesi kapsam\u0131nda y\u00fcr\u00fct\u00fclecek \u00e7al\u0131\u015fmalara ili\u015fkin konular ele al\u0131nd\u0131.<\/p>\n\n\n\n<p>Bu do\u011frultuda; ailenin korunmas\u0131 ve aile ba\u011flar\u0131n\u0131n g\u00fc\u00e7lendirilmesine y\u00f6nelik yap\u0131lan \u00e7al\u0131\u015fmalar, gen\u00e7 n\u00fcfusun korunmas\u0131, ge\u00e7mi\u015ften g\u00fcn\u00fcm\u00fcze aktar\u0131lan de\u011ferlerin ve k\u00fclt\u00fcrel kimli\u011fin muhafaza edilmesi, aile kurumunun g\u00fc\u00e7lendirilmesi amac\u0131yla y\u00fcr\u00fct\u00fclen ve planlanan \u00e7al\u0131\u015fmalar hakk\u0131nda de\u011ferlendirme ve bilgi al\u0131\u015fveri\u015finde bulunuldu.&nbsp;<\/p>\n","protected":false},"excerpt":{"rendered":"<p>Valimiz Say\u0131n Atilla Toros ba\u015fkanl\u0131\u011f\u0131nda, \u2018\u20182025 Aile Y\u0131l\u0131 \u00c7al\u0131\u015fmalar\u0131\u2019\u2019 toplant\u0131s\u0131 ger\u00e7ekle\u015ftirildi. Toplant\u0131da, Say\u0131n Cumhurba\u015fkan\u0131m\u0131z taraf\u0131ndan 2025 y\u0131l\u0131n\u0131n \u2018Aile Y\u0131l\u0131\u2019 olarak ilan edilmesi kapsam\u0131nda y\u00fcr\u00fct\u00fclecek \u00e7al\u0131\u015fmalara ili\u015fkin konular ele al\u0131nd\u0131. Bu do\u011frultuda; ailenin korunmas\u0131 ve aile ba\u011flar\u0131n\u0131n g\u00fc\u00e7lendirilmesine y\u00f6nelik yap\u0131lan \u00e7al\u0131\u015fmalar, gen\u00e7 n\u00fcfusun korunmas\u0131, ge\u00e7mi\u015ften g\u00fcn\u00fcm\u00fcze aktar\u0131lan de\u011ferlerin ve k\u00fclt\u00fcrel kimli\u011fin muhafaza edilmesi, aile kurumunun g\u00fc\u00e7lendirilmesi [&hellip;]<\/p>\n","protected":false},"author":2,"featured_media":40626,"comment_status":"closed","ping_status":"closed","sticky":false,"template":"","format":"standard","meta":{"footnotes":""},"categories":[3],"tags":[],"class_list":["post-40625","post","type-post","status-publish","format-standard","has-post-thumbnail","hentry","category-manset"],"views":9,"_links":{"self":[{"href":"https:\/\/mersinkadingazetesi.com\/index.php?rest_route=\/wp\/v2\/posts\/40625"}],"collection":[{"href":"https:\/\/mersinkadingazetesi.com\/index.php?rest_route=\/wp\/v2\/posts"}],"about":[{"href":"https:\/\/mersinkadingazetesi.com\/index.php?rest_route=\/wp\/v2\/types\/post"}],"author":[{"embeddable":true,"href":"https:\/\/mersinkadingazetesi.com\/index.php?rest_route=\/wp\/v2\/users\/2"}],"replies":[{"embeddable":true,"href":"https:\/\/mersinkadingazetesi.com\/index.php?rest_route=%2Fwp%2Fv2%2Fcomments&post=40625"}],"version-history":[{"count":1,"href":"https:\/\/mersinkadingazetesi.com\/index.php?rest_route=\/wp\/v2\/posts\/40625\/revisions"}],"predecessor-version":[{"id":40627,"href":"https:\/\/mersinkadingazetesi.com\/index.php?rest_route=\/wp\/v2\/posts\/40625\/revisions\/40627"}],"wp:featuredmedia":[{"embeddable":true,"href":"https:\/\/mersinkadingazetesi.com\/index.php?rest_route=\/wp\/v2\/media\/40626"}],"wp:attachment":[{"href":"https:\/\/mersinkadingazetesi.com\/index.php?rest_route=%2Fwp%2Fv2%2Fmedia&parent=40625"}],"wp:term":[{"taxonomy":"category","embeddable":true,"href":"https:\/\/mersinkadingazetesi.com\/index.php?rest_route=%2Fwp%2Fv2%2Fcategories&post=40625"},{"taxonomy":"post_tag","embeddable":true,"href":"https:\/\/mersinkadingazetesi.com\/index.php?rest_route=%2Fwp%2Fv2%2Ftags&post=40625"}],"curies":[{"name":"wp","href":"https:\/\/api.w.org\/{rel}","templated":true}]}}