{"id":40640,"date":"2025-03-12T11:21:22","date_gmt":"2025-03-12T08:21:22","guid":{"rendered":"https:\/\/mersinkadingazetesi.com\/?p=40640"},"modified":"2025-03-12T11:21:23","modified_gmt":"2025-03-12T08:21:23","slug":"sabanci-vakfi-mutevelli-heyeti-baskani-guler-sabanci-izmirde-ben-de-varim-buradayim-diyen-genc-kadinlarla-bulustu","status":"publish","type":"post","link":"https:\/\/mersinkadingazetesi.com\/?p=40640","title":{"rendered":"Sabanc\u0131 Vakf\u0131 M\u00fctevelli Heyeti Ba\u015fkan\u0131 G\u00fcler Sabanc\u0131, \u0130zmir\u2019de \u201cBen de var\u0131m, buraday\u0131m\u201d diyen gen\u00e7 kad\u0131nlarla bulu\u015ftu"},"content":{"rendered":"\n<p><strong>Sabanc\u0131 Vakf\u0131 M\u00fctevelli Heyeti Ba\u015fkan\u0131 G\u00fcler Sabanc\u0131, 8 Mart D\u00fcnya Kad\u0131nlar G\u00fcn\u00fc dolay\u0131s\u0131yla \u201cGelece\u011fini Kuran Gen\u00e7 Kad\u0131nlar\u201d projesinin \u0130zmir\u2019de s\u00fcrd\u00fcr\u00fclen \u00e7al\u0131\u015fmalar\u0131 kapsam\u0131nda \u0130zmir B\u00fcy\u00fck\u015fehir Belediyesi Meslek Fabrikas\u0131\u2019nda gen\u00e7 kad\u0131nlarla bulu\u015ftu.<\/strong><\/p>\n\n\n\n<p>Sabanc\u0131 Vakf\u0131 M\u00fctevelli Heyeti Ba\u015fkan\u0131 G\u00fcler Sabanc\u0131, \u201cGelece\u011fini Kuran Gen\u00e7 Kad\u0131nlar\u201d projesi kapsam\u0131nda \u0130zmir\u2019deki gen\u00e7 kad\u0131nlarla bir araya geldi. \u0130zmir B\u00fcy\u00fck\u015fehir Belediyesi\u2019nin meslek edindirme kurslar\u0131n\u0131n verildi\u011fi Meslek Fabrikas\u0131\u2019nda devam eden barista ve i\u015fe ba\u015fvuru becerileri e\u011fitimlerini yak\u0131ndan inceleyen G\u00fcler Sabanc\u0131, faydalan\u0131c\u0131lar\u0131n hikayelerini dinledi. \u0130zmir B\u00fcy\u00fck\u015fehir Belediye Ba\u015fkan\u0131 Dr. Cemil Tugay\u2019\u0131n kat\u0131l\u0131m\u0131yla ger\u00e7ekle\u015ftirilen bulu\u015fmada, bug\u00fcne kadar d\u00fczenlenen e\u011fitimlere kat\u0131lan kad\u0131nlar\u0131n yan\u0131 s\u0131ra mentor ve mentiler de deneyimlerini payla\u015fma f\u0131rsat\u0131 buldu.<\/p>\n\n\n\n<p><strong>&nbsp;\u201cGen\u00e7 kad\u0131nlar\u0131n e\u011fitimde, istihdamda ve sosyal hayatta aktif rol almas\u0131, sadece bireylerin de\u011fil, t\u00fcm toplumun geli\u015fimine katk\u0131 sa\u011flar\u201d<\/strong><\/p>\n\n\n\n<p>Ziyaret s\u0131ras\u0131nda de\u011ferlendirmede bulunan&nbsp;<strong>Sabanc\u0131 Vakf\u0131 M\u00fctevelli Heyeti Ba\u015fkan\u0131 G\u00fcler Sabanc\u0131<\/strong>, 50 y\u0131ldan fazla s\u00fcredir toplumsal geli\u015fime katk\u0131 sa\u011flayan projeleri hayata ge\u00e7iren Sabanc\u0131 Vakf\u0131\u2019n\u0131n \u00f6zellikle kad\u0131nlar ve k\u0131z \u00e7ocuklar\u0131n\u0131n f\u0131rsatlardan e\u015fit \u015fekilde yararlanmas\u0131 i\u00e7in \u00f6nemli \u00e7al\u0131\u015fmalar ger\u00e7ekle\u015ftirdi\u011fini belirtti.&nbsp;<strong>G\u00fcler Sabanc\u0131<\/strong>&nbsp;s\u00f6zlerine \u015f\u00f6yle devam etti: \u201cNEET sorunu, \u00fclkemizin g\u00f6z ard\u0131 edemeyece\u011fimiz bir problemi. Bu meseleyi her sorun gibi kararl\u0131l\u0131kla ve s\u00fcrd\u00fcr\u00fclebilir \u00e7\u00f6z\u00fcmlerle a\u015fabiliriz. Gen\u00e7 kad\u0131nlar\u0131n e\u011fitimde, istihdamda ve sosyal hayatta aktif rol almas\u0131, sadece bireylerin de\u011fil, t\u00fcm toplumun geli\u015fimine katk\u0131 sa\u011flar. Bu kapsamda, Aile ve Sosyal Hizmetler Bakanl\u0131\u011f\u0131, \u00c7al\u0131\u015fma ve Sosyal G\u00fcvenlik Bakanl\u0131\u011f\u0131 ve Birle\u015fmi\u015f Milletler Kalk\u0131nma Program\u0131\u2019n\u0131n g\u00fc\u00e7 birli\u011finde 2022 y\u0131l\u0131nda hayata ge\u00e7irdi\u011fimiz ve 3 y\u0131lda \u00f6nemli bir yol kat etti\u011fimiz Gelece\u011fini Kuran Gen\u00e7 Kad\u0131nlar projesi de gen\u00e7 kad\u0131nlar\u0131n ekonomik ve toplumsal hayata kat\u0131l\u0131m\u0131n\u0131 art\u0131rmay\u0131 hedefleyen \u00e7ok \u00f6nemli bir projemiz. Biz bu projeye ba\u015flarken y\u00fcr\u00fctt\u00fc\u011f\u00fcm\u00fcz saha ara\u015ft\u0131rmas\u0131nda ne e\u011fitimde ne istihdamda yer alan (NEET) gen\u00e7 kad\u0131nlar sorununun \u00fclkemizin b\u00fcy\u00fck meselelerinden biri oldu\u011funu g\u00f6rd\u00fck. Projeye ba\u015flad\u0131\u011f\u0131m\u0131z y\u0131l, \u00fclkemizde NEET kad\u0131n oran\u0131 y\u00fczde 50,5; say\u0131 ise 3.5 milyondu. Sabanc\u0131 Vakf\u0131\u2019ndaki saha tecr\u00fcbemizden hareketle bu sorun alan\u0131na mercek tutmak istedik. 2006 y\u0131l\u0131nda \u2018Birle\u015fmi\u015f Milletler Kad\u0131nlar\u0131n ve K\u0131z \u00c7ocuklar\u0131n\u0131n \u0130nsan Haklar\u0131n\u0131n Korunmas\u0131 ve Geli\u015ftirilmesi Ortak Program\u0131\u2019n\u0131 y\u00fcr\u00fctt\u00fc\u011f\u00fcm\u00fcz d\u00f6nemde \u00fclkemizin 17 farkl\u0131 noktas\u0131na ula\u015farak \u00e7ok k\u0131ymetli kazan\u0131mlar sa\u011flad\u0131k. Yerel d\u00fczeyde toplumsal cinsiyet e\u015fitli\u011finin sa\u011flanmas\u0131, kad\u0131nlar ve k\u0131z \u00e7ocuklar\u0131n\u0131n haklar\u0131n\u0131n g\u00fc\u00e7lendirilmesi amac\u0131n\u0131 ta\u015f\u0131yan bu program, toplamda 350 bin ki\u015fiye ula\u015ft\u0131. 10 y\u0131l s\u00fcren bu ba\u015far\u0131l\u0131 giri\u015fim sonucunda etkinin g\u00fcc\u00fcn\u00fc g\u00f6rd\u00fck. \u0130\u015fte biz bu y\u00fczden sahada olmay\u0131 \u00f6nemsiyor; yapt\u0131\u011f\u0131m\u0131z i\u015flerin hepsinde sahadan g\u00fc\u00e7 alarak kararl\u0131l\u0131kla ilerliyoruz.\u201d&nbsp;<\/p>\n\n\n\n<p><strong>\u201cEllerinizi her zaman en y\u00fckse\u011fe kald\u0131rmaktan korkmay\u0131n\u201d<\/strong><\/p>\n\n\n\n<p>G\u00fcler Sabanc\u0131, Gelece\u011fini Kuran Gen\u00e7 Kad\u0131nlar projesinin ba\u015far\u0131s\u0131n\u0131n, projeyi ne kadar \u00e7ok tan\u0131t\u0131p i\u015f d\u00fcnyas\u0131n\u0131 \u00f6\u011frenmeye ve \u00e7al\u0131\u015fmaya istekli kad\u0131nlarla bulu\u015fturabilmeye ba\u011fl\u0131 oldu\u011funu vurgulad\u0131. \u0130lk faz\u0131n cesaret verici ve ba\u015far\u0131l\u0131 sonu\u00e7lar ortaya koydu\u011funu belirterek, \u00fclke genelinde 6 bin kad\u0131n\u0131n \u201cBen de var\u0131m, buraday\u0131m\u201d diyerek bu s\u00fcrece dahil olmas\u0131n\u0131n kendisini \u00e7ok mutlu eden geli\u015fmelerden biri oldu\u011funu s\u00f6yledi. Ancak daha fazla kad\u0131n\u0131n kat\u0131l\u0131m\u0131na ihtiya\u00e7 duyuldu\u011funu ifade eden Sabanc\u0131, \u201cEllerinizi her zaman en y\u00fckse\u011fe kald\u0131rmaktan korkmay\u0131n\u201d diyerek T\u00fcrkiye\u2019nin bu alandaki OECD verilerine g\u00f6re en alt s\u0131ralarda yer almas\u0131n\u0131n \u00fclkemize yak\u0131\u015fmad\u0131\u011f\u0131n\u0131 dile getirdi. Bu durumu hep birlikte de\u011fi\u015ftirebilece\u011fimizi belirtirken, \u201cSadece istemek yetmez harekete ge\u00e7in, \u00e7al\u0131\u015fmay\u0131 sevin ve yapt\u0131\u011f\u0131n\u0131z i\u015fi sevin. Sizlerin ba\u015far\u0131s\u0131 di\u011fer kad\u0131nlara \u00f6rnek olacak, cesaret verecek.\u201d dedi.&nbsp;<\/p>\n\n\n\n<p>Gelece\u011fini Kuran Gen\u00e7 Kad\u0131nlar projesi arac\u0131l\u0131\u011f\u0131yla b\u00f6ylesine b\u00fcy\u00fck bir problemi g\u00fcndeme ta\u015f\u0131d\u0131klar\u0131n\u0131 ve sahada yeni deneyimler elde ettiklerinin alt\u0131n\u0131 \u00e7izen&nbsp;<strong>G\u00fcler Sabanc\u0131<\/strong>&nbsp;s\u00f6zlerini \u015f\u00f6yle s\u00fcrd\u00fcrd\u00fc: \u201cNe mutlu ki 3 y\u0131ll\u0131k ilk faz\u0131n\u0131 tamamlad\u0131\u011f\u0131m\u0131z projemiz sayesinde, \u00fclkemizin d\u00f6rt bir k\u00f6\u015fesinde 6 bine yak\u0131n NEET gen\u00e7 kad\u0131na ula\u015ft\u0131k. 800\u2019den fazla gen\u00e7 kad\u0131n i\u015f hayat\u0131na kat\u0131ld\u0131. \u0130zmir de projemizin pilot illerinden biriydi ve burada pek \u00e7ok farkl\u0131 alanda mesleki beceri e\u011fitimlerinin yan\u0131 s\u0131ra psikososyal destek ve g\u00fc\u00e7lenme e\u011fitimleri ger\u00e7ekle\u015ftirdik. Yerel y\u00f6netimler gibi etki ortaklar\u0131m\u0131z\u0131n rol\u00fc burada hi\u00e7 \u015f\u00fcphesiz ki projenin bug\u00fcnlere gelmesinde \u00e7ok k\u0131ymetliydi. \u0130lk ad\u0131m\u0131nda kapsaml\u0131 saha ara\u015ft\u0131rmalar\u0131yla NEET gen\u00e7 kad\u0131nlar\u0131n sorun ve ihtiya\u00e7lar\u0131na odaklanarak mesleki e\u011fitimler ve hak temelli g\u00fc\u00e7lenme e\u011fitimleri ile mentorluk ve hibe program\u0131, i\u015f, staj, e\u011fitim ve giri\u015fim deste\u011fi f\u0131rsatlar\u0131na kolay eri\u015fim sa\u011flayan F\u0131rsatlar Haritas\u0131 gibi pek \u00e7ok faaliyeti hayata ge\u00e7irdik. 50 y\u0131l\u0131 a\u015fk\u0131n bilgi birikimine sahip Vakf\u0131m\u0131zda, \u00f6n\u00fcm\u00fczdeki d\u00f6nemde daha fazla kad\u0131na ula\u015fmak ve onlar\u0131n hayatlar\u0131na dokunmak i\u00e7in \u00e7al\u0131\u015fmalar\u0131m\u0131za h\u0131z kesmeden devam edece\u011fiz.\u201d<\/p>\n","protected":false},"excerpt":{"rendered":"<p>Sabanc\u0131 Vakf\u0131 M\u00fctevelli Heyeti Ba\u015fkan\u0131 G\u00fcler Sabanc\u0131, 8 Mart D\u00fcnya Kad\u0131nlar G\u00fcn\u00fc dolay\u0131s\u0131yla \u201cGelece\u011fini Kuran Gen\u00e7 Kad\u0131nlar\u201d projesinin \u0130zmir\u2019de s\u00fcrd\u00fcr\u00fclen \u00e7al\u0131\u015fmalar\u0131 kapsam\u0131nda \u0130zmir B\u00fcy\u00fck\u015fehir Belediyesi Meslek Fabrikas\u0131\u2019nda gen\u00e7 kad\u0131nlarla bulu\u015ftu. Sabanc\u0131 Vakf\u0131 M\u00fctevelli Heyeti Ba\u015fkan\u0131 G\u00fcler Sabanc\u0131, \u201cGelece\u011fini Kuran Gen\u00e7 Kad\u0131nlar\u201d projesi kapsam\u0131nda \u0130zmir\u2019deki gen\u00e7 kad\u0131nlarla bir araya geldi. \u0130zmir B\u00fcy\u00fck\u015fehir Belediyesi\u2019nin meslek edindirme kurslar\u0131n\u0131n [&hellip;]<\/p>\n","protected":false},"author":2,"featured_media":40641,"comment_status":"closed","ping_status":"closed","sticky":false,"template":"","format":"standard","meta":{"footnotes":""},"categories":[3],"tags":[],"class_list":["post-40640","post","type-post","status-publish","format-standard","has-post-thumbnail","hentry","category-manset"],"views":1,"_links":{"self":[{"href":"https:\/\/mersinkadingazetesi.com\/index.php?rest_route=\/wp\/v2\/posts\/40640"}],"collection":[{"href":"https:\/\/mersinkadingazetesi.com\/index.php?rest_route=\/wp\/v2\/posts"}],"about":[{"href":"https:\/\/mersinkadingazetesi.com\/index.php?rest_route=\/wp\/v2\/types\/post"}],"author":[{"embeddable":true,"href":"https:\/\/mersinkadingazetesi.com\/index.php?rest_route=\/wp\/v2\/users\/2"}],"replies":[{"embeddable":true,"href":"https:\/\/mersinkadingazetesi.com\/index.php?rest_route=%2Fwp%2Fv2%2Fcomments&post=40640"}],"version-history":[{"count":1,"href":"https:\/\/mersinkadingazetesi.com\/index.php?rest_route=\/wp\/v2\/posts\/40640\/revisions"}],"predecessor-version":[{"id":40642,"href":"https:\/\/mersinkadingazetesi.com\/index.php?rest_route=\/wp\/v2\/posts\/40640\/revisions\/40642"}],"wp:featuredmedia":[{"embeddable":true,"href":"https:\/\/mersinkadingazetesi.com\/index.php?rest_route=\/wp\/v2\/media\/40641"}],"wp:attachment":[{"href":"https:\/\/mersinkadingazetesi.com\/index.php?rest_route=%2Fwp%2Fv2%2Fmedia&parent=40640"}],"wp:term":[{"taxonomy":"category","embeddable":true,"href":"https:\/\/mersinkadingazetesi.com\/index.php?rest_route=%2Fwp%2Fv2%2Fcategories&post=40640"},{"taxonomy":"post_tag","embeddable":true,"href":"https:\/\/mersinkadingazetesi.com\/index.php?rest_route=%2Fwp%2Fv2%2Ftags&post=40640"}],"curies":[{"name":"wp","href":"https:\/\/api.w.org\/{rel}","templated":true}]}}