{"id":40651,"date":"2025-03-12T11:29:01","date_gmt":"2025-03-12T08:29:01","guid":{"rendered":"https:\/\/mersinkadingazetesi.com\/?p=40651"},"modified":"2025-03-12T11:29:02","modified_gmt":"2025-03-12T08:29:02","slug":"sdg-ile-sam-anlasmasi-turkiyenin-hassasiyetlerini-karsiliyor","status":"publish","type":"post","link":"https:\/\/mersinkadingazetesi.com\/?p=40651","title":{"rendered":"SDG ile \u015eam anla\u015fmas\u0131 T\u00fcrkiye\u2019nin hassasiyetlerini kar\u015f\u0131l\u0131yor\u2028"},"content":{"rendered":"\n<p><strong>DEVA Partisi Genel Ba\u015fkan Yard\u0131mc\u0131s\u0131 ve Mersin Milletvekili Mehmet Emin Ekmen, kat\u0131lm\u0131\u015f oldu\u011fu programlarda, Ahmed e\u015f-\u015eera ile SDG komutan\u0131 Mazlum Abdi taraf\u0131ndan imzalanan anla\u015fma hakk\u0131nda a\u00e7\u0131klamalarda bulundu.<\/strong><\/p>\n\n\n\n<p>DEVA Partisi Genel Ba\u015fkan Yard\u0131mc\u0131s\u0131 ve Mersin Milletvekili Mehmet Emin Ekmen, kat\u0131lm\u0131\u015f oldu\u011fu programlarda Ahmed e\u015f-\u015eera ile SDG komutan\u0131 Mazlum Abdi taraf\u0131ndan imzalanan anla\u015fmay\u0131 de\u011ferlendirdi.<\/p>\n\n\n\n<p><strong>\u00c7er\u00e7eve anla\u015fma iyi bir ba\u015flang\u0131\u00e7<\/strong><\/p>\n\n\n\n<p>Ekmen, \u201cAnla\u015fman\u0131n imzalanmas\u0131 b\u00f6lgeyi yak\u0131ndan takip edenler i\u00e7in s\u00fcrpriz olmasa da zamanlama itibariyle \u015fa\u015f\u0131rt\u0131c\u0131 oldu. Uzun s\u00fcredir PYD ile \u015eam aras\u0131nda g\u00f6r\u00fc\u015fmeler vard\u0131. Mazlum Abdi \u015fimdiye kadar federasyon istemediklerini, s\u0131n\u0131r g\u00fcvenli\u011fini \u015eam&#8217;a devretmeye haz\u0131r olduklar\u0131n\u0131, devlet kurumlar\u0131n\u0131 b\u00f6lgede i\u015fler hale getirmeyi istediklerini ve yabanc\u0131 sava\u015f\u00e7\u0131lar\u0131 tasfiye etmeye haz\u0131r olduklar\u0131n\u0131 ifade etmi\u015fti. Suriye\u2019nin toprak b\u00fct\u00fcnl\u00fc\u011f\u00fcn\u00fc korumak, tek ordu olu\u015fturmak, do\u011fal kaynaklar\u0131n adil payla\u015f\u0131m\u0131n\u0131 sa\u011flamak gibi \u00f6nemli hususlar\u0131n bu anla\u015fmada yer almas\u0131 k\u0131ymetli. Bu 8 madde i\u00e7erisinde bizi biraz daha yak\u0131ndan ilgilendiren PKK&#8217;n\u0131n feshi s\u00fcrecinde g\u00fcndeme gelmesi beklenen yabanc\u0131 sava\u015f\u00e7\u0131larla ilgili bir madde bulunmuyor. Zannediyorum bu husus, T\u00fcrkiye&#8217;deki s\u00fcre\u00e7le ili\u015fkilendirilecek.\u201d a\u00e7\u0131klamalar\u0131nda bulundu.<\/p>\n\n\n\n<p><strong>Bu t\u00fcr anla\u015fmalar nihai bir anla\u015fma de\u011fil, bir ba\u015flang\u0131\u00e7t\u0131r<\/strong><\/p>\n\n\n\n<p>T\u00fcrkiye\u2019nin kayg\u0131lar\u0131n\u0131 de\u011ferlendiren Ekmen, \u201cT\u00fcrkiye PKK ile ili\u015fkili veya ili\u015fkisiz Suriye\u2019den tehdit unsuru olacak otonom silahl\u0131 bir g\u00fcce kar\u015f\u0131yd\u0131. Bu talebin anla\u015fma ile kar\u015f\u0131land\u0131\u011f\u0131 g\u00f6r\u00fcl\u00fcyor. Bu t\u00fcr anla\u015fmalar nihai bir anla\u015fma de\u011fil, bir ba\u015flang\u0131\u00e7t\u0131r. D\u00fcnya \u00f6rneklerine bakt\u0131\u011f\u0131m\u0131zda en az 3 y\u0131l, belki 5 y\u0131la varacak kadar bir anayasa yap\u0131m s\u00fcreciyle kar\u015f\u0131la\u015faca\u011f\u0131z ve geli\u015fmeleri s\u00fcrekli yak\u0131ndan takip etmemiz gerekecek. \u015eam otoritesinin me\u015fru, uluslararas\u0131 alanda kabul g\u00f6rm\u00fc\u015f bir devlete d\u00f6n\u00fc\u015f\u00fcm\u00fcyle birlikte devlet olman\u0131n gere\u011fini ve sorumluluklar\u0131n\u0131 s\u00fcrekli hat\u0131rlatmak gerekecek. Yeni Anayasa s\u00fcrecinde K\u00fcrt-Arap-T\u00fcrkmen, Nusayri-D\u00fcrzi-\u015eii-S\u00fcnni herkesin e\u015fit ve onurlu vatanda\u015f oldu\u011fu, y\u00f6netimden pay ald\u0131\u011f\u0131 bir devlet tasar\u0131m\u0131 ortaya konmal\u0131. S\u00fcre\u00e7te, Aleviler ve D\u00fcrziler a\u00e7\u0131s\u0131ndan ba\u015f\u0131 bozuk silahl\u0131 gruplar\u0131n kontrol alt\u0131na al\u0131nmas\u0131 ve T\u00fcrkiye ile g\u00fcvenli ve dostane ili\u015fkilerin korunmas\u0131 gibi hat\u0131rlatmalar\u0131n yap\u0131lmas\u0131 elzem olacak\u201d dedi.<\/p>\n\n\n\n<p><strong>Suriye K\u00fcrtleri ger\u00e7ek bir temsil dengesi ile \u015eam&#8217;a entegre olsun<\/strong><\/p>\n\n\n\n<p>A\u00e7\u0131klamalar\u0131nda Suriye ile T\u00fcrkiye&#8217;nin olas\u0131 ili\u015fkilerine de\u011finen Ekmen, &#8220;D\u00fcne kadar d\u00fc\u015fman kabul edilen Irak K\u00fcrdistan B\u00f6lgesel Y\u00f6netimi, bug\u00fcn T\u00fcrkiye&#8217;nin en b\u00fcy\u00fck ticari partneri. Oradaki en b\u00fcy\u00fck m\u00fcteahhitler, en b\u00fcy\u00fck i\u015fletmeler ve en b\u00fcy\u00fck markalar T\u00fcrk markalar\u0131. Bu durumun yar\u0131n Suriye i\u00e7in de ge\u00e7erli olmas\u0131n\u0131 istiyoruz. Suriye\u2019de de T\u00fcrkiye&#8217;nin kayg\u0131lar\u0131n\u0131, olas\u0131 ter\u00f6r risklerini ortadan kald\u0131ran bir yakla\u015f\u0131m\u0131n yan\u0131nda, Suriye K\u00fcrtleri\u2019ne dair t\u00fcm renklerin s\u00fcrece dahil edilmesi gerekir. 2011 y\u0131l\u0131nda Suriye\u2019de 13 K\u00fcrt partisi aktif bir \u015fekilde siyasi hayat i\u00e7erisindeydi. Bunlar\u0131n hepsini PYD kovdu ve etkisizle\u015ftirdi, ancak bu pek bilinmez. 2012&#8217;de Batman&#8217;a, Urfa&#8217;ya ve Diyarbak\u0131r&#8217;a ilk gelen Suriyeliler, PYD&#8217;nin kovdu\u011fu K\u00fcrtler&#8217;di. Bu insanlar geri d\u00f6ns\u00fcnler, oradaki siyasi hayata kat\u0131ls\u0131nlar. Bunlardan tutuklu olanlar sal\u0131verilsin. Yeni anayasa yap\u0131m s\u00fcrecindeki K\u00fcrt temsili sadece PYD&#8217;nin kontrol\u00fcnde de\u011fil, K\u00fcrt sosyolojisi ve siyasetini yans\u0131tan bir \u00e7o\u011fulculuk ve g\u00fc\u00e7te olmal\u0131. Suriye&#8217;deki b\u00f6lgesel y\u00f6netim PYD&#8217;nin hegemonyas\u0131 ile de\u011fil, K\u00fcrtlerin ger\u00e7ek temsil dengesi ile \u015eam&#8217;a entegre olsun. T\u00fcrkiye de Irak K\u00fcrt vatanda\u015flar\u0131yla ve b\u00f6lgesiyle kurdu\u011fu ili\u015fkiyi, Suriye K\u00fcrtleri ile de kursun. Umuyorum ki Suriye i\u00e7 bar\u0131\u015f\u0131 yeni bir anayasa ile kuvvetli bir \u015fekilde hayata ge\u00e7er ve T\u00fcrkiye, Suriye&#8217;nin b\u00fct\u00fcn b\u00f6lgeleri ile e\u015fit, dostane ili\u015fkiler kurar. Suriye\u2019nin yeniden in\u015fa s\u00fcrecinin en b\u00fcy\u00fck destek\u00e7isi olur&#8221; diyerek s\u00f6zlerini noktalad\u0131.<\/p>\n","protected":false},"excerpt":{"rendered":"<p>DEVA Partisi Genel Ba\u015fkan Yard\u0131mc\u0131s\u0131 ve Mersin Milletvekili Mehmet Emin Ekmen, kat\u0131lm\u0131\u015f oldu\u011fu programlarda, Ahmed e\u015f-\u015eera ile SDG komutan\u0131 Mazlum Abdi taraf\u0131ndan imzalanan anla\u015fma hakk\u0131nda a\u00e7\u0131klamalarda bulundu. DEVA Partisi Genel Ba\u015fkan Yard\u0131mc\u0131s\u0131 ve Mersin Milletvekili Mehmet Emin Ekmen, kat\u0131lm\u0131\u015f oldu\u011fu programlarda Ahmed e\u015f-\u015eera ile SDG komutan\u0131 Mazlum Abdi taraf\u0131ndan imzalanan anla\u015fmay\u0131 de\u011ferlendirdi. \u00c7er\u00e7eve anla\u015fma iyi [&hellip;]<\/p>\n","protected":false},"author":2,"featured_media":40339,"comment_status":"closed","ping_status":"closed","sticky":false,"template":"","format":"standard","meta":{"footnotes":""},"categories":[3],"tags":[],"class_list":["post-40651","post","type-post","status-publish","format-standard","has-post-thumbnail","hentry","category-manset"],"views":2,"_links":{"self":[{"href":"https:\/\/mersinkadingazetesi.com\/index.php?rest_route=\/wp\/v2\/posts\/40651"}],"collection":[{"href":"https:\/\/mersinkadingazetesi.com\/index.php?rest_route=\/wp\/v2\/posts"}],"about":[{"href":"https:\/\/mersinkadingazetesi.com\/index.php?rest_route=\/wp\/v2\/types\/post"}],"author":[{"embeddable":true,"href":"https:\/\/mersinkadingazetesi.com\/index.php?rest_route=\/wp\/v2\/users\/2"}],"replies":[{"embeddable":true,"href":"https:\/\/mersinkadingazetesi.com\/index.php?rest_route=%2Fwp%2Fv2%2Fcomments&post=40651"}],"version-history":[{"count":1,"href":"https:\/\/mersinkadingazetesi.com\/index.php?rest_route=\/wp\/v2\/posts\/40651\/revisions"}],"predecessor-version":[{"id":40652,"href":"https:\/\/mersinkadingazetesi.com\/index.php?rest_route=\/wp\/v2\/posts\/40651\/revisions\/40652"}],"wp:featuredmedia":[{"embeddable":true,"href":"https:\/\/mersinkadingazetesi.com\/index.php?rest_route=\/wp\/v2\/media\/40339"}],"wp:attachment":[{"href":"https:\/\/mersinkadingazetesi.com\/index.php?rest_route=%2Fwp%2Fv2%2Fmedia&parent=40651"}],"wp:term":[{"taxonomy":"category","embeddable":true,"href":"https:\/\/mersinkadingazetesi.com\/index.php?rest_route=%2Fwp%2Fv2%2Fcategories&post=40651"},{"taxonomy":"post_tag","embeddable":true,"href":"https:\/\/mersinkadingazetesi.com\/index.php?rest_route=%2Fwp%2Fv2%2Ftags&post=40651"}],"curies":[{"name":"wp","href":"https:\/\/api.w.org\/{rel}","templated":true}]}}