{"id":40672,"date":"2025-03-13T10:36:21","date_gmt":"2025-03-13T07:36:21","guid":{"rendered":"https:\/\/mersinkadingazetesi.com\/?p=40672"},"modified":"2025-03-13T10:36:21","modified_gmt":"2025-03-13T07:36:21","slug":"baskan-secer-mersin-mardinliler-derneginin-iftar-programina-katildi","status":"publish","type":"post","link":"https:\/\/mersinkadingazetesi.com\/?p=40672","title":{"rendered":"BA\u015eKAN SE\u00c7ER, MERS\u0130N MARD\u0130NL\u0130LER DERNE\u011e\u0130&#8217;N\u0130N \u0130FTAR PROGRAMINA KATILDI"},"content":{"rendered":"\n<p>Mersin B\u00fcy\u00fck\u015fehir Belediye Ba\u015fkan\u0131 Vahap Se\u00e7er, Mersin Mardinliler Yard\u0131mla\u015fma ve Dayan\u0131\u015fma Derne\u011fi (MAR\u0130DER) taraf\u0131ndan d\u00fczenlenen iftar program\u0131na kat\u0131l\u0131m sa\u011flad\u0131. Ba\u015fkan Se\u00e7er, Ramazan Ay\u0131&#8217;n\u0131n hay\u0131rl\u0131 olmas\u0131 dilekleri ile birlik ve beraberlik mesaj\u0131 verdi.<\/p>\n\n\n\n<p>Akdeniz \u0130l\u00e7esi&#8217;nde d\u00fczenlenen yeme\u011fe; Mersin B\u00fcy\u00fck\u015fehir Belediye Ba\u015fkan\u0131 Vahap Se\u00e7er, Mersin \u0130l Jandarma Komutan\u0131 Tu\u011fgeneral Ercan Atasoy, MAR\u0130DER Ba\u015fkan\u0131 \u015eehmus Ceylan, Mersin Sanayicileri ve \u0130\u015f \u0130nsanlar\u0131 Derne\u011fi (MES\u0130AD) Ba\u015fkan\u0131 Adnan G\u00fcndo\u011fdu, Meclis \u00fcyeleri, MAR\u0130DER dernek y\u00f6netimi, \u00fcyeler ve i\u015f insanlar\u0131 kat\u0131l\u0131m sa\u011flad\u0131.<\/p>\n\n\n\n<p><strong>Ba\u015fkan Se\u00e7er: &#8220;H<\/strong><strong>ep b\u00f6yle huzurlu, mutlu olal\u0131m&#8221;<\/strong><strong><\/strong><\/p>\n\n\n\n<p>Konu\u015fmas\u0131na&nbsp;<strong>&#8220;\u0130ftar\u0131n\u0131z kabul olsun, hay\u0131rl\u0131 Ramazanlar olsun&#8221;<\/strong>&nbsp;diyerek ba\u015flayan Se\u00e7er, Mersin&#8217;in T\u00fcrkiye&#8217;nin her k\u00f6\u015fesinden insanlar\u0131n huzur i\u00e7erisinde ya\u015fad\u0131\u011f\u0131 bir kent oldu\u011funu belirterek,&nbsp;<strong>&#8220;Mersin&#8217;de, bu g\u00fczel kentte, T\u00fcrkiye&#8217;nin her renginin karde\u015f\u00e7e, huzur, birlik ve mutluluk i\u00e7erisinde ya\u015fad\u0131\u011f\u0131 bu kentte sonsuza kadar birlik i\u00e7erisinde ya\u015fayal\u0131m. Hep b\u00f6yle huzurlu, mutlu olal\u0131m&#8221;<\/strong>&nbsp;diye konu\u015ftu.<\/p>\n\n\n\n<p>\u0130ftar\u0131n ard\u0131ndan, yemek duas\u0131 yap\u0131ld\u0131.<\/p>\n","protected":false},"excerpt":{"rendered":"<p>Mersin B\u00fcy\u00fck\u015fehir Belediye Ba\u015fkan\u0131 Vahap Se\u00e7er, Mersin Mardinliler Yard\u0131mla\u015fma ve Dayan\u0131\u015fma Derne\u011fi (MAR\u0130DER) taraf\u0131ndan d\u00fczenlenen iftar program\u0131na kat\u0131l\u0131m sa\u011flad\u0131. Ba\u015fkan Se\u00e7er, Ramazan Ay\u0131&#8217;n\u0131n hay\u0131rl\u0131 olmas\u0131 dilekleri ile birlik ve beraberlik mesaj\u0131 verdi. Akdeniz \u0130l\u00e7esi&#8217;nde d\u00fczenlenen yeme\u011fe; Mersin B\u00fcy\u00fck\u015fehir Belediye Ba\u015fkan\u0131 Vahap Se\u00e7er, Mersin \u0130l Jandarma Komutan\u0131 Tu\u011fgeneral Ercan Atasoy, MAR\u0130DER Ba\u015fkan\u0131 \u015eehmus Ceylan, Mersin Sanayicileri [&hellip;]<\/p>\n","protected":false},"author":2,"featured_media":40673,"comment_status":"closed","ping_status":"closed","sticky":false,"template":"","format":"standard","meta":{"footnotes":""},"categories":[3],"tags":[],"class_list":["post-40672","post","type-post","status-publish","format-standard","has-post-thumbnail","hentry","category-manset"],"views":7,"_links":{"self":[{"href":"https:\/\/mersinkadingazetesi.com\/index.php?rest_route=\/wp\/v2\/posts\/40672"}],"collection":[{"href":"https:\/\/mersinkadingazetesi.com\/index.php?rest_route=\/wp\/v2\/posts"}],"about":[{"href":"https:\/\/mersinkadingazetesi.com\/index.php?rest_route=\/wp\/v2\/types\/post"}],"author":[{"embeddable":true,"href":"https:\/\/mersinkadingazetesi.com\/index.php?rest_route=\/wp\/v2\/users\/2"}],"replies":[{"embeddable":true,"href":"https:\/\/mersinkadingazetesi.com\/index.php?rest_route=%2Fwp%2Fv2%2Fcomments&post=40672"}],"version-history":[{"count":1,"href":"https:\/\/mersinkadingazetesi.com\/index.php?rest_route=\/wp\/v2\/posts\/40672\/revisions"}],"predecessor-version":[{"id":40674,"href":"https:\/\/mersinkadingazetesi.com\/index.php?rest_route=\/wp\/v2\/posts\/40672\/revisions\/40674"}],"wp:featuredmedia":[{"embeddable":true,"href":"https:\/\/mersinkadingazetesi.com\/index.php?rest_route=\/wp\/v2\/media\/40673"}],"wp:attachment":[{"href":"https:\/\/mersinkadingazetesi.com\/index.php?rest_route=%2Fwp%2Fv2%2Fmedia&parent=40672"}],"wp:term":[{"taxonomy":"category","embeddable":true,"href":"https:\/\/mersinkadingazetesi.com\/index.php?rest_route=%2Fwp%2Fv2%2Fcategories&post=40672"},{"taxonomy":"post_tag","embeddable":true,"href":"https:\/\/mersinkadingazetesi.com\/index.php?rest_route=%2Fwp%2Fv2%2Ftags&post=40672"}],"curies":[{"name":"wp","href":"https:\/\/api.w.org\/{rel}","templated":true}]}}