{"id":42185,"date":"2025-05-02T10:13:06","date_gmt":"2025-05-02T07:13:06","guid":{"rendered":"https:\/\/mersinkadingazetesi.com\/?p=42185"},"modified":"2025-05-02T10:13:06","modified_gmt":"2025-05-02T07:13:06","slug":"tarsusta-1-mayis-coskusu-meydanlara-tasti","status":"publish","type":"post","link":"https:\/\/mersinkadingazetesi.com\/?p=42185","title":{"rendered":"TARSUS\u2019TA 1 MAYIS CO\u015eKUSU MEYDANLARA TA\u015eTI"},"content":{"rendered":"\n<p>Tarsus\u2019ta 1 May\u0131s Emek ve Dayan\u0131\u015fma G\u00fcn\u00fc, kortej y\u00fcr\u00fcy\u00fc\u015f\u00fc ve mitingle b\u00fcy\u00fck bir co\u015fku i\u00e7inde kutland\u0131. Tarsus Belediye Ba\u015fkan\u0131 Ali Bolta\u00e7, emek\u00e7ilerin yan\u0131nda yer alarak dayan\u0131\u015fma mesaj\u0131 verdi.<\/p>\n\n\n\n<p>Tarsus Emek ve Demokrasi Platformu \u00f6nc\u00fcl\u00fc\u011f\u00fcnde, sendikalar ve sivil toplum kurulu\u015flar\u0131n\u0131n katk\u0131s\u0131yla d\u00fczenlenen program kapsam\u0131nda Kleopatra Kap\u0131s\u0131 \u00f6n\u00fcnde toplanan kalabal\u0131k, Cumhuriyet Meydan\u0131\u2019na kadar sloganlar ve mar\u015flar e\u015fli\u011finde y\u00fcr\u00fcd\u00fc. Ba\u015fkan Ali Bolta\u00e7 korteje kat\u0131larak emek\u00e7ilerle omuz omuza y\u00fcr\u00fcd\u00fc, vatanda\u015flarla selamla\u015ft\u0131. Meydan\u0131 dolduran kalabal\u0131k, 1 May\u0131s\u2019\u0131n ruhuna uygun \u015fekilde birlik ve m\u00fccadele \u00e7a\u011fr\u0131s\u0131 yapt\u0131.<\/p>\n\n\n\n<p>Tarsus Belediye Ba\u015fkan\u0131 Ali Bolta\u00e7, 1 May\u0131s Emek ve Dayan\u0131\u015fma G\u00fcn\u00fc kapsam\u0131nda d\u00fczenlenen kutlamalarda yapt\u0131\u011f\u0131 konu\u015fmada, emek ve dayan\u0131\u015fman\u0131n \u00f6nemine vurgu yapt\u0131.<\/p>\n\n\n\n<p><strong>\u201cEMEK\u00c7\u0130N\u0130N YANINDA, DAYANI\u015eMANIN YANINDAYIZ\u2019\u2019<\/strong><\/p>\n\n\n\n<p><br>Tarsus halk\u0131na ve emek\u00e7ilere seslenen Ba\u015fkan Bolta\u00e7, \u201cMemleketimin \u00fcretken, \u00e7al\u0131\u015fkan insanlar\u0131 ho\u015f geldiniz, sefalar getirdiniz.\u201d diyerek kat\u0131l\u0131mc\u0131lar\u0131 selamlad\u0131.<\/p>\n\n\n\n<p><br><strong>BA\u015eKAN BOLTA\u00c7, \u201c\u00c7ALI\u015eANLARIMIZI ENFLASYONA EZD\u0130RMED\u0130K\u2019\u2019<\/strong><\/p>\n\n\n\n<p><br>Tarsus Belediyesi\u2019nin her zaman emek\u00e7inin yan\u0131nda oldu\u011funu vurgulayan Bolta\u00e7, \u201c\u00c7al\u0131\u015fanlar\u0131m\u0131z\u0131 enflasyona ezdirmedik, y\u00fczde 44 oran\u0131nda zam yaparak eme\u011fin hakk\u0131n\u0131 verdik. \u00c7\u00fcnk\u00fc inan\u0131yoruz ki, hakk\u0131n\u0131 alan emek\u00e7i memleketi i\u00e7in her t\u00fcrl\u00fc fedakarl\u0131\u011f\u0131 yapar.\u201d dedi.<br><br><strong>\u201cKARANLIK NE KADAR Z\u0130F\u0130R\u0130 OLURSA, AYDINLIK O KADAR YAKINDIR\u2019\u2019<\/strong><\/p>\n\n\n\n<p><br>Konu\u015fmas\u0131nda birlik, beraberlik ve dayan\u0131\u015fma mesaj\u0131 veren Ba\u015fkan Bolta\u00e7, \u201cBu makamda sizlerin deste\u011fiyle bulunuyorum. Birlikte, \u00f6tekile\u015ftirmeden, dayan\u0131\u015fma i\u00e7inde yol y\u00fcr\u00fcyece\u011fiz. Karanl\u0131k ne kadar zifiri olursa, ayd\u0131nl\u0131k da o kadar yak\u0131nd\u0131r.\u201d ifadelerini kulland\u0131.<br><br>T\u00fcrkiye Cumhuriyeti\u2019nin de\u011ferlerine ve Atat\u00fcrk\u2019\u00fcn miras\u0131na sahip \u00e7\u0131kacaklar\u0131n\u0131 belirten Ba\u015fkan Bolta\u00e7, \u201cUlu \u00d6nder Mustafa Kemal Atat\u00fcrk\u2019\u00fcn i\u015faret etti\u011fi muas\u0131r medeniyet seviyesine ula\u015fmak i\u00e7in durmadan \u00e7al\u0131\u015faca\u011f\u0131z.\u201d dedi.<\/p>\n\n\n\n<p><br><strong>BA\u015eKAN BOLTA\u00c7, \u201c1 MAYIS EMEK VE DAYANI\u015eMA G\u00dcN\u00dcM\u00dcZ KUTLU OLSUN\u2019\u2019<\/strong><br><br>Konu\u015fmas\u0131n\u0131n sonunda g\u00fcvenlik g\u00fc\u00e7lerine de te\u015fekk\u00fcr eden Bolta\u00e7, \u201cTarsus\u2019ta g\u00fcvenli\u011fimizi sa\u011flayan t\u00fcm kolluk kuvvetlerine te\u015fekk\u00fcr ediyorum. 1 May\u0131s Emek ve Dayan\u0131\u015fma G\u00fcn\u00fcm\u00fcz kutlu olsun. Allah birli\u011fimizi, beraberli\u011fimizi daim etsin. Her zaman hakl\u0131n\u0131n, emek\u00e7inin, i\u015f\u00e7inin yan\u0131nda olmaya devam edece\u011fim.\u201d dedi.<\/p>\n","protected":false},"excerpt":{"rendered":"<p>Tarsus\u2019ta 1 May\u0131s Emek ve Dayan\u0131\u015fma G\u00fcn\u00fc, kortej y\u00fcr\u00fcy\u00fc\u015f\u00fc ve mitingle b\u00fcy\u00fck bir co\u015fku i\u00e7inde kutland\u0131. Tarsus Belediye Ba\u015fkan\u0131 Ali Bolta\u00e7, emek\u00e7ilerin yan\u0131nda yer alarak dayan\u0131\u015fma mesaj\u0131 verdi. Tarsus Emek ve Demokrasi Platformu \u00f6nc\u00fcl\u00fc\u011f\u00fcnde, sendikalar ve sivil toplum kurulu\u015flar\u0131n\u0131n katk\u0131s\u0131yla d\u00fczenlenen program kapsam\u0131nda Kleopatra Kap\u0131s\u0131 \u00f6n\u00fcnde toplanan kalabal\u0131k, Cumhuriyet Meydan\u0131\u2019na kadar sloganlar ve mar\u015flar e\u015fli\u011finde [&hellip;]<\/p>\n","protected":false},"author":2,"featured_media":42186,"comment_status":"closed","ping_status":"closed","sticky":false,"template":"","format":"standard","meta":{"footnotes":""},"categories":[3],"tags":[],"class_list":["post-42185","post","type-post","status-publish","format-standard","has-post-thumbnail","hentry","category-manset"],"views":3,"_links":{"self":[{"href":"https:\/\/mersinkadingazetesi.com\/index.php?rest_route=\/wp\/v2\/posts\/42185"}],"collection":[{"href":"https:\/\/mersinkadingazetesi.com\/index.php?rest_route=\/wp\/v2\/posts"}],"about":[{"href":"https:\/\/mersinkadingazetesi.com\/index.php?rest_route=\/wp\/v2\/types\/post"}],"author":[{"embeddable":true,"href":"https:\/\/mersinkadingazetesi.com\/index.php?rest_route=\/wp\/v2\/users\/2"}],"replies":[{"embeddable":true,"href":"https:\/\/mersinkadingazetesi.com\/index.php?rest_route=%2Fwp%2Fv2%2Fcomments&post=42185"}],"version-history":[{"count":1,"href":"https:\/\/mersinkadingazetesi.com\/index.php?rest_route=\/wp\/v2\/posts\/42185\/revisions"}],"predecessor-version":[{"id":42187,"href":"https:\/\/mersinkadingazetesi.com\/index.php?rest_route=\/wp\/v2\/posts\/42185\/revisions\/42187"}],"wp:featuredmedia":[{"embeddable":true,"href":"https:\/\/mersinkadingazetesi.com\/index.php?rest_route=\/wp\/v2\/media\/42186"}],"wp:attachment":[{"href":"https:\/\/mersinkadingazetesi.com\/index.php?rest_route=%2Fwp%2Fv2%2Fmedia&parent=42185"}],"wp:term":[{"taxonomy":"category","embeddable":true,"href":"https:\/\/mersinkadingazetesi.com\/index.php?rest_route=%2Fwp%2Fv2%2Fcategories&post=42185"},{"taxonomy":"post_tag","embeddable":true,"href":"https:\/\/mersinkadingazetesi.com\/index.php?rest_route=%2Fwp%2Fv2%2Ftags&post=42185"}],"curies":[{"name":"wp","href":"https:\/\/api.w.org\/{rel}","templated":true}]}}