{"id":42191,"date":"2025-05-02T10:15:28","date_gmt":"2025-05-02T07:15:28","guid":{"rendered":"https:\/\/mersinkadingazetesi.com\/?p=42191"},"modified":"2025-05-02T10:16:25","modified_gmt":"2025-05-02T07:16:25","slug":"baskan-secer-1-mayis-kortejinde-emekcilerle-omuz-omuza-yurudu","status":"publish","type":"post","link":"https:\/\/mersinkadingazetesi.com\/?p=42191","title":{"rendered":"BA\u015eKAN SE\u00c7ER 1 MAYIS KORTEJ\u0130NDE EMEK\u00c7\u0130LERLE OMUZ OMUZA Y\u00dcR\u00dcD\u00dc"},"content":{"rendered":"\n<p>Mersin&#8217;de 1 May\u0131s Emek ve Dayan\u0131\u015fma G\u00fcn\u00fc kapsam\u0131nda, Yeni\u015fehir Miting Alan\u0131 \u00f6n\u00fcnden ba\u015flayan kortej y\u00fcr\u00fcy\u00fc\u015f\u00fc, mar\u015flar, sloganlar ve reng\u00e2renk pankartlarla co\u015fkulu bir \u015fekilde ger\u00e7ekle\u015fti. Mersin B\u00fcy\u00fck\u015fehir Belediye Ba\u015fkan\u0131 Vahap Se\u00e7er de kortejde yerini alarak, sendikalar, meslek \u00f6rg\u00fctleri, kad\u0131n dernekleri, siyasi partiler ve yurtta\u015flar ile birlik ve dayan\u0131\u015fma i\u00e7inde Cumhuriyet Meydan\u0131&#8217;na y\u00fcr\u00fcd\u00fc.<\/p>\n\n\n\n<p>Y\u00fcr\u00fcy\u00fc\u015fe Ba\u015fkan Se\u00e7er&#8217;in yan\u0131 s\u0131ra, Cumhuriyet Halk Partisi Mersin \u0130l Ba\u015fkan\u0131 Koral \u00d6m\u00fcr, CHP Mersin Milletvekilleri G\u00fclcan K\u0131\u015f ve Talat Din\u00e7er, Yeni\u015fehir Belediye Ba\u015fkan\u0131 Abdullah \u00d6zyi\u011fit, Mezitli Belediye Ba\u015fkan\u0131 Ahmet Serkan Tuncer, Toroslar Belediye Ba\u015fkan\u0131 Abdurrahman Y\u0131ld\u0131z, il\u00e7e ba\u015fkanlar\u0131, Meclis \u00fcyeleri ve parti y\u00f6neticileri kat\u0131ld\u0131.<\/p>\n\n\n\n<p>Kortejde,&nbsp;<strong><em>&#8216;\u0130\u015f\u00e7i dostu Vahap Se\u00e7er&#8217;<\/em><\/strong>,&nbsp;<strong><em>&#8216;Hak, hukuk, adalet&#8217;<\/em><\/strong>&nbsp;sloganlar\u0131 y\u00fckselirken, y\u00fcr\u00fcy\u00fc\u015f \u015fark\u0131lar ve mar\u015flar e\u015fli\u011finde Cumhuriyet Meydan\u0131&#8217;na kadar devam etti. \u00c7evredeki vatanda\u015flar, esnaflar ve evlerin balkonlar\u0131ndaki yurtta\u015flarda alk\u0131\u015flarla korteje destek verdi. Sahneye \u00e7\u0131kan E\u011fitim-Sen Erbane Grubu, vurmal\u0131 ritimleriyle meydandaki binlerce yurtta\u015f\u0131 co\u015fturdu. M\u00fczik ve sloganlar\u0131n i\u00e7 i\u00e7e ge\u00e7ti\u011fi anlarda, dayan\u0131\u015fma duygusu daha da g\u00fc\u00e7lendi. Her ya\u015ftan yurtta\u015f\u0131n bulu\u015ftu\u011fu meydanda halaylar \u00e7ekilirken, 1 May\u0131s co\u015fkusu H\u00fcseyin Turan konseriyle ta\u00e7land\u0131r\u0131ld\u0131.<\/p>\n\n\n\n<p><strong>Ba\u015fkan Se\u00e7er: &#8220;Bu h\u00fckumete itiraz\u0131m\u0131z var&#8221;<\/strong><\/p>\n\n\n\n<p>Kortej y\u00fcr\u00fcy\u00fc\u015f\u00fcnde bas\u0131n mensuplar\u0131na g\u00fcne dair de\u011ferlendirmede bulunan Se\u00e7er, s\u00f6zlerine 1 May\u0131s Emek ve Dayan\u0131\u015fma G\u00fcn\u00fc&#8217;n\u00fc kutlayarak ba\u015flad\u0131. Se\u00e7er,&nbsp;<strong>&#8220;Mersin&#8217;den sesimizi hep beraber y\u00fckseltece\u011fiz. Antidemokratik uygulamalara, adaletsizli\u011fe, \u00e7al\u0131\u015fma ve emek hayat\u0131ndaki sorunlara; hayat pahal\u0131l\u0131\u011f\u0131na, \u00e7ocuklar\u0131m\u0131z\u0131n gelece\u011fini yurt d\u0131\u015f\u0131nda arama durumuna d\u00fc\u015fmesine, vatanda\u015f\u0131m\u0131z\u0131n mutsuzlu\u011funa itiraz\u0131m\u0131z var, h\u00fclasa bu h\u00fckumete itiraz\u0131m\u0131z var&#8221;<\/strong>&nbsp;dedi.<\/p>\n\n\n\n<p><strong>&#8220;Mersin gibi T\u00fcrkiye&#8217;nin bir\u00e7ok \u00f6nemli kentinde yerel y\u00f6netimlerde s\u00f6z sahibiyiz&#8221;<\/strong><\/p>\n\n\n\n<p>Cumhuriyet Halk Partisi&#8217;nin \u00fclkenin ya\u015fad\u0131\u011f\u0131 t\u00fcm sorunlar\u0131n kar\u015f\u0131s\u0131nda dimdik duran en g\u00fc\u00e7l\u00fc siyasi yap\u0131 oldu\u011funu s\u00f6zlerine ekleyen Se\u00e7er,&nbsp;<strong>&#8220;Mersin gibi T\u00fcrkiye&#8217;nin bir\u00e7ok \u00f6nemli kentinde yerel y\u00f6netimlerde s\u00f6z sahibiyiz, belediyeleri y\u00f6netiyoruz. Binlerce insan buralarda, vatanda\u015flar\u0131n hizmetinde g\u00f6rev al\u0131yorlar. Asl\u0131nda biz y\u00f6netti\u011fimiz \u015fehirlerin en b\u00fcy\u00fck kamu i\u015fvereni durumunday\u0131z&#8221;<\/strong>&nbsp;diye konu\u015ftu.<\/p>\n\n\n\n<p><strong>&#8220;Emek\u00e7i karde\u015flerimize kar\u015f\u0131 adaletli olmak zorunday\u0131z&#8221;<\/strong><\/p>\n\n\n\n<p>Se\u00e7er, kamu kaynaklar\u0131n\u0131 da korumak zorunda olduklar\u0131n\u0131n alt\u0131n\u0131 \u00e7izerek,&nbsp;<strong>&#8220;Bu insanlar\u0131n maa\u015flar\u0131, vatanda\u015flar\u0131m\u0131z\u0131n vergilerinden bize aktar\u0131lan kaynaklarla \u00f6deniyor. Bu kadar hizmet yap\u0131yoruz. Hem hizmet etti\u011fimiz vatanda\u015fa kar\u015f\u0131 hem de vatanda\u015fa hizmet eden emek\u00e7i karde\u015flerimize kar\u015f\u0131 adaletli olmak zorunday\u0131z. Bunu da sa\u011flad\u0131\u011f\u0131m\u0131z\u0131 d\u00fc\u015f\u00fcn\u00fcyoruz. Her zaman i\u015f\u00e7iler, genelde patronlar\u0131na&nbsp;<em>&#8216;\u0130\u015f\u00e7i d\u00fc\u015fman\u0131&#8217;<\/em>&nbsp;diye slogan atar ama Mersin&#8217;de belediye ba\u015fkanlar\u0131m\u0131za&nbsp;<em>&#8216;\u0130\u015f\u00e7i dostu&#8217;<\/em>&nbsp;diye slogan at\u0131l\u0131yor. Bu da bunun g\u00f6stergesidir&#8221;&nbsp;<\/strong>ifadelerini kulland\u0131.<\/p>\n","protected":false},"excerpt":{"rendered":"<p>Mersin&#8217;de 1 May\u0131s Emek ve Dayan\u0131\u015fma G\u00fcn\u00fc kapsam\u0131nda, Yeni\u015fehir Miting Alan\u0131 \u00f6n\u00fcnden ba\u015flayan kortej y\u00fcr\u00fcy\u00fc\u015f\u00fc, mar\u015flar, sloganlar ve reng\u00e2renk pankartlarla co\u015fkulu bir \u015fekilde ger\u00e7ekle\u015fti. Mersin B\u00fcy\u00fck\u015fehir Belediye Ba\u015fkan\u0131 Vahap Se\u00e7er de kortejde yerini alarak, sendikalar, meslek \u00f6rg\u00fctleri, kad\u0131n dernekleri, siyasi partiler ve yurtta\u015flar ile birlik ve dayan\u0131\u015fma i\u00e7inde Cumhuriyet Meydan\u0131&#8217;na y\u00fcr\u00fcd\u00fc. Y\u00fcr\u00fcy\u00fc\u015fe Ba\u015fkan Se\u00e7er&#8217;in yan\u0131 [&hellip;]<\/p>\n","protected":false},"author":2,"featured_media":42193,"comment_status":"closed","ping_status":"closed","sticky":false,"template":"","format":"standard","meta":{"footnotes":""},"categories":[1],"tags":[],"class_list":["post-42191","post","type-post","status-publish","format-standard","has-post-thumbnail","hentry","category-genel"],"views":7,"_links":{"self":[{"href":"https:\/\/mersinkadingazetesi.com\/index.php?rest_route=\/wp\/v2\/posts\/42191"}],"collection":[{"href":"https:\/\/mersinkadingazetesi.com\/index.php?rest_route=\/wp\/v2\/posts"}],"about":[{"href":"https:\/\/mersinkadingazetesi.com\/index.php?rest_route=\/wp\/v2\/types\/post"}],"author":[{"embeddable":true,"href":"https:\/\/mersinkadingazetesi.com\/index.php?rest_route=\/wp\/v2\/users\/2"}],"replies":[{"embeddable":true,"href":"https:\/\/mersinkadingazetesi.com\/index.php?rest_route=%2Fwp%2Fv2%2Fcomments&post=42191"}],"version-history":[{"count":1,"href":"https:\/\/mersinkadingazetesi.com\/index.php?rest_route=\/wp\/v2\/posts\/42191\/revisions"}],"predecessor-version":[{"id":42192,"href":"https:\/\/mersinkadingazetesi.com\/index.php?rest_route=\/wp\/v2\/posts\/42191\/revisions\/42192"}],"wp:featuredmedia":[{"embeddable":true,"href":"https:\/\/mersinkadingazetesi.com\/index.php?rest_route=\/wp\/v2\/media\/42193"}],"wp:attachment":[{"href":"https:\/\/mersinkadingazetesi.com\/index.php?rest_route=%2Fwp%2Fv2%2Fmedia&parent=42191"}],"wp:term":[{"taxonomy":"category","embeddable":true,"href":"https:\/\/mersinkadingazetesi.com\/index.php?rest_route=%2Fwp%2Fv2%2Fcategories&post=42191"},{"taxonomy":"post_tag","embeddable":true,"href":"https:\/\/mersinkadingazetesi.com\/index.php?rest_route=%2Fwp%2Fv2%2Ftags&post=42191"}],"curies":[{"name":"wp","href":"https:\/\/api.w.org\/{rel}","templated":true}]}}