{"id":42194,"date":"2025-05-02T10:17:28","date_gmt":"2025-05-02T07:17:28","guid":{"rendered":"https:\/\/mersinkadingazetesi.com\/?p=42194"},"modified":"2025-05-02T10:17:29","modified_gmt":"2025-05-02T07:17:29","slug":"durmus-akdeniz-ogretmenler-korosu-konserine-katildi","status":"publish","type":"post","link":"https:\/\/mersinkadingazetesi.com\/?p=42194","title":{"rendered":"DURMU\u015e, AKDEN\u0130Z \u00d6\u011eRETMENLER KOROSU KONSER\u0130NE KATILDI\u00a0"},"content":{"rendered":"\n<p>\u0130l Mill\u00ee E\u011fitim M\u00fcd\u00fcr\u00fc Fazilet Durmu\u015f, Akdeniz \u0130l\u00e7e Mill\u00ee E\u011fitim M\u00fcd\u00fcrl\u00fc\u011f\u00fc taraf\u0131ndan hayata ge\u00e7irilen Akdeniz \u00d6\u011fretmenler Korosu konserine kat\u0131ld\u0131.<\/p>\n\n\n\n<p>Koro, T\u00fcrkiye Y\u00fczy\u0131l\u0131 Maarif Modeli \u00e7er\u00e7evesinde il\u00e7eye ba\u011fl\u0131 okullarda g\u00f6rev yapan 55 \u00f6\u011fretmenin kat\u0131l\u0131m\u0131yla kuruldu. \u015eef Barbaros K\u0131ro\u011flu y\u00f6netimindeki koro, m\u00fczi\u011fin birle\u015ftirici g\u00fcc\u00fcyle k\u00fclt\u00fcrel de\u011ferlerimizi yans\u0131tmak amac\u0131yla ilk konserini Mersin K\u00fclt\u00fcr Merkezi&#8217;nde ger\u00e7ekle\u015ftirdi. \u00d6\u011fretmenlerin \u00f6zveriyle haz\u0131rlad\u0131\u011f\u0131 konser, izleyicilerden tam not ald\u0131.\u0130l Mill\u00ee E\u011fitim M\u00fcd\u00fcr\u00fc Fazilet Durmu\u015f: &#8220;Meslekta\u015flar\u0131m\u0131n g\u00fczel sesleriyle terenn\u00fcm etti\u011fi kadim na\u011fmelerimiz bizleri duyguland\u0131rd\u0131. Her alanda mesle\u011finin yan\u0131 s\u0131ra yetenekleriyle de gurur kayna\u011f\u0131m\u0131z olan meslekta\u015flar\u0131m\u0131 tebrik ediyorum.&#8221; dedi.<\/p>\n\n\n\n<p><a href=\"https:\/\/mersin.meb.gov.tr\/meb_iys_dosyalar\/2025_05\/01135009_whatsappimage20250501at10.46.01.jpg\" target=\"_blank\" rel=\"noreferrer noopener\"><\/a><\/p>\n","protected":false},"excerpt":{"rendered":"<p>\u0130l Mill\u00ee E\u011fitim M\u00fcd\u00fcr\u00fc Fazilet Durmu\u015f, Akdeniz \u0130l\u00e7e Mill\u00ee E\u011fitim M\u00fcd\u00fcrl\u00fc\u011f\u00fc taraf\u0131ndan hayata ge\u00e7irilen Akdeniz \u00d6\u011fretmenler Korosu konserine kat\u0131ld\u0131. Koro, T\u00fcrkiye Y\u00fczy\u0131l\u0131 Maarif Modeli \u00e7er\u00e7evesinde il\u00e7eye ba\u011fl\u0131 okullarda g\u00f6rev yapan 55 \u00f6\u011fretmenin kat\u0131l\u0131m\u0131yla kuruldu. \u015eef Barbaros K\u0131ro\u011flu y\u00f6netimindeki koro, m\u00fczi\u011fin birle\u015ftirici g\u00fcc\u00fcyle k\u00fclt\u00fcrel de\u011ferlerimizi yans\u0131tmak amac\u0131yla ilk konserini Mersin K\u00fclt\u00fcr Merkezi&#8217;nde ger\u00e7ekle\u015ftirdi. \u00d6\u011fretmenlerin \u00f6zveriyle haz\u0131rlad\u0131\u011f\u0131 [&hellip;]<\/p>\n","protected":false},"author":2,"featured_media":42195,"comment_status":"closed","ping_status":"closed","sticky":false,"template":"","format":"standard","meta":{"footnotes":""},"categories":[3],"tags":[],"class_list":["post-42194","post","type-post","status-publish","format-standard","has-post-thumbnail","hentry","category-manset"],"views":3,"_links":{"self":[{"href":"https:\/\/mersinkadingazetesi.com\/index.php?rest_route=\/wp\/v2\/posts\/42194"}],"collection":[{"href":"https:\/\/mersinkadingazetesi.com\/index.php?rest_route=\/wp\/v2\/posts"}],"about":[{"href":"https:\/\/mersinkadingazetesi.com\/index.php?rest_route=\/wp\/v2\/types\/post"}],"author":[{"embeddable":true,"href":"https:\/\/mersinkadingazetesi.com\/index.php?rest_route=\/wp\/v2\/users\/2"}],"replies":[{"embeddable":true,"href":"https:\/\/mersinkadingazetesi.com\/index.php?rest_route=%2Fwp%2Fv2%2Fcomments&post=42194"}],"version-history":[{"count":1,"href":"https:\/\/mersinkadingazetesi.com\/index.php?rest_route=\/wp\/v2\/posts\/42194\/revisions"}],"predecessor-version":[{"id":42196,"href":"https:\/\/mersinkadingazetesi.com\/index.php?rest_route=\/wp\/v2\/posts\/42194\/revisions\/42196"}],"wp:featuredmedia":[{"embeddable":true,"href":"https:\/\/mersinkadingazetesi.com\/index.php?rest_route=\/wp\/v2\/media\/42195"}],"wp:attachment":[{"href":"https:\/\/mersinkadingazetesi.com\/index.php?rest_route=%2Fwp%2Fv2%2Fmedia&parent=42194"}],"wp:term":[{"taxonomy":"category","embeddable":true,"href":"https:\/\/mersinkadingazetesi.com\/index.php?rest_route=%2Fwp%2Fv2%2Fcategories&post=42194"},{"taxonomy":"post_tag","embeddable":true,"href":"https:\/\/mersinkadingazetesi.com\/index.php?rest_route=%2Fwp%2Fv2%2Ftags&post=42194"}],"curies":[{"name":"wp","href":"https:\/\/api.w.org\/{rel}","templated":true}]}}