{"id":42200,"date":"2025-05-02T11:38:28","date_gmt":"2025-05-02T08:38:28","guid":{"rendered":"https:\/\/mersinkadingazetesi.com\/?p=42200"},"modified":"2025-05-02T11:38:30","modified_gmt":"2025-05-02T08:38:30","slug":"baskan-abdullah-ozyigit-1-mayista-emekcilerle-yurudu","status":"publish","type":"post","link":"https:\/\/mersinkadingazetesi.com\/?p=42200","title":{"rendered":"Ba\u015fkan Abdullah \u00d6zyi\u011fit, 1 May\u0131s\u2019ta emek\u00e7ilerle y\u00fcr\u00fcd\u00fc"},"content":{"rendered":"\n<p>Yeni\u015fehir Belediye Ba\u015fkan\u0131 Abdullah \u00d6zyi\u011fit, 1 May\u0131s Emek ve Dayan\u0131\u015fma G\u00fcn\u00fc\u2019nden &nbsp;Mersin Emek ve Demokrasi Platformu taraf\u0131ndan d\u00fczenlenen programa kat\u0131ld\u0131. Emek\u00e7ilerle birlikte Cumhuriyet Alan\u0131\u2019na y\u00fcr\u00fcyen Ba\u015fkan \u00d6zyi\u011fit, \u201c1 May\u0131s eme\u011fin, al\u0131n terinin ve dayan\u0131\u015fman\u0131n g\u00fcr sesle hayk\u0131r\u0131ld\u0131\u011f\u0131 g\u00fcnd\u00fcr. Emek kutsald\u0131r ve eme\u011fin kar\u015f\u0131l\u0131\u011f\u0131n\u0131n vermek de g\u00f6revdir. Bu \u00fclke i\u00e7in sonuna kadar bir ad\u0131m geri atmadan m\u00fccadele etmeye devam edece\u011fiz. Ya\u015fas\u0131n 1 May\u0131s.\u201d dedi.<\/p>\n\n\n\n<p>1 May\u0131s Emek ve Dayan\u0131\u015fma G\u00fcn\u00fc kapsam\u0131nda Yeni\u015fehir Miting Alan\u0131\u2019nda bir araya gelen sendikalar, siyasi partiler ve sivil toplum kurulu\u015flar\u0131 kortej halinde Cumhuriyet Alan\u0131\u2019na y\u00fcr\u00fcd\u00fc. Binlerce ki\u015finin kat\u0131ld\u0131\u011f\u0131 y\u00fcr\u00fcy\u00fc\u015f, co\u015fkulu sloganlar ve dayan\u0131\u015fma mesajlar\u0131 e\u015fli\u011finde ger\u00e7ekle\u015fti. Yeni\u015fehir Belediye Ba\u015fkan\u0131 Abdullah \u00d6zyi\u011fit de Cumhuriyet Halk Partisi kortejinde emek\u00e7ilerle birlikte y\u00fcr\u00fcd\u00fc.<\/p>\n\n\n\n<p>\u201c<strong>Hak, hukuk ve adaletin eksiksiz uyguland\u0131\u011f\u0131 bir \u00fclkede ya\u015famak istiyoruz.\u201d<\/strong><\/p>\n\n\n\n<p>Toplumsal bar\u0131\u015f\u0131n ve refah\u0131n ancak i\u015f\u00e7ilerin emeklerinin kar\u015f\u0131l\u0131\u011f\u0131n\u0131 almas\u0131yla m\u00fcmk\u00fcn olaca\u011f\u0131n\u0131 vurgulayan Ba\u015fkan \u00d6zyi\u011fit, <strong>\u201cT\u00fcm emek\u00e7ilerin 1 May\u0131s bayram\u0131n\u0131 kutluyorum. Biz \u00fclkemizde e\u015fit bir bi\u00e7imde adaletli bir payla\u015f\u0131mla ya\u015famay\u0131 \u00f6n g\u00f6r\u00fcyoruz. Ben belediye ba\u015fkan\u0131y\u0131m ve i\u015fveren konumunday\u0131m. T\u00fcm gayretimizle adaletli bir \u015fekilde elimizdeki b\u00fct\u00e7eyi emek\u00e7ilerimize payla\u015f\u0131yoruz. Emek en y\u00fcce de\u011ferdir. \u0130nsanlar eme\u011finin kar\u015f\u0131l\u0131\u011f\u0131n\u0131 ald\u0131\u011f\u0131 anda bir altyap\u0131 kurulur. Bu altyap\u0131 \u00fczerinde mutlu bir \u00fclke olu\u015fur. Dolay\u0131s\u0131yla emek kutsald\u0131r, eme\u011fin kar\u015f\u0131l\u0131\u011f\u0131n\u0131 vermek de g\u00f6revdir. Hak, hukuk ve adaletin eksiksiz uyguland\u0131\u011f\u0131 bir \u00fclkede ya\u015famak istiyoruz. Bu \u00fclke i\u00e7in sonuna kadar, bir ad\u0131m geri atmadan m\u00fccadele etmeye devam edece\u011fiz. Ya\u015fas\u0131n 1 May\u0131s\u201d <\/strong>ifadelerini kulland\u0131. &nbsp;1 May\u0131s Emek ve Dayan\u0131\u015fma G\u00fcn\u00fc program\u0131 Cumhuriyet Alan\u0131\u2019nda d\u00fczenlenen H\u00fcseyin Turan konseri ile sona erdi.<\/p>\n","protected":false},"excerpt":{"rendered":"<p>Yeni\u015fehir Belediye Ba\u015fkan\u0131 Abdullah \u00d6zyi\u011fit, 1 May\u0131s Emek ve Dayan\u0131\u015fma G\u00fcn\u00fc\u2019nden &nbsp;Mersin Emek ve Demokrasi Platformu taraf\u0131ndan d\u00fczenlenen programa kat\u0131ld\u0131. Emek\u00e7ilerle birlikte Cumhuriyet Alan\u0131\u2019na y\u00fcr\u00fcyen Ba\u015fkan \u00d6zyi\u011fit, \u201c1 May\u0131s eme\u011fin, al\u0131n terinin ve dayan\u0131\u015fman\u0131n g\u00fcr sesle hayk\u0131r\u0131ld\u0131\u011f\u0131 g\u00fcnd\u00fcr. Emek kutsald\u0131r ve eme\u011fin kar\u015f\u0131l\u0131\u011f\u0131n\u0131n vermek de g\u00f6revdir. Bu \u00fclke i\u00e7in sonuna kadar bir ad\u0131m geri atmadan [&hellip;]<\/p>\n","protected":false},"author":2,"featured_media":42201,"comment_status":"closed","ping_status":"closed","sticky":false,"template":"","format":"standard","meta":{"footnotes":""},"categories":[3],"tags":[],"class_list":["post-42200","post","type-post","status-publish","format-standard","has-post-thumbnail","hentry","category-manset"],"views":3,"_links":{"self":[{"href":"https:\/\/mersinkadingazetesi.com\/index.php?rest_route=\/wp\/v2\/posts\/42200"}],"collection":[{"href":"https:\/\/mersinkadingazetesi.com\/index.php?rest_route=\/wp\/v2\/posts"}],"about":[{"href":"https:\/\/mersinkadingazetesi.com\/index.php?rest_route=\/wp\/v2\/types\/post"}],"author":[{"embeddable":true,"href":"https:\/\/mersinkadingazetesi.com\/index.php?rest_route=\/wp\/v2\/users\/2"}],"replies":[{"embeddable":true,"href":"https:\/\/mersinkadingazetesi.com\/index.php?rest_route=%2Fwp%2Fv2%2Fcomments&post=42200"}],"version-history":[{"count":1,"href":"https:\/\/mersinkadingazetesi.com\/index.php?rest_route=\/wp\/v2\/posts\/42200\/revisions"}],"predecessor-version":[{"id":42202,"href":"https:\/\/mersinkadingazetesi.com\/index.php?rest_route=\/wp\/v2\/posts\/42200\/revisions\/42202"}],"wp:featuredmedia":[{"embeddable":true,"href":"https:\/\/mersinkadingazetesi.com\/index.php?rest_route=\/wp\/v2\/media\/42201"}],"wp:attachment":[{"href":"https:\/\/mersinkadingazetesi.com\/index.php?rest_route=%2Fwp%2Fv2%2Fmedia&parent=42200"}],"wp:term":[{"taxonomy":"category","embeddable":true,"href":"https:\/\/mersinkadingazetesi.com\/index.php?rest_route=%2Fwp%2Fv2%2Fcategories&post=42200"},{"taxonomy":"post_tag","embeddable":true,"href":"https:\/\/mersinkadingazetesi.com\/index.php?rest_route=%2Fwp%2Fv2%2Ftags&post=42200"}],"curies":[{"name":"wp","href":"https:\/\/api.w.org\/{rel}","templated":true}]}}