{"id":42204,"date":"2025-05-02T15:25:27","date_gmt":"2025-05-02T12:25:27","guid":{"rendered":"https:\/\/mersinkadingazetesi.com\/?p=42204"},"modified":"2025-05-02T15:25:27","modified_gmt":"2025-05-02T12:25:27","slug":"ekmen-siyasetin-iki-kutba-sikistirilmasi-demokrasiye-de-ulkeye-de-zarar-veriyor","status":"publish","type":"post","link":"https:\/\/mersinkadingazetesi.com\/?p=42204","title":{"rendered":"Ekmen: Siyasetin iki kutba s\u0131k\u0131\u015ft\u0131r\u0131lmas\u0131 demokrasiye de \u00fclkeye de zarar veriyor\u00a0"},"content":{"rendered":"\n<figure class=\"wp-block-table\"><table class=\"has-fixed-layout\"><tbody><tr><td><strong>DEVA Partisi Genel Ba\u015fkan Yard\u0131mc\u0131s\u0131 ve Mersin Milletvekili Mehmet Emin Ekmen, TV5 kanal\u0131nda O\u011fuz \u0130lgi\u00e7\u2019e konu\u015ftu. Cumhurba\u015fkan\u0131 Recep Tayyip Erdo\u011fan\u2019\u0131n partisinin grup toplant\u0131s\u0131nda CHP ele\u015ftirileri hakk\u0131nda konu\u015fan Ekmen, \u201cSay\u0131n Cumhurba\u015fkan\u0131, uzun s\u00fcredir siyaseti iki eksen \u00fczerinden \u015fekillendirmeye \u00e7al\u0131\u015f\u0131yor: AK Parti ve Cumhuriyet Halk Partisi, oysa sosyolojimiz buna s\u0131k\u0131\u015ft\u0131r\u0131lamaz\u201d a\u00e7\u0131klamas\u0131nda bulundu.<\/strong><strong>&nbsp;<\/strong>DEVA Partisi Genel Ba\u015fkan Yard\u0131mc\u0131s\u0131 ve Mersin Milletvekili Mehmet Emin Ekmen, TV5 kanal\u0131nda O\u011fuz \u0130lgi\u00e7\u2019e konu\u015ftu.&nbsp;&nbsp;<strong>Siyaset iki parti aras\u0131na s\u0131k\u0131\u015ft\u0131r\u0131lamaz<\/strong>Ekmen, \u201cSay\u0131n Erdo\u011fan, uzun s\u00fcredir T\u00fcrkiye siyasetini iki ana eksene s\u0131k\u0131\u015ft\u0131rmaya \u00e7al\u0131\u015fmaktad\u0131r: AK Parti ve Cumhuriyet Halk Partisi. Bu politika, toplumun geni\u015f kesimlerini temsil eden farkl\u0131 siyasi partilerin ve olu\u015fumlar\u0131n g\u00f6r\u00fcn\u00fcrl\u00fc\u011f\u00fcn\u00fc bilin\u00e7li olarak s\u0131n\u0131rlamaktad\u0131r. 22 y\u0131l\u0131 a\u015fk\u0131n s\u00fcredir devam eden bu siyasi strateji, Cumhurba\u015fkan\u0131 Erdo\u011fan\u2019\u0131n se\u00e7men tercihlerini \u2018Recep Tayyip Erdo\u011fan m\u0131, CHP\u2019nin aday\u0131 m\u0131?\u2019 ikilemine s\u0131k\u0131\u015ft\u0131rma \u00e7abas\u0131na dayanmaktad\u0131r. Erdo\u011fan, bu y\u00f6ntemin kendisine her zaman en az %40\u2019l\u0131k bir se\u00e7men deste\u011fi sa\u011flayaca\u011f\u0131n\u0131 ve ittifaklarla da bu oran\u0131 %51\u2019e \u00e7\u0131karabilece\u011fini d\u00fc\u015f\u00fcnmektedir. Nitekim bu stratejinin ge\u00e7mi\u015f se\u00e7imlerde i\u015fe yarad\u0131\u011f\u0131 g\u00f6rd\u00fck. \u00d6zellikle genel se\u00e7imlerde, se\u00e7menin belirli bir k\u0131sm\u0131 \u2018CHP mi, Recep Tayyip Erdo\u011fan m\u0131?\u2019 ikilemine s\u0131k\u0131\u015ft\u0131\u011f\u0131nda t\u00fcm itirazlar\u0131na ve ele\u015ftirilerine ra\u011fmen tercihini Erdo\u011fan\u2019dan yana kullanabiliyor\u201d a\u00e7\u0131klamas\u0131nda bulundu.&nbsp;<strong>Yeni Yol Grubu g\u00f6r\u00fcnmez k\u0131l\u0131nmak isteniyor<\/strong>Grup Ba\u015fkanvekili oldu\u011fu Yeni Yol Grubu hakk\u0131nda konu\u015fan Ekmen, \u201cSay\u0131n Erdo\u011fan, Yeni Yol Grubu\u2019nun genel ba\u015fkanlar\u0131 Say\u0131n Mahmut Ar\u0131kan, Say\u0131n Ahmet Davuto\u011flu ve Say\u0131n Ali Babacan\u2019\u0131n kamuoyunda g\u00f6r\u00fcn\u00fcr olmamas\u0131 i\u00e7in b\u00fcy\u00fck bir \u00e7aba sarf ediyor. Bu liderlerin d\u00fc\u015f\u00fcnceleri, ele\u015ftirileri ve \u00f6nerilerinin toplumda g\u00fcndeme gelmemesi i\u00e7in tart\u0131\u015fmalar\u0131 s\u00fcrekli olarak AK Parti ve CHP aras\u0131na s\u0131k\u0131\u015ft\u0131r\u0131yor, yersiz ve gereksiz polemikler arac\u0131l\u0131\u011f\u0131yla siyaseti bu iki eksen aras\u0131nda kilitlemek olu\u015fturuyor\u201d dedi.&nbsp;<strong>Vatanda\u015f\u0131n esas g\u00fcndemi unutturuluyor<\/strong>Di\u011fer yandan polemiklerin toplumun ger\u00e7ek g\u00fcndemini de karartt\u0131\u011f\u0131n\u0131 belirten Ekmen, \u201cBir\u00e7ok konuda \u00e7ok ciddi problemlerimiz var. Emeklinin maa\u015f\u0131 kiras\u0131na yetmiyor, emekli sa\u011fl\u0131kl\u0131 beslenemiyor ve yak\u0131nlar\u0131yla sosyalle\u015femiyor. Asgari \u00fccretli, \u00e7ocuklar\u0131n\u0131n sa\u011fl\u0131kl\u0131 beslenme ihtiyac\u0131n\u0131 kar\u015f\u0131layam\u0131yor. T\u00dc\u0130K verilerine g\u00f6re bir\u00e7ok eve d\u00fczenli olarak et, meyve ve sebze girmiyor. Zirai don felaketinden sonra \u00e7ift\u00e7ilere gereken destek&nbsp;h\u00e2l\u00e2&nbsp;verilmi\u015f de\u011fil. Bir\u00e7ok et ve tar\u0131msal \u00fcretimde ithalat\u0131n \u00f6n\u00fc a\u00e7\u0131l\u0131yor. Bayram geliyor \u00fcniversite \u00f6\u011frencileri aileleriyle bayram\u0131 ge\u00e7irmek i\u00e7in bilet paras\u0131n\u0131 dahi denkle\u015ftiremiyor. Suriye\u2019de yeni bir d\u00fczen kuruluyor ancak i\u00e7 kamuoyu bunu \u00e7ok k\u0131s\u0131tl\u0131 ba\u015fl\u0131klarla izliyor. Gazze\u2019de soyk\u0131r\u0131m\u0131 devam ediyor ve soyk\u0131r\u0131ma silah ta\u015f\u0131yan gemiler T\u00fcrkiye\u2019deki limanlara u\u011frayarak \u0130srail\u2019e ula\u015f\u0131yor. Erdo\u011fan yaratt\u0131\u011f\u0131 polemiklerle bu ve benzeri bir\u00e7ok ger\u00e7ek g\u00fcndemin de \u00fcst\u00fcn\u00fc \u00f6rt\u00fcyor\u201d ifadelerini kulland\u0131.<\/td><\/tr><\/tbody><\/table><\/figure>\n","protected":false},"excerpt":{"rendered":"<p>DEVA Partisi Genel Ba\u015fkan Yard\u0131mc\u0131s\u0131 ve Mersin Milletvekili Mehmet Emin Ekmen, TV5 kanal\u0131nda O\u011fuz \u0130lgi\u00e7\u2019e konu\u015ftu. Cumhurba\u015fkan\u0131 Recep Tayyip Erdo\u011fan\u2019\u0131n partisinin grup toplant\u0131s\u0131nda CHP ele\u015ftirileri hakk\u0131nda konu\u015fan Ekmen, \u201cSay\u0131n Cumhurba\u015fkan\u0131, uzun s\u00fcredir siyaseti iki eksen \u00fczerinden \u015fekillendirmeye \u00e7al\u0131\u015f\u0131yor: AK Parti ve Cumhuriyet Halk Partisi, oysa sosyolojimiz buna s\u0131k\u0131\u015ft\u0131r\u0131lamaz\u201d a\u00e7\u0131klamas\u0131nda bulundu.&nbsp;DEVA Partisi Genel Ba\u015fkan Yard\u0131mc\u0131s\u0131 ve [&hellip;]<\/p>\n","protected":false},"author":2,"featured_media":42205,"comment_status":"closed","ping_status":"closed","sticky":false,"template":"","format":"standard","meta":{"footnotes":""},"categories":[3],"tags":[],"class_list":["post-42204","post","type-post","status-publish","format-standard","has-post-thumbnail","hentry","category-manset"],"views":2,"_links":{"self":[{"href":"https:\/\/mersinkadingazetesi.com\/index.php?rest_route=\/wp\/v2\/posts\/42204"}],"collection":[{"href":"https:\/\/mersinkadingazetesi.com\/index.php?rest_route=\/wp\/v2\/posts"}],"about":[{"href":"https:\/\/mersinkadingazetesi.com\/index.php?rest_route=\/wp\/v2\/types\/post"}],"author":[{"embeddable":true,"href":"https:\/\/mersinkadingazetesi.com\/index.php?rest_route=\/wp\/v2\/users\/2"}],"replies":[{"embeddable":true,"href":"https:\/\/mersinkadingazetesi.com\/index.php?rest_route=%2Fwp%2Fv2%2Fcomments&post=42204"}],"version-history":[{"count":1,"href":"https:\/\/mersinkadingazetesi.com\/index.php?rest_route=\/wp\/v2\/posts\/42204\/revisions"}],"predecessor-version":[{"id":42206,"href":"https:\/\/mersinkadingazetesi.com\/index.php?rest_route=\/wp\/v2\/posts\/42204\/revisions\/42206"}],"wp:featuredmedia":[{"embeddable":true,"href":"https:\/\/mersinkadingazetesi.com\/index.php?rest_route=\/wp\/v2\/media\/42205"}],"wp:attachment":[{"href":"https:\/\/mersinkadingazetesi.com\/index.php?rest_route=%2Fwp%2Fv2%2Fmedia&parent=42204"}],"wp:term":[{"taxonomy":"category","embeddable":true,"href":"https:\/\/mersinkadingazetesi.com\/index.php?rest_route=%2Fwp%2Fv2%2Fcategories&post=42204"},{"taxonomy":"post_tag","embeddable":true,"href":"https:\/\/mersinkadingazetesi.com\/index.php?rest_route=%2Fwp%2Fv2%2Ftags&post=42204"}],"curies":[{"name":"wp","href":"https:\/\/api.w.org\/{rel}","templated":true}]}}