{"id":42207,"date":"2025-05-02T15:26:30","date_gmt":"2025-05-02T12:26:30","guid":{"rendered":"https:\/\/mersinkadingazetesi.com\/?p=42207"},"modified":"2025-05-02T15:26:31","modified_gmt":"2025-05-02T12:26:31","slug":"mersin-devlet-opera-ve-balesinden-minik-yorumculardan-buyuk-konser","status":"publish","type":"post","link":"https:\/\/mersinkadingazetesi.com\/?p=42207","title":{"rendered":"\u201cMersin Devlet Opera ve Balesi\u2019nden Minik Yorumculardan B\u00fcy\u00fck Konser\u201d"},"content":{"rendered":"\n<p>Mersin Devlet Opera ve Balesi (MDOB), gelece\u011fin sanat\u00e7\u0131lar\u0131n\u0131 sahneye ta\u015f\u0131yan \u00f6zel bir konsere haz\u0131rlan\u0131yor. 6 May\u0131s 2025 Sal\u0131 g\u00fcn\u00fc saat 20.00\u2019de, Mersin Opera Binas\u0131\u2019n\u0131n \u015eeref Salonu, \u00e7ocuk seslerinin b\u00fcy\u00fcs\u00fcyle yank\u0131lanacak.<\/p>\n\n\n\n<p>MDOB b\u00fcnyesinde \u00e7al\u0131\u015fmalar\u0131n\u0131 s\u00fcrd\u00fcren \u00c7ocuk Korosu, m\u00fczik yolculuklar\u0131n\u0131n bu \u00f6zel dura\u011f\u0131nda seyirciyle bulu\u015fuyor. Konserde, klasik m\u00fczikten \u00e7a\u011fda\u015f eserlere uzanan zengin bir repertuvar seslendirilecek.<\/p>\n\n\n\n<p>Koro, sanat\u0131n e\u011fitici ve birle\u015ftirici g\u00fcc\u00fcne inanan \u015fef Reyhan BEZD\u00dcZ y\u00f6netiminde sahne alacak. Gen\u00e7 m\u00fczisyenlere sahnede, piyanist Rufina Usmanova ustal\u0131\u011f\u0131yla e\u015flik edecek.<\/p>\n\n\n\n<p>Bu \u00f6zel konser, \u00e7ocuklar\u0131n \u00e7ok sesli m\u00fczikle tan\u0131\u015ft\u0131\u011f\u0131 ve sahne deneyimi kazand\u0131\u011f\u0131, ayn\u0131 zamanda dinleyicilere ilham veren duygusal bir sanat bulu\u015fmas\u0131 niteli\u011fi ta\u015f\u0131yor. Aileler, sanatseverler ve klasik m\u00fczi\u011fe g\u00f6n\u00fcl veren herkes, minik yeteneklerin b\u00fcy\u00fck yorumlar\u0131n\u0131 dinlemek \u00fczere bu konserde bulu\u015facaklar.<\/p>\n","protected":false},"excerpt":{"rendered":"<p>Mersin Devlet Opera ve Balesi (MDOB), gelece\u011fin sanat\u00e7\u0131lar\u0131n\u0131 sahneye ta\u015f\u0131yan \u00f6zel bir konsere haz\u0131rlan\u0131yor. 6 May\u0131s 2025 Sal\u0131 g\u00fcn\u00fc saat 20.00\u2019de, Mersin Opera Binas\u0131\u2019n\u0131n \u015eeref Salonu, \u00e7ocuk seslerinin b\u00fcy\u00fcs\u00fcyle yank\u0131lanacak. MDOB b\u00fcnyesinde \u00e7al\u0131\u015fmalar\u0131n\u0131 s\u00fcrd\u00fcren \u00c7ocuk Korosu, m\u00fczik yolculuklar\u0131n\u0131n bu \u00f6zel dura\u011f\u0131nda seyirciyle bulu\u015fuyor. Konserde, klasik m\u00fczikten \u00e7a\u011fda\u015f eserlere uzanan zengin bir repertuvar seslendirilecek. Koro, sanat\u0131n [&hellip;]<\/p>\n","protected":false},"author":2,"featured_media":42208,"comment_status":"closed","ping_status":"closed","sticky":false,"template":"","format":"standard","meta":{"footnotes":""},"categories":[3],"tags":[],"class_list":["post-42207","post","type-post","status-publish","format-standard","has-post-thumbnail","hentry","category-manset"],"views":2,"_links":{"self":[{"href":"https:\/\/mersinkadingazetesi.com\/index.php?rest_route=\/wp\/v2\/posts\/42207"}],"collection":[{"href":"https:\/\/mersinkadingazetesi.com\/index.php?rest_route=\/wp\/v2\/posts"}],"about":[{"href":"https:\/\/mersinkadingazetesi.com\/index.php?rest_route=\/wp\/v2\/types\/post"}],"author":[{"embeddable":true,"href":"https:\/\/mersinkadingazetesi.com\/index.php?rest_route=\/wp\/v2\/users\/2"}],"replies":[{"embeddable":true,"href":"https:\/\/mersinkadingazetesi.com\/index.php?rest_route=%2Fwp%2Fv2%2Fcomments&post=42207"}],"version-history":[{"count":1,"href":"https:\/\/mersinkadingazetesi.com\/index.php?rest_route=\/wp\/v2\/posts\/42207\/revisions"}],"predecessor-version":[{"id":42209,"href":"https:\/\/mersinkadingazetesi.com\/index.php?rest_route=\/wp\/v2\/posts\/42207\/revisions\/42209"}],"wp:featuredmedia":[{"embeddable":true,"href":"https:\/\/mersinkadingazetesi.com\/index.php?rest_route=\/wp\/v2\/media\/42208"}],"wp:attachment":[{"href":"https:\/\/mersinkadingazetesi.com\/index.php?rest_route=%2Fwp%2Fv2%2Fmedia&parent=42207"}],"wp:term":[{"taxonomy":"category","embeddable":true,"href":"https:\/\/mersinkadingazetesi.com\/index.php?rest_route=%2Fwp%2Fv2%2Fcategories&post=42207"},{"taxonomy":"post_tag","embeddable":true,"href":"https:\/\/mersinkadingazetesi.com\/index.php?rest_route=%2Fwp%2Fv2%2Ftags&post=42207"}],"curies":[{"name":"wp","href":"https:\/\/api.w.org\/{rel}","templated":true}]}}