{"id":42214,"date":"2025-05-02T16:36:51","date_gmt":"2025-05-02T13:36:51","guid":{"rendered":"https:\/\/mersinkadingazetesi.com\/?p=42214"},"modified":"2025-05-02T16:36:52","modified_gmt":"2025-05-02T13:36:52","slug":"mayis-ayi-olagan-meclis-toplantisi-gerceklestirildi","status":"publish","type":"post","link":"https:\/\/mersinkadingazetesi.com\/?p=42214","title":{"rendered":"MAYIS AYI OLA\u011eAN MECL\u0130S TOPLANTISI GER\u00c7EKLE\u015eT\u0130R\u0130LD\u0130"},"content":{"rendered":"\n<p>Tarsus Belediyesi&#8217;nin &nbsp;May\u0131s Ay\u0131 Ola\u011fan Meclis Toplant\u0131s\u0131 ger\u00e7ekle\u015ftirildi. Toplant\u0131da, Tarsus\u2019un kazand\u0131\u011f\u0131 uluslararas\u0131 prestije sahip \u201cGolden Apple\u201d (Alt\u0131n Elma) \u00f6d\u00fcl\u00fc, d\u00fczenlenecek Karakucak G\u00fcre\u015fleri ve kent g\u00fcndemini yak\u0131ndan ilgilendiren bir\u00e7ok \u00f6nemli konu ele al\u0131nd\u0131. Ba\u015fkan Ali Bolta\u00e7 Tarsus\u2019u fabrika ayarlar\u0131na getirece\u011fini belirtti.<\/p>\n\n\n\n<p>Tarsus Belediyesi May\u0131s Ay\u0131 Ola\u011fan Meclis Toplant\u0131s\u0131\u2019n\u0131n 1. Birle\u015fimi Tarsus Belediye Ba\u015fkan\u0131 Ali Bolta\u00e7 ba\u015fkanl\u0131\u011f\u0131nda ger\u00e7ekle\u015ftirildi. Belediye m\u00fcd\u00fcrl\u00fcklerinden ve komisyondan gelen evraklar g\u00f6r\u00fc\u015f\u00fcld\u00fc. \u0130htisas komisyonlar\u0131 \u00fcye se\u00e7imi ile divan katipli\u011fine \u00fcye se\u00e7imi yap\u0131ld\u0131. G\u00fcndemdeki bir\u00e7ok \u00f6nemli madde g\u00f6r\u00fc\u015f\u00fclerek karara ba\u011fland\u0131.&nbsp;<\/p>\n\n\n\n<p><strong>TARSUS \u0130LE PALAZZOLO ACRE\u0130DE ARASINDA KARDE\u015e \u015eEH\u0130R PROTOKOL\u00dc KABUL ED\u0130LD\u0130<\/strong><\/p>\n\n\n\n<p>Tarsus Belediyesi Meclisi\u2019nde, \u0130talya&#8217;n\u0131n Palazzolo Acreide Belediyesi ile karde\u015f \u015fehir ili\u015fkisi kurulmas\u0131n\u0131 oy birli\u011fiyle kabul edildi. Yap\u0131lan bu i\u015f birli\u011fi ile Tarsus esnaf\u0131 ve vatanda\u015flar\u0131 i\u00e7in ekonomik ve sosyal anlamda fayda sa\u011flanmas\u0131 ama\u00e7lan\u0131yor.<\/p>\n\n\n\n<p>Hafta sonu yap\u0131lacak olan Karakucak G\u00fcre\u015fleri\u2019ne davet eden Ba\u015fkan Bolta\u00e7 \u201cGeleneksel \u201cH\u0131d\u0131rellez Molla Kerim Karakucak G\u00fcre\u015fleri\u201d, 4 May\u0131s Pazar g\u00fcn\u00fc Atat\u00fcrk G\u00f6steri Merkezi\u2019nde ba\u015fl\u0131yor. Ata sporumuzun heyecan\u0131n\u0131 birlikte ya\u015fayaca\u011f\u0131m\u0131z etkinli\u011fimize t\u00fcm halk\u0131m\u0131z\u0131 davet ediyorum. Bu co\u015fkuyu birlikte ya\u015fayal\u0131m.\u201d dedi.<\/p>\n\n\n\n<p><strong>M\u0130THATPA\u015eA MAHALLES\u0130&#8217;NDE \u00c7\u00d6P SAAT\u0130 UYGULAMASI BA\u015eLIYOR<\/strong><\/p>\n\n\n\n<p>Tarsus Belediyesi, \u00e7evresel temizlik ve sa\u011fl\u0131kl\u0131 ya\u015fam alanlar\u0131 olu\u015fturmak amac\u0131yla Mithatpa\u015fa Mahallesi&#8217;ni pilot b\u00f6lge ilan etti. Yaz aylar\u0131nda artmas\u0131 muhtemel k\u00f6t\u00fc kokular\u0131n ve trafik yo\u011funlu\u011funun \u00f6nlenmesi i\u00e7in 20.00-22.00 saatleri aras\u0131nda \u00e7\u00f6p b\u0131rakma uygulamas\u0131 ba\u015flat\u0131ld\u0131. Uygulama, ya\u015fam alanlar\u0131n\u0131n s\u00fcrd\u00fcr\u00fclebilirli\u011fini sa\u011flamak ve \u00e7evre kirlili\u011fini \u00f6nlemek amac\u0131yla hayata ge\u00e7irildi. Karar oy birli\u011fiyle kabul edilirken, \u00e7\u00f6p b\u0131rakma saatleri konusunda komisyon \u00fcyeleri taraf\u0131ndan tekrar de\u011ferlendirme yap\u0131lacak.<\/p>\n\n\n\n<p><strong>\u201cBU \u00d6D\u00dcL KENT\u0130M\u0130ZE M\u0130LYONLARCA TUR\u0130ST\u0130 GET\u0130RECEK\u201d<\/strong><\/p>\n\n\n\n<p>Alt\u0131n Elma \u00f6d\u00fcl\u00fcne ili\u015fkin de\u011ferlendirmede bulunan Ba\u015fkan Ali Bolta\u00e7, \u201cTurizmin Oscar\u2019\u0131 olarak bilinen Golden Apple (Alt\u0131n Elma) \u00f6d\u00fcl\u00fc, FIJET taraf\u0131ndan 10 bin y\u0131ll\u0131k kadim kentimiz Tarsus\u2019a lay\u0131k g\u00f6r\u00fcld\u00fc. Ge\u00e7ti\u011fimiz hafta da \u00f6d\u00fcl t\u00f6renimizi ger\u00e7ekle\u015ftirdik. Bu \u00f6nemli \u00f6d\u00fcl, Tarsus\u2019a milyonlarca turistin gelmesini sa\u011flayacak.&#8221; dedi.<\/p>\n\n\n\n<p>Tarsus\u2019un \u00fc\u00e7 semavi din i\u00e7in de kutsal kabul edilen nadir \u015fehirlerden biri oldu\u011funu vurgulayan Bolta\u00e7, \u201cEski ile yeni aras\u0131ndaki en b\u00fcy\u00fck fark art\u0131k turistlerin Tarsus\u2019u sadece ziyaret edip ge\u00e7ece\u011fi bir yer de\u011fil, konaklayacaklar\u0131 bir turizm destinasyonu olarak g\u00f6rmeye ba\u015flayacak olmalar\u0131d\u0131r. Bu da kentimiz i\u00e7in en b\u00fcy\u00fck kazan\u0131mlardan biri olacak. \u0130nsanlar art\u0131k Tarsus\u2019a gelip birka\u00e7 g\u00fcn kalarak hem \u015fehrimizi daha yak\u0131ndan tan\u0131yacak, hem de yerel ekonomimize katk\u0131 sa\u011flayacak.\u201d ifadelerini kulland\u0131.<\/p>\n\n\n\n<p><strong>\u201cTARSUS\u2019U FABR\u0130KA AYARLARINA GER\u0130 D\u00d6ND\u00dcRECE\u011e\u0130Z\u201d<\/strong><\/p>\n\n\n\n<p>Tarsus\u2019un tarihsel ve stratejik \u00f6nemine de\u011finen Ba\u015fkan Ali Bolta\u00e7, \u201cTarsus\u2019un iki temel unsuru var, Tar\u0131m ve sanayi. Bu iki unsurla kenti yeniden canland\u0131rarak adeta fabrika ayarlar\u0131na geri d\u00f6nd\u00fcrece\u011fiz.\u201d dedi. Yeni organize sanayi b\u00f6lgesinin kurulmas\u0131yla birlikte istihdam\u0131n art\u0131\u011f\u0131n\u0131 vurgulayan Bolta\u00e7, ge\u00e7mi\u015fe dair bir temennide de bulunarak, \u201cKe\u015fke bu kentte 50 y\u0131l \u00f6nce belediye ba\u015fkan\u0131 olsayd\u0131m, yap\u0131la\u015fma konusunda bu kadar ruhsat verilmesine izin vermezdim. Tarsus\u2019un tarihi dokusunu ortaya \u00e7\u0131karmaya \u00e7al\u0131\u015f\u0131rd\u0131m. Ama \u015funa seviniyorum; kent merkezimiz korunmu\u015f. Yanl\u0131\u015f\u0131 d\u00fczeltmek zordur ama yeniden in\u015fa etmek daha kolay olacak. T\u00fcrkiye\u2019nin ambar\u0131 Tarsus Ovas\u0131\u2019d\u0131r. Ben kendimi mikro milliyet\u00e7i olarak tan\u0131mlar\u0131m, \u00c7ukurova demem, Tarsus Ovas\u0131 derim. Bu topraklara d\u00f6rt elle sar\u0131lmam\u0131z gerekiyor.\u201d \u015feklinde konu\u015ftu.<\/p>\n\n\n\n<p><strong>&nbsp;\u201cBU \u00d6D\u00dcLE BENDEN SONRAK\u0130 NES\u0130LLER\u0130N DE D\u00d6RT ELLE SAH\u0130P \u00c7IKMASINI \u0130ST\u0130YORUM\u201d<\/strong><\/p>\n\n\n\n<p>Alt\u0131n Elma \u00f6d\u00fcl\u00fcn\u00fcn \u00e7ok de\u011ferli oldu\u011funu vurgulayan Ba\u015fkan Ali Bolta\u00e7, \u201cBen bug\u00fcn var\u0131m yar\u0131n yokum. Yar\u0131n\u0131m\u0131z\u0131n ne olaca\u011f\u0131n\u0131 garantisi yok. Ama bir bu kentin evlad\u0131 olarak buradan tarihe not d\u00fc\u015fmek istiyorum. Bu \u00f6d\u00fcle benden sonraki nesillerin de d\u00f6rt elle sahip \u00e7\u0131kmas\u0131n\u0131 istiyorum. Yak\u0131nda Polonya ile do\u011frudan u\u00e7u\u015flar\u0131m\u0131z ba\u015flayacak. Avrupa\u2019n\u0131n farkl\u0131 noktalar\u0131ndan direkt destinasyon ba\u011flant\u0131lar\u0131n\u0131n kurulmas\u0131, yurt d\u0131\u015f\u0131ndaki vatanda\u015flar\u0131m\u0131z\u0131n ve turistlerin Tarsus\u2019a ula\u015fmas\u0131n\u0131 kolayla\u015ft\u0131racak. Bu f\u0131rsat\u0131n de\u011ferini bilmeli, kentimizin turizm potansiyeline sahip \u00e7\u0131kmal\u0131y\u0131z. Tarsus Belediyesi olarak biz \u00fcst\u00fcm\u00fcze d\u00fc\u015fen sorumlulu\u011fu yerine getiriyoruz ama bu i\u015fte eme\u011fi olan b\u00fct\u00fcn herkese te\u015fekk\u00fcr ediyorum. Bu i\u015f ger\u00e7ekten kentimizi sosyal&nbsp; anlamda uluslararas\u0131 d\u00fczeyde tan\u0131t\u0131m\u0131nda \u00e7ok \u00f6nemli. Avrupa\u2019da ve \u00fclkemizde y\u00fczlerce dergide Tarsus\u2018ta yer verildi. Ben \u00fczerime d\u00fc\u015feni yap\u0131yorum. Biz d\u00f6rt elle bu \u00f6d\u00fcl\u00fc sar\u0131laca\u011f\u0131z.\u201d diye ifade etti.<\/p>\n\n\n\n<p><strong>\u201c\u00c7ALI\u015eMA ARKADA\u015eLARIMIZI EZD\u0130RMEMEK ADINA Y\u00dcZDE 44 ORANINDA ZAM YAPTIK\u201d<\/strong><\/p>\n\n\n\n<p>1 May\u0131s Emek ve Dayan\u0131\u015fma G\u00fcn\u00fcn\u00fc kutlayan Ba\u015fkan Bolta\u00e7, &#8221;Emek; Bir toplumun refah\u0131n\u0131, adaletini ve gelece\u011fini in\u015fa eden en \u00f6nemli de\u011ferdir. D\u00fcn, hep birlikte ger\u00e7ekle\u015ftirdi\u011fimiz g\u00fczel organizasyonla bu anlaml\u0131 g\u00fcn\u00fc co\u015fkuyla kutlad\u0131k. Enflasyonun zorluklar\u0131na ra\u011fmen, \u00e7al\u0131\u015fma arkada\u015flar\u0131m\u0131z\u0131 ezdirmemek ad\u0131na y\u00fczde 44 oran\u0131nda zam yaparak eme\u011fin hakk\u0131n\u0131 vermeye gayret ettik. Al\u0131n teri d\u00f6ken t\u00fcm \u00e7al\u0131\u015fma arkada\u015flar\u0131m\u0131n emeklerine sayg\u0131 duyuyorum. Sa\u011fl\u0131k, mutluluk ve ba\u015far\u0131 dolu nice g\u00fcnler diliyorum.&#8221; ifadelerini kulland\u0131.<\/p>\n\n\n\n<p><strong>\u201cDAHA YA\u015eANILAB\u0130L\u0130R B\u0130R KENT \u0130\u00c7\u0130N \u00c7ALI\u015eIYORUZ\u201d<\/strong><\/p>\n\n\n\n<p>\u0130lk yard\u0131m haftas\u0131 kapsam\u0131nda konu\u015fan Ba\u015fkan Bolta\u00e7, &#8221;Trafikte sab\u0131rla kurallara uyarak hareket etmek ve hayat kurtaran ilk m\u00fcdahaleyi \u00f6\u011frenmek, hepimizin sorumlulu\u011fudur. Tarsus Belediyesi olarak, yaya ge\u00e7itlerinde ve yollar\u0131m\u0131zda can g\u00fcvenli\u011fi art\u0131racak \u00f6nlemler alarak daha ya\u015fan\u0131labilir bir kent i\u00e7in \u00e7al\u0131\u015f\u0131yoruz. Unutmayal\u0131m ki k\u00fc\u00e7\u00fck bir dikkat, b\u00fcy\u00fck bir hayat kurtar\u0131r.&#8221; dedi. Ard\u0131ndan \u0130lk yard\u0131m haftas\u0131 kapsam\u0131nda, \u0130l\u00e7e Sa\u011fl\u0131k M\u00fcd\u00fcrl\u00fc\u011f\u00fc ile birlikte \u00e7al\u0131\u015fma ortam\u0131 olu\u015fturarak, ilk yard\u0131mda m\u00fcdahalenin nas\u0131l yap\u0131laca\u011f\u0131na dair e\u011fitimler verilmesini sa\u011flarsak, bu haftay\u0131 \u00e7ok daha anlaml\u0131 hale getirebilece\u011finden bahsetti.<\/p>\n\n\n\n<p>11 May\u0131s Anneler g\u00fcn\u00fcn\u00fc kutlayan Ba\u015fkan Bolta\u00e7, &#8221;Hayat\u0131m\u0131za y\u00f6n veren, sevgileriyle bizleri b\u00fcy\u00fcten t\u00fcm annelerimizin Anneler G\u00fcn\u00fc\u2019n\u00fc kutluyor; ba\u015fta \u015fehit anneleri olmak \u00fczere, t\u00fcm annelere sa\u011fl\u0131k, huzur ve mutluluk diliyorum.&#8221; ifadelerini kulland\u0131<\/p>\n\n\n\n<p><strong>\u201c19 MAYIS ATAT\u00dcRK\u2019\u00dc ANMA, GEN\u00c7L\u0130K VE SPOR BAYRAMIMIZI KUTLUYORUM\u201d<\/strong><\/p>\n\n\n\n<p>Dilek ve temenniler b\u00f6l\u00fcm\u00fcnde konu\u015fmalar\u0131nda Gen\u00e7lik ve Spor Bayram\u0131n\u0131 da kutlayan Ba\u015fkan Bolta\u00e7, &#8221;19 May\u0131s 1919, milletimizin ba\u011f\u0131ms\u0131zl\u0131k yolculu\u011funun ba\u015flang\u0131c\u0131d\u0131r. Gazi Mustafa Kemal Atat\u00fcrk\u2019\u00fcn gen\u00e7li\u011fe emanet etti\u011fi bu anlaml\u0131 g\u00fcn, gelece\u011fe olan inanc\u0131m\u0131z\u0131n simgesidir. Tarsus Belediyesi olarak gen\u00e7lerimizin yan\u0131nda olarak, sporun ve k\u00fclt\u00fcr\u00fcn i\u00e7inde yer ald\u0131\u011f\u0131 bir ya\u015fam\u0131 birlikte kurmak i\u00e7in \u00e7al\u0131\u015f\u0131yoruz. 19 May\u0131s Atat\u00fcrk\u2019\u00fc Anma, Gen\u00e7lik ve Spor Bayram\u0131m\u0131z\u0131 kutluyorum. Bu vesileyle Ba\u015fta Gazi Mustafa Kemal Atat\u00fcrk ve silah arkada\u015flar\u0131 olmak \u00fczere vatan\u0131m\u0131z u\u011fruna canlar\u0131n\u0131 feda eden t\u00fcm \u015fehitlerimizi rahmetle an\u0131yorum.&#8221; dedi<\/p>\n","protected":false},"excerpt":{"rendered":"<p>Tarsus Belediyesi&#8217;nin &nbsp;May\u0131s Ay\u0131 Ola\u011fan Meclis Toplant\u0131s\u0131 ger\u00e7ekle\u015ftirildi. Toplant\u0131da, Tarsus\u2019un kazand\u0131\u011f\u0131 uluslararas\u0131 prestije sahip \u201cGolden Apple\u201d (Alt\u0131n Elma) \u00f6d\u00fcl\u00fc, d\u00fczenlenecek Karakucak G\u00fcre\u015fleri ve kent g\u00fcndemini yak\u0131ndan ilgilendiren bir\u00e7ok \u00f6nemli konu ele al\u0131nd\u0131. Ba\u015fkan Ali Bolta\u00e7 Tarsus\u2019u fabrika ayarlar\u0131na getirece\u011fini belirtti. Tarsus Belediyesi May\u0131s Ay\u0131 Ola\u011fan Meclis Toplant\u0131s\u0131\u2019n\u0131n 1. Birle\u015fimi Tarsus Belediye Ba\u015fkan\u0131 Ali Bolta\u00e7 ba\u015fkanl\u0131\u011f\u0131nda [&hellip;]<\/p>\n","protected":false},"author":2,"featured_media":42215,"comment_status":"closed","ping_status":"closed","sticky":false,"template":"","format":"standard","meta":{"footnotes":""},"categories":[3],"tags":[],"class_list":["post-42214","post","type-post","status-publish","format-standard","has-post-thumbnail","hentry","category-manset"],"views":3,"_links":{"self":[{"href":"https:\/\/mersinkadingazetesi.com\/index.php?rest_route=\/wp\/v2\/posts\/42214"}],"collection":[{"href":"https:\/\/mersinkadingazetesi.com\/index.php?rest_route=\/wp\/v2\/posts"}],"about":[{"href":"https:\/\/mersinkadingazetesi.com\/index.php?rest_route=\/wp\/v2\/types\/post"}],"author":[{"embeddable":true,"href":"https:\/\/mersinkadingazetesi.com\/index.php?rest_route=\/wp\/v2\/users\/2"}],"replies":[{"embeddable":true,"href":"https:\/\/mersinkadingazetesi.com\/index.php?rest_route=%2Fwp%2Fv2%2Fcomments&post=42214"}],"version-history":[{"count":1,"href":"https:\/\/mersinkadingazetesi.com\/index.php?rest_route=\/wp\/v2\/posts\/42214\/revisions"}],"predecessor-version":[{"id":42216,"href":"https:\/\/mersinkadingazetesi.com\/index.php?rest_route=\/wp\/v2\/posts\/42214\/revisions\/42216"}],"wp:featuredmedia":[{"embeddable":true,"href":"https:\/\/mersinkadingazetesi.com\/index.php?rest_route=\/wp\/v2\/media\/42215"}],"wp:attachment":[{"href":"https:\/\/mersinkadingazetesi.com\/index.php?rest_route=%2Fwp%2Fv2%2Fmedia&parent=42214"}],"wp:term":[{"taxonomy":"category","embeddable":true,"href":"https:\/\/mersinkadingazetesi.com\/index.php?rest_route=%2Fwp%2Fv2%2Fcategories&post=42214"},{"taxonomy":"post_tag","embeddable":true,"href":"https:\/\/mersinkadingazetesi.com\/index.php?rest_route=%2Fwp%2Fv2%2Ftags&post=42214"}],"curies":[{"name":"wp","href":"https:\/\/api.w.org\/{rel}","templated":true}]}}