{"id":42217,"date":"2025-05-02T17:30:51","date_gmt":"2025-05-02T14:30:51","guid":{"rendered":"https:\/\/mersinkadingazetesi.com\/?p=42217"},"modified":"2025-05-02T17:30:52","modified_gmt":"2025-05-02T14:30:52","slug":"diyanetin-gundem-degisme-cabasini-izlemek-yerine-ses-yukseltiyoruz","status":"publish","type":"post","link":"https:\/\/mersinkadingazetesi.com\/?p=42217","title":{"rendered":"\u2018Diyanetin g\u00fcndem de\u011fi\u015fme \u00e7abas\u0131n\u0131 izlemek yerine ses y\u00fckseltiyoruz\u2019"},"content":{"rendered":"\n<p>T\u00fcrkiye Kad\u0131n Dernekleri Federasyonu Ba\u015fkan\u0131 Canan G\u00fcll\u00fc, Diyanet \u0130\u015fleri Ba\u015fkanl\u0131\u011f\u0131\u2019n\u0131n Laik Cumhuriyet De\u011ferlerine Ayk\u0131r\u0131 Hutbesine Kar\u015f\u0131 a\u00e7\u0131klamalarda bulundu. G\u00fcll\u00fc, \u201cDiyanetin, iktidar\u0131n i\u00e7inde bulundu\u011fu \u00e7\u0131kmaz sokakta kad\u0131nlar \u00fczerinden g\u00fcndem de\u011fi\u015fme \u00e7abas\u0131n\u0131 sessizce izlemek yerine ses y\u00fckseltiyoruz. Cumhuriyetimizin kurucusu Gazi Mustafa Kemal Atat\u00fcrk\u2019\u00fcn emriyle, 3 Mart 1924 tarihinde \u201cdin hizmetlerini d\u00fczenlemek ve toplumu ayd\u0131nlatmak\u201d amac\u0131yla kurulan Diyanet \u0130\u015fleri Ba\u015fkanl\u0131\u011f\u0131, anayasal bir kurum olarak g\u00f6revini laiklik ilkesi do\u011frultusunda y\u00fcr\u00fctmekle y\u00fck\u00fcml\u00fcd\u00fcr. Ancak 2 May\u0131s 2025 tarihinde yay\u0131nlanan hutbede ge\u00e7en \u201cKad\u0131n erkek arkada\u015fl\u0131\u011f\u0131 ki\u015fileri zinaya s\u00fcr\u00fckler\u201d ifadesi hem T\u00fcrkiye Cumhuriyeti Anayasas\u0131\u2019n\u0131n 2. maddesinde g\u00fcvence alt\u0131na al\u0131nan laiklik ilkesine, hem de kurumun kendi varl\u0131k sebebine ayk\u0131r\u0131d\u0131r.\u201d dedi.<\/p>\n\n\n\n<p>\u201cKad\u0131n ve erke\u011fin e\u015fit yurtta\u015fl\u0131k hakk\u0131n\u0131 hedef al\u0131yor\u201d<\/p>\n\n\n\n<p>Anayasada Devletin dini kurallara g\u00f6re de\u011fil, hukuk kurallar\u0131na g\u00f6re y\u00f6netilmesinin esas oldu\u011funu belirten G\u00fcll\u00fc, \u201cKamusal g\u00f6rev y\u00fcr\u00fcten bir kurumun, bireylerin \u00f6zel hayat\u0131na, arkada\u015fl\u0131k ili\u015fkilerine ve medeni tercihlerine dini h\u00fck\u00fcmle m\u00fcdahale etmesi kabul edilemez. Bu beyan Anayasan\u0131n 10. Maddesinde yer alan e\u015fitlik ilkesini ihlal ederek kad\u0131n ve erke\u011fin e\u015fit yurtta\u015fl\u0131k hakk\u0131n\u0131 hedef almaktad\u0131r. Kad\u0131n ile erke\u011fin yaln\u0131zca cinsellik \u00fczerinden tariflenmesi, toplumsal cinsiyet e\u015fitli\u011fini hedef almakta, cinsiyetler aras\u0131 sa\u011fl\u0131kl\u0131 sosyal ili\u015fkileri \u201cg\u00fcnah\u201d ya da \u201csu\u00e7\u201d olarak kodlayan bu dil, yaln\u0131zca \u00e7a\u011f d\u0131\u015f\u0131 de\u011fil, ayn\u0131 zamanda tehlikelidir. Bu yakla\u015f\u0131m, kad\u0131nlar\u0131 \u00f6tekile\u015ftirir, \u015fiddeti k\u00f6r\u00fckler ve gen\u00e7 ku\u015faklar\u0131 bask\u0131 alt\u0131na al\u0131r. Atat\u00fcrk\u2019\u00fcn Diyanet\u2019i kurarken ortaya koydu\u011fu toplumu \u00e7a\u011fda\u015fl\u0131k, ak\u0131l ve bilimle ayd\u0131nlatma vizyonunu yok saymaktad\u0131r. Diyanet, Atat\u00fcrk\u2019\u00fcn miras\u0131na sadakat g\u00f6stermek yerine, halk\u0131n ya\u015fam tarz\u0131na m\u00fcdahale eden ve \u00f6zellikle kad\u0131nlar\u0131 hedef g\u00f6steren s\u00f6ylemlerle anayasal su\u00e7 i\u015flemeye devam etmektedir. Toplumu kutupla\u015ft\u0131ran, arkada\u015fl\u0131k, dostluk ve sosyal dayan\u0131\u015fma gibi temel insani ili\u015fkileri karalayan bu t\u00fcr a\u00e7\u0131klamalar, gen\u00e7 kad\u0131nlar\u0131n kamusal alandaki varl\u0131\u011f\u0131na y\u00f6nelik tehdit olu\u015fturmaktad\u0131r. Bu t\u00fcr a\u00e7\u0131klamalar halk\u0131 kin ve ayr\u0131mc\u0131l\u0131\u011fa te\u015fvik etmekte, \u00f6zellikle gen\u00e7 kad\u0131nlar\u0131 hedef haline getirmektedir.\u201d \u015feklinde konu\u015ftu.<\/p>\n\n\n\n<p>\u201cLaik Cumhuriyet ilkelerine sadakat, hepimizin ortak sorumlulu\u011fu\u201d<\/p>\n\n\n\n<p>G\u00fcll\u00fc \u015f\u00f6yle devam etti;<br>\u201cT\u00fcrkiye Kad\u0131n Dernekleri Federasyonu olarak a\u00e7\u0131k\u00e7a ifade ediyoruz; Biz kad\u0131nlar, \u015fiddetle, karanl\u0131kla ve dayatmayla de\u011fil; \u00f6zg\u00fcrl\u00fckle, e\u015fitlikle ve laiklikle ya\u015famakta \u0131srarc\u0131y\u0131z. Kad\u0131n ve erke\u011fin e\u015fit, \u00f6zg\u00fcr ve dost\u00e7a bir toplum in\u015fa etmesi; bu \u00fclkenin gelece\u011fi ve Cumhuriyetin bekas\u0131 i\u00e7in elzemdir. Bizler, bu hutbede yer alan ifadeyi yaln\u0131zca bir fikir beyan\u0131 olarak de\u011fil, laik devlet d\u00fczenine a\u00e7\u0131k bir sald\u0131r\u0131 olarak de\u011ferlendiriyoruz. Diyanet \u0130\u015fleri Ba\u015fkanl\u0131\u011f\u0131\u2019n\u0131, anayasal s\u0131n\u0131rlar\u0131na, kurulu\u015f ilkelerine ve toplumsal sorumlulu\u011funa geri d\u00f6nmeye; kad\u0131nlar\u0131n ve gen\u00e7lerin ya\u015fam hakk\u0131na ve \u00f6zg\u00fcrl\u00fcklerine sayg\u0131 g\u00f6stermeye \u00e7a\u011f\u0131r\u0131yoruz. Kad\u0131nlar\u0131n, gen\u00e7lerin ve t\u00fcm yurtta\u015flar\u0131n arkada\u015fl\u0131k ili\u015fkileri \u00fczerinden ahlaks\u0131zl\u0131kla yaftalanmas\u0131n\u0131 reddediyoruz. Diyanet, anayasal bir kurum gibi davranmal\u0131; cemaat diliyle de\u011fil, Cumhuriyet diliyle konu\u015fmal\u0131d\u0131r. Diyanet \u0130\u015fleri Ba\u015fkanl\u0131\u011f\u0131\u2019n\u0131, anayasal g\u00f6rev s\u0131n\u0131rlar\u0131na d\u00f6nmeye, gen\u00e7leri ve kad\u0131nlar\u0131 t\u00f6hmet alt\u0131nda b\u0131rakmay\u0131 durdurmaya ve bu hutbeye ili\u015fkin kamuoyundan a\u00e7\u0131k\u00e7a \u00f6z\u00fcr dilemeye \u00e7a\u011f\u0131r\u0131yoruz. Laik Cumhuriyet ilkelerine sadakat, hepimizin ortak sorumlulu\u011fudur.\u201d (Haber Merkezi)<\/p>\n","protected":false},"excerpt":{"rendered":"<p>T\u00fcrkiye Kad\u0131n Dernekleri Federasyonu Ba\u015fkan\u0131 Canan G\u00fcll\u00fc, Diyanet \u0130\u015fleri Ba\u015fkanl\u0131\u011f\u0131\u2019n\u0131n Laik Cumhuriyet De\u011ferlerine Ayk\u0131r\u0131 Hutbesine Kar\u015f\u0131 a\u00e7\u0131klamalarda bulundu. G\u00fcll\u00fc, \u201cDiyanetin, iktidar\u0131n i\u00e7inde bulundu\u011fu \u00e7\u0131kmaz sokakta kad\u0131nlar \u00fczerinden g\u00fcndem de\u011fi\u015fme \u00e7abas\u0131n\u0131 sessizce izlemek yerine ses y\u00fckseltiyoruz. Cumhuriyetimizin kurucusu Gazi Mustafa Kemal Atat\u00fcrk\u2019\u00fcn emriyle, 3 Mart 1924 tarihinde \u201cdin hizmetlerini d\u00fczenlemek ve toplumu ayd\u0131nlatmak\u201d amac\u0131yla kurulan Diyanet [&hellip;]<\/p>\n","protected":false},"author":2,"featured_media":42115,"comment_status":"closed","ping_status":"closed","sticky":false,"template":"","format":"standard","meta":{"footnotes":""},"categories":[3],"tags":[],"class_list":["post-42217","post","type-post","status-publish","format-standard","has-post-thumbnail","hentry","category-manset"],"views":2,"_links":{"self":[{"href":"https:\/\/mersinkadingazetesi.com\/index.php?rest_route=\/wp\/v2\/posts\/42217"}],"collection":[{"href":"https:\/\/mersinkadingazetesi.com\/index.php?rest_route=\/wp\/v2\/posts"}],"about":[{"href":"https:\/\/mersinkadingazetesi.com\/index.php?rest_route=\/wp\/v2\/types\/post"}],"author":[{"embeddable":true,"href":"https:\/\/mersinkadingazetesi.com\/index.php?rest_route=\/wp\/v2\/users\/2"}],"replies":[{"embeddable":true,"href":"https:\/\/mersinkadingazetesi.com\/index.php?rest_route=%2Fwp%2Fv2%2Fcomments&post=42217"}],"version-history":[{"count":1,"href":"https:\/\/mersinkadingazetesi.com\/index.php?rest_route=\/wp\/v2\/posts\/42217\/revisions"}],"predecessor-version":[{"id":42218,"href":"https:\/\/mersinkadingazetesi.com\/index.php?rest_route=\/wp\/v2\/posts\/42217\/revisions\/42218"}],"wp:featuredmedia":[{"embeddable":true,"href":"https:\/\/mersinkadingazetesi.com\/index.php?rest_route=\/wp\/v2\/media\/42115"}],"wp:attachment":[{"href":"https:\/\/mersinkadingazetesi.com\/index.php?rest_route=%2Fwp%2Fv2%2Fmedia&parent=42217"}],"wp:term":[{"taxonomy":"category","embeddable":true,"href":"https:\/\/mersinkadingazetesi.com\/index.php?rest_route=%2Fwp%2Fv2%2Fcategories&post=42217"},{"taxonomy":"post_tag","embeddable":true,"href":"https:\/\/mersinkadingazetesi.com\/index.php?rest_route=%2Fwp%2Fv2%2Ftags&post=42217"}],"curies":[{"name":"wp","href":"https:\/\/api.w.org\/{rel}","templated":true}]}}