{"id":42225,"date":"2025-05-03T20:16:12","date_gmt":"2025-05-03T17:16:12","guid":{"rendered":"https:\/\/mersinkadingazetesi.com\/?p=42225"},"modified":"2025-05-03T20:16:12","modified_gmt":"2025-05-03T17:16:12","slug":"2025-yili-ogretmen-atamalarinda-yalnizca-6-kurtce-ogretmen-kadrosunun-acilmasinin-gerekcesi-nedir","status":"publish","type":"post","link":"https:\/\/mersinkadingazetesi.com\/?p=42225","title":{"rendered":"\u00a0\u201c2025 y\u0131l\u0131 \u00f6\u011fretmen atamalar\u0131nda yaln\u0131zca 6 K\u00fcrt\u00e7e \u00f6\u011fretmen kadrosunun a\u00e7\u0131lmas\u0131n\u0131n gerek\u00e7esi nedir?\u201d\u00a0"},"content":{"rendered":"\n<p>DEVA Partisi Genel Ba\u015fkan Yard\u0131mc\u0131s\u0131 ve Mersin Milletvekili Mehmet Emin Ekmen, Mill\u00ee E\u011fitim Bakanl\u0131\u011f\u0131n\u0131n a\u00e7m\u0131\u015f oldu\u011fu 25 bin \u00f6\u011fretmen atamas\u0131nda sadece 6 K\u00fcrt\u00e7e \u00f6\u011fretmen kadrosuna ve K\u00fcrt\u00e7enin Kurmanci leh\u00e7esi i\u00e7in 5, Zazaki leh\u00e7esi i\u00e7inse bir kontenjan ayr\u0131lmas\u0131n\u0131 Meclis g\u00fcndemine ta\u015f\u0131d\u0131. T\u00fcrkiye\u2019deki toplam K\u00fcrt\u00e7e \u00f6\u011fretmen say\u0131s\u0131 150\u2019nin alt\u0131nda oldu\u011funa ancak \u00f6\u011frencilerin K\u00fcrt\u00e7e dersine taleplerinin bulundu\u011funa de\u011finen Ekmen, \u201cAnayasal e\u015fitlik ve f\u0131rsat e\u015fitli\u011fi ilkeleri do\u011frultusunda, K\u00fcrt\u00e7eyi se\u00e7meli ders olarak alan \u00f6\u011frencilerin ma\u011fduriyetlerinin giderilmesi i\u00e7in herhangi bir eylem plan\u0131n\u0131z bulunmakta m\u0131d\u0131r?\u201d diye sordu.<\/p>\n\n\n\n<p><strong>\u2018Bakanl\u0131\u011f\u0131n\u0131z taraf\u0131ndan K\u00fcrt\u00e7e \u00f6\u011fretmen ihtiyac\u0131na y\u00f6nelik herhangi bir ihtiya\u00e7 analizi yap\u0131lm\u0131\u015f m\u0131d\u0131r?\u2019<\/strong><\/p>\n\n\n\n<p>DEVA Partili Ekmen, Milli E\u011fitim Bakan\u0131 Tekin\u2019in yan\u0131tlamas\u0131 istemiyle TBMM Ba\u015fkanl\u0131\u011f\u0131na soru \u00f6nergesi verdi. Ekmen, \u201cGe\u00e7ti\u011fimiz haftalarda Mill\u00ee E\u011fitim Bakanl\u0131\u011f\u0131 taraf\u0131ndan 25 bin \u00f6\u011fretmen atamas\u0131 yap\u0131lm\u0131\u015ft\u0131r. Bran\u015f da\u011f\u0131l\u0131m\u0131nda; s\u0131n\u0131f \u00f6\u011fretmenli\u011fi, din k\u00fclt\u00fcr\u00fc ve ahlak bilgisi, okul \u00f6ncesi, \u0130ngilizce, \u00f6zel e\u011fitim \u00f6\u011fretmenli\u011fi gibi bran\u015flar yer alm\u0131\u015ft\u0131r. Ortaokullarda K\u00fcrt\u00e7e se\u00e7meli ders olarak okutulmas\u0131na ra\u011fmen, Bakanl\u0131\u011f\u0131n a\u00e7m\u0131\u015f oldu\u011fu 25 bin \u00f6\u011fretmen atamas\u0131nda sadece 6 K\u00fcrt\u00e7e \u00f6\u011fretmen kadrosu a\u00e7\u0131lm\u0131\u015ft\u0131r. K\u00fcrt\u00e7enin Kurmanci leh\u00e7esi i\u00e7in 5, Zazaki leh\u00e7esi i\u00e7in ise 1 kontenjan ayr\u0131lm\u0131\u015ft\u0131r\u201d dedi.<\/p>\n\n\n\n<p>Ayr\u0131ca Ekmen, \u00fcniversiteleri K\u00fcrt Dili ve Edebiyat\u0131 lisans b\u00f6l\u00fcmlerinden mezun \u00f6\u011fretmen adaylar\u0131n\u0131n ciddi bir \u015fekilde i\u015fsizlik sorunuyla kar\u015f\u0131 kar\u015f\u0131ya kald\u0131\u011f\u0131na de\u011finerek, \u201cK\u00fcrt\u00e7e \u00d6\u011fretmenleri \u0130nisiyatifi\u2019nin a\u00e7\u0131klad\u0131\u011f\u0131 verilere g\u00f6re; T\u00fcrkiye\u2019deki toplam K\u00fcrt\u00e7e \u00f6\u011fretmen say\u0131s\u0131 150\u2019nin alt\u0131nda olup, aktif \u015fekilde \u00f6\u011fretmenlik yapan ki\u015filerin say\u0131s\u0131 130 civar\u0131ndad\u0131r. Bu do\u011frultuda, K\u00fcrt\u00e7eye taleplerin olmas\u0131 ancak yeterli \u00f6\u011fretmen say\u0131s\u0131n\u0131n olmamas\u0131 \u00f6\u011frencileri ma\u011fdur etmektedir. \u00d6te yandan, \u00fcniversitelerde yer alan K\u00fcrt Dili ve Edebiyat\u0131 B\u00f6l\u00fcm\u00fc\u2019nden mezun olan \u00f6\u011frenciler ciddi bir \u015fekilde i\u015fsizlik sorunuyla kar\u015f\u0131 kar\u015f\u0131ya kalmaktad\u0131r. Gerek \u00f6\u011frencilerinin taleplerinin kar\u015f\u0131lanmas\u0131 gerekse \u00fcniversite mezunu K\u00fcrt\u00e7e \u00f6\u011fretmenlerinin i\u015fsizli\u011fini gidermek ad\u0131na acil ad\u0131mlar at\u0131lmas\u0131 zorunludur\u201d \u015feklinde a\u00e7\u0131klama yapt\u0131.<\/p>\n\n\n\n<p><strong>\u2018<\/strong><strong>\u00d6n\u00fcm\u00fczdeki d\u00f6nemde K\u00fcrt\u00e7e bran\u015f\u0131na y\u00f6nelik \u00f6\u011fretmen atamalar\u0131nda kontenjanlar\u0131n art\u0131r\u0131lmas\u0131 konusunda Bakanl\u0131\u011f\u0131n\u0131z\u0131n herhangi bir planlamas\u0131 var m\u0131d\u0131r?\u2019<\/strong><\/p>\n\n\n\n<p>Mersin Milletvekili Ekmen, Bakan Tekin\u2019in yan\u0131tlamas\u0131 istemiyle verdi\u011fi \u00f6nergede \u015fu sorulara yan\u0131t arad\u0131:<\/p>\n\n\n\n<p>1. &nbsp; &nbsp; &nbsp;2025 y\u0131l\u0131 \u00f6\u011fretmen atamalar\u0131nda yaln\u0131zca 6 K\u00fcrt\u00e7e \u00f6\u011fretmen kadrosunun a\u00e7\u0131lmas\u0131n\u0131n gerek\u00e7esi nedir? Bu karar hangi kriterlere g\u00f6re belirlenmi\u015ftir?<\/p>\n\n\n\n<p>2. &nbsp; &nbsp; &nbsp;Son 5 y\u0131l i\u00e7erisinde K\u00fcrt\u00e7e \u00f6\u011fretmenli\u011fi i\u00e7in a\u00e7\u0131lan kadronun say\u0131s\u0131 nedir? Bu kadrolar hangi y\u0131llarda, hangi illere da\u011f\u0131t\u0131lm\u0131\u015ft\u0131r?<\/p>\n\n\n\n<p>3. &nbsp; &nbsp; &nbsp;Son 5 y\u0131l i\u00e7erisinde \u00fcniversitelerin K\u00fcrt Dili ve Edebiyat\u0131 b\u00f6l\u00fcmlerinden mezun \u00f6\u011frenci say\u0131s\u0131 nedir?<\/p>\n\n\n\n<p>4. &nbsp; &nbsp; &nbsp;2023, 2024 ve 2025 K\u00fcrt\u00e7e \u00f6\u011fretmen atamalar\u0131n\u0131n say\u0131lar\u0131na bak\u0131ld\u0131\u011f\u0131nda, atamalar\u0131n y\u0131llar i\u00e7erisinde azald\u0131\u011f\u0131 g\u00f6r\u00fclmektedir. Atama say\u0131lar\u0131ndaki bu azalman\u0131n gerek\u00e7esi nedir?&nbsp;<\/p>\n\n\n\n<p>5. &nbsp; &nbsp; &nbsp;\u00d6n\u00fcm\u00fczdeki d\u00f6nemde K\u00fcrt\u00e7e bran\u015f\u0131na y\u00f6nelik \u00f6\u011fretmen atamalar\u0131nda kontenjanlar\u0131n art\u0131r\u0131lmas\u0131 konusunda Bakanl\u0131\u011f\u0131n\u0131z\u0131n herhangi bir planlamas\u0131 var m\u0131d\u0131r?<\/p>\n\n\n\n<p>6. &nbsp; &nbsp; &nbsp;Bakanl\u0131\u011f\u0131n\u0131z taraf\u0131ndan K\u00fcrt\u00e7e \u00f6\u011fretmen ihtiyac\u0131na y\u00f6nelik herhangi bir ihtiya\u00e7 analizi yap\u0131lm\u0131\u015f m\u0131d\u0131r? Yap\u0131lm\u0131\u015f ise ihtiya\u00e7 analizini kamuoyu ile payla\u015facak m\u0131s\u0131n\u0131z?<\/p>\n\n\n\n<p>7. &nbsp; &nbsp; &nbsp;K\u00fcrt\u00e7enin Kurmanci ve Zazaki leh\u00e7esi aras\u0131ndaki kontenjan da\u011f\u0131l\u0131m\u0131nda hangi kriterler esas al\u0131nm\u0131\u015ft\u0131r?<\/p>\n\n\n\n<p>8. &nbsp; &nbsp; &nbsp;Anayasal e\u015fitlik ve f\u0131rsat e\u015fitli\u011fi ilkeleri do\u011frultusunda, K\u00fcrt\u00e7eyi se\u00e7meli ders olarak alan \u00f6\u011frencilerin ma\u011fduriyetlerinin giderilmesi i\u00e7in herhangi bir eylem plan\u0131n\u0131z bulunmakta m\u0131d\u0131r?<\/p>\n\n\n\n<p>9. &nbsp; &nbsp; &nbsp;T\u00fcrkiye\u2019de ya\u015fayan K\u00fcrt vatanda\u015flar\u0131n say\u0131s\u0131, K\u00fcrt\u00e7e dersini se\u00e7en \u00f6\u011frencilerin say\u0131s\u0131 ve buna kar\u015f\u0131l\u0131k istihdam edilen \u00f6\u011fretmenlerin say\u0131s\u0131 g\u00f6z \u00f6n\u00fcnde bulunduruldu\u011funda, bu hakk\u0131n tam anlam\u0131yla kar\u015f\u0131lanabilmesi i\u00e7in uzun vadeli bir e\u011fitim politikas\u0131 olu\u015fturulmas\u0131 d\u00fc\u015f\u00fcn\u00fclmekte midir?<\/p>\n\n\n\n<p>10. &nbsp; &nbsp;K\u00fcrt\u00e7e derslerine y\u00f6nelik m\u00fcfredat g\u00fcncellemeleri, \u00f6\u011fretmen-\u00f6\u011frenci geri bildirimleri do\u011frultusunda yap\u0131lmakta m\u0131d\u0131r? Son g\u00fcncelleme hangi tarihte yap\u0131lm\u0131\u015ft\u0131r? G\u00fcncelleme s\u00fcrecinde ilgili bran\u015f \u00f6\u011fretmenleri, akademisyenler ve e\u011fitim sendikalar\u0131n\u0131n g\u00f6r\u00fc\u015fleri al\u0131nmakta m\u0131d\u0131r?<\/p>\n","protected":false},"excerpt":{"rendered":"<p>DEVA Partisi Genel Ba\u015fkan Yard\u0131mc\u0131s\u0131 ve Mersin Milletvekili Mehmet Emin Ekmen, Mill\u00ee E\u011fitim Bakanl\u0131\u011f\u0131n\u0131n a\u00e7m\u0131\u015f oldu\u011fu 25 bin \u00f6\u011fretmen atamas\u0131nda sadece 6 K\u00fcrt\u00e7e \u00f6\u011fretmen kadrosuna ve K\u00fcrt\u00e7enin Kurmanci leh\u00e7esi i\u00e7in 5, Zazaki leh\u00e7esi i\u00e7inse bir kontenjan ayr\u0131lmas\u0131n\u0131 Meclis g\u00fcndemine ta\u015f\u0131d\u0131. T\u00fcrkiye\u2019deki toplam K\u00fcrt\u00e7e \u00f6\u011fretmen say\u0131s\u0131 150\u2019nin alt\u0131nda oldu\u011funa ancak \u00f6\u011frencilerin K\u00fcrt\u00e7e dersine taleplerinin bulundu\u011funa de\u011finen [&hellip;]<\/p>\n","protected":false},"author":2,"featured_media":42171,"comment_status":"closed","ping_status":"closed","sticky":false,"template":"","format":"standard","meta":{"footnotes":""},"categories":[3],"tags":[],"class_list":["post-42225","post","type-post","status-publish","format-standard","has-post-thumbnail","hentry","category-manset"],"views":4,"_links":{"self":[{"href":"https:\/\/mersinkadingazetesi.com\/index.php?rest_route=\/wp\/v2\/posts\/42225"}],"collection":[{"href":"https:\/\/mersinkadingazetesi.com\/index.php?rest_route=\/wp\/v2\/posts"}],"about":[{"href":"https:\/\/mersinkadingazetesi.com\/index.php?rest_route=\/wp\/v2\/types\/post"}],"author":[{"embeddable":true,"href":"https:\/\/mersinkadingazetesi.com\/index.php?rest_route=\/wp\/v2\/users\/2"}],"replies":[{"embeddable":true,"href":"https:\/\/mersinkadingazetesi.com\/index.php?rest_route=%2Fwp%2Fv2%2Fcomments&post=42225"}],"version-history":[{"count":1,"href":"https:\/\/mersinkadingazetesi.com\/index.php?rest_route=\/wp\/v2\/posts\/42225\/revisions"}],"predecessor-version":[{"id":42226,"href":"https:\/\/mersinkadingazetesi.com\/index.php?rest_route=\/wp\/v2\/posts\/42225\/revisions\/42226"}],"wp:featuredmedia":[{"embeddable":true,"href":"https:\/\/mersinkadingazetesi.com\/index.php?rest_route=\/wp\/v2\/media\/42171"}],"wp:attachment":[{"href":"https:\/\/mersinkadingazetesi.com\/index.php?rest_route=%2Fwp%2Fv2%2Fmedia&parent=42225"}],"wp:term":[{"taxonomy":"category","embeddable":true,"href":"https:\/\/mersinkadingazetesi.com\/index.php?rest_route=%2Fwp%2Fv2%2Fcategories&post=42225"},{"taxonomy":"post_tag","embeddable":true,"href":"https:\/\/mersinkadingazetesi.com\/index.php?rest_route=%2Fwp%2Fv2%2Ftags&post=42225"}],"curies":[{"name":"wp","href":"https:\/\/api.w.org\/{rel}","templated":true}]}}