{"id":42230,"date":"2025-05-03T20:21:51","date_gmt":"2025-05-03T17:21:51","guid":{"rendered":"https:\/\/mersinkadingazetesi.com\/?p=42230"},"modified":"2025-05-03T20:21:51","modified_gmt":"2025-05-03T17:21:51","slug":"toroslarin-ilk-mahalle-evi-acildi","status":"publish","type":"post","link":"https:\/\/mersinkadingazetesi.com\/?p=42230","title":{"rendered":"TOROSLAR&#8217;IN \u0130LK MAHALLE EV\u0130 A\u00c7ILDI"},"content":{"rendered":"\n<p>Toroslar Belediyesi ilk Mahalle Evi&#8217;ni \u00c7a\u011fda\u015fkent Mahallesi&#8217;nde a\u00e7t\u0131. Mahalle Evinde gen\u00e7lere ve \u00e7al\u0131\u015fanlara y\u00f6nelik yapay zek\u00e2 at\u00f6lyeleri, anneler ve \u00e7ocuklara y\u00f6nelik mahremiyet ve C vitamini at\u00f6lyeleri, ya\u015f alm\u0131\u015f bireyler i\u00e7in 80&#8217;ler etkinlikleri gibi etkinlikler yap\u0131lacak. Mahalle sakinleri \u00f6zel g\u00fcnlerinde bir araya gelmek, e\u011flenceler d\u00fczenlemek i\u00e7in de Mahalle Evinden faydalanacak.<\/p>\n\n\n\n<p>Toroslar Belediyesi bir ilki daha ger\u00e7ekle\u015ftirdi ve \u00c7a\u011fda\u015fkent Mahallesi&#8217;nde Mahalle Evi hizmete a\u00e7\u0131ld\u0131.<\/p>\n\n\n\n<p>A\u00e7\u0131l\u0131\u015fa Toroslar Belediyesi Ba\u015fkan Yard\u0131mc\u0131lar\u0131 H\u00fclya Ayhan Keskin, Erdo\u011fan Ay, Hasan \u00d6zalp \u00d6nal, \u00c7a\u011fda\u015fkent Mahallesi Muhtar\u0131 Serminaz Da\u011fdelen, belediye meclis \u00fcyeleri ve mahalle sakinleri kat\u0131ld\u0131.<\/p>\n\n\n\n<p><strong>MAHALLE EV\u0130 B\u0130R\u00c7OK ETK\u0130NL\u0130\u011eE EVSAH\u0130PL\u0130\u011e\u0130 YAPACAK<\/strong><\/p>\n\n\n\n<p>A\u00e7\u0131l\u0131\u015f\u0131n ilk konu\u015fmas\u0131n\u0131 \u00c7a\u011fda\u015fkent Mahalle Muhtar\u0131 Serminaz Da\u011fdelen yapt\u0131.<\/p>\n\n\n\n<p>Mahalle Evi&#8217;nin Toroslar&#8217;da bir ilk oldu\u011funa dikkat \u00e7eken Da\u011fdelen, &#8220;Kad\u0131nlar, \u00e7ocuklar, gen\u00e7ler ve ya\u015f alm\u0131\u015f bireylerimizin g\u00fcvenli bir ortamda sosyalle\u015febilece\u011fi bu alanda mahallemizin ihtiya\u00e7lar\u0131na y\u00f6nelik etkinlik ve e\u011fitim faaliyetleri y\u00fcr\u00fct\u00fclecek. \u00d6zel g\u00fcnlerde g\u00fczel vakit ge\u00e7irme imk\u00e2n\u0131 da sunacak bu merkezde, gen\u00e7lere ve \u00e7al\u0131\u015fanlara y\u00f6nelik yapay zek\u00e2 at\u00f6lyeleri, anneler ve \u00e7ocuklara y\u00f6nelik mahremiyet ve C vitamini at\u00f6lyeleri, ya\u015f alm\u0131\u015f bireylerimiz i\u00e7in 80&#8217;ler etkinlikleri gibi bir\u00e7ok faaliyete ev sahipli\u011fi yap\u0131lacak&#8221; dedi.<\/p>\n\n\n\n<p>Muhtar Da\u011fdelen, Mahalle Evi&#8217;nin hayata ge\u00e7irilmesinde eme\u011fi ge\u00e7en ba\u015fta Toroslar Belediye Ba\u015fkan\u0131 Abdurrahman Y\u0131ld\u0131z olmak \u00fczere t\u00fcm belediye personeline te\u015fekk\u00fcr etti.<\/p>\n\n\n\n<p><strong>&#8220;KADIN MUHTARLAR MAHALLELER\u0130NE DE\u011eER KATIYOR&#8221;<\/strong><\/p>\n\n\n\n<p>Belediye Ba\u015fkan Yard\u0131mc\u0131s\u0131 H\u00fclya Ayhan Keskin ise, &#8220;Kad\u0131n muhtarlar\u0131m\u0131z\u0131n \u00f6nerilerini \u00f6nemsiyoruz. \u00c7a\u011fda\u015fkent Mahalle Evi de bu \u00f6neriler do\u011frultusunda hayata ge\u00e7irildi. Toroslar&#8217;da 67 mahallemiz var, bunlardan 9&#8217;u kad\u0131n muhtarlar taraf\u0131ndan y\u00f6netiliyor ve onlar\u0131n taleplerini yerine getirmek \u00f6nceliklerimiz aras\u0131nda. \u00d6rne\u011fin Akbelen Mahallesi&#8217;ndeki muhtar\u0131m\u0131z\u0131n talepleri do\u011frultusunda okuma salonu ve kre\u015f a\u00e7t\u0131k. Kad\u0131n muhtarlar\u0131m\u0131z mahallelerine de\u011fer kat\u0131yor. Bu Mahalle Evi de do\u011fum g\u00fcnleri gibi \u00f6zel g\u00fcnler i\u00e7in bir ihtiya\u00e7tan do\u011fdu. Hep birlikte bu alan\u0131 mahallemize kazand\u0131rman\u0131n mutlulu\u011funu ya\u015f\u0131yoruz&#8221; ifadelerini kulland\u0131.<\/p>\n\n\n\n<p><strong>&#8220;Y\u00dcZ\u00dc G\u00dcLEN NEFES ALAN TOROSLAR \u0130\u00c7\u0130N \u00c7ALI\u015eIYORUZ&#8221;<\/strong><\/p>\n\n\n\n<p>Belediye Ba\u015fkan Yard\u0131mc\u0131s\u0131 Hasan \u00d6zalp \u00d6nal da konu\u015fmas\u0131nda, &#8220;Ba\u015fkan\u0131m\u0131z Abdurrahman Y\u0131ld\u0131z&#8217;\u0131n ifadesiyle, 1 Nisan 2024&#8217;te Toroslar&#8217;da yeni bir takvim ba\u015flad\u0131. \u0130nsanlar\u0131n daha mutlu, huzurlu ve nefes alabilece\u011fi, y\u00fcz\u00fc g\u00fclen nefes alan Toroslar i\u00e7in \u00e7al\u0131\u015f\u0131yoruz. Temizlik sorunlar\u0131n\u0131 giderdik, d\u00f6rt yeni park a\u00e7\u0131yoruz, mevcut parklar\u0131 ve yollar\u0131 onar\u0131yoruz. Kre\u015fler, okuma salonlar\u0131 a\u00e7\u0131yoruz. \u0130lk Mahalle Evimizi de \u00c7a\u011fda\u015fkent&#8217;te a\u00e7man\u0131n mutlulu\u011funu ya\u015f\u0131yoruz. Buras\u0131 bir k\u00fclt\u00fcr evi, buras\u0131 bir sosyal dayan\u0131\u015fma evi, buras\u0131 belediyemizle mahallemiz aras\u0131nda bir k\u00f6pr\u00fc olacakt\u0131r&#8221; ifadelerini kulland\u0131.<\/p>\n\n\n\n<p>Toroslar il\u00e7esinin eskisine g\u00f6re daha mutlu ve huzurlu oldu\u011funu aktaran \u00d6nal, &#8221;Toroslar&#8217;da her \u015fey \u00e7ok g\u00fczel oluyor ve daha da g\u00fczel olacak. S\u0131ra T\u00fcrkiye&#8217;de. E\u011fer T\u00fcrkiye&#8217;de aday\u0131m\u0131z\u0131 yan\u0131m\u0131za getirirlerse sand\u0131\u011f\u0131 \u00f6n\u00fcm\u00fcze koyarlarsa T\u00fcrkiye&#8217;de de her \u015fey \u00e7ok g\u00fczel olacak. T\u00fcrkiye Mersin gibi olacak&#8221; diyerek s\u00f6zlerine son verdi.<\/p>\n","protected":false},"excerpt":{"rendered":"<p>Toroslar Belediyesi ilk Mahalle Evi&#8217;ni \u00c7a\u011fda\u015fkent Mahallesi&#8217;nde a\u00e7t\u0131. Mahalle Evinde gen\u00e7lere ve \u00e7al\u0131\u015fanlara y\u00f6nelik yapay zek\u00e2 at\u00f6lyeleri, anneler ve \u00e7ocuklara y\u00f6nelik mahremiyet ve C vitamini at\u00f6lyeleri, ya\u015f alm\u0131\u015f bireyler i\u00e7in 80&#8217;ler etkinlikleri gibi etkinlikler yap\u0131lacak. Mahalle sakinleri \u00f6zel g\u00fcnlerinde bir araya gelmek, e\u011flenceler d\u00fczenlemek i\u00e7in de Mahalle Evinden faydalanacak. Toroslar Belediyesi bir ilki daha ger\u00e7ekle\u015ftirdi [&hellip;]<\/p>\n","protected":false},"author":2,"featured_media":42231,"comment_status":"closed","ping_status":"closed","sticky":false,"template":"","format":"standard","meta":{"footnotes":""},"categories":[3],"tags":[],"class_list":["post-42230","post","type-post","status-publish","format-standard","has-post-thumbnail","hentry","category-manset"],"views":3,"_links":{"self":[{"href":"https:\/\/mersinkadingazetesi.com\/index.php?rest_route=\/wp\/v2\/posts\/42230"}],"collection":[{"href":"https:\/\/mersinkadingazetesi.com\/index.php?rest_route=\/wp\/v2\/posts"}],"about":[{"href":"https:\/\/mersinkadingazetesi.com\/index.php?rest_route=\/wp\/v2\/types\/post"}],"author":[{"embeddable":true,"href":"https:\/\/mersinkadingazetesi.com\/index.php?rest_route=\/wp\/v2\/users\/2"}],"replies":[{"embeddable":true,"href":"https:\/\/mersinkadingazetesi.com\/index.php?rest_route=%2Fwp%2Fv2%2Fcomments&post=42230"}],"version-history":[{"count":1,"href":"https:\/\/mersinkadingazetesi.com\/index.php?rest_route=\/wp\/v2\/posts\/42230\/revisions"}],"predecessor-version":[{"id":42232,"href":"https:\/\/mersinkadingazetesi.com\/index.php?rest_route=\/wp\/v2\/posts\/42230\/revisions\/42232"}],"wp:featuredmedia":[{"embeddable":true,"href":"https:\/\/mersinkadingazetesi.com\/index.php?rest_route=\/wp\/v2\/media\/42231"}],"wp:attachment":[{"href":"https:\/\/mersinkadingazetesi.com\/index.php?rest_route=%2Fwp%2Fv2%2Fmedia&parent=42230"}],"wp:term":[{"taxonomy":"category","embeddable":true,"href":"https:\/\/mersinkadingazetesi.com\/index.php?rest_route=%2Fwp%2Fv2%2Fcategories&post=42230"},{"taxonomy":"post_tag","embeddable":true,"href":"https:\/\/mersinkadingazetesi.com\/index.php?rest_route=%2Fwp%2Fv2%2Ftags&post=42230"}],"curies":[{"name":"wp","href":"https:\/\/api.w.org\/{rel}","templated":true}]}}