{"id":42233,"date":"2025-05-04T09:54:25","date_gmt":"2025-05-04T06:54:25","guid":{"rendered":"https:\/\/mersinkadingazetesi.com\/?p=42233"},"modified":"2025-05-04T09:54:25","modified_gmt":"2025-05-04T06:54:25","slug":"buyuksehirin-emekli-evi-uyeleri-sanatla-bulustu-gonulden-seslerden-unutulmaz-konser","status":"publish","type":"post","link":"https:\/\/mersinkadingazetesi.com\/?p=42233","title":{"rendered":"B\u00dcY\u00dcK\u015eEH\u0130R&#8217;\u0130N EMEKL\u0130 EV\u0130 \u00dcYELER\u0130 SANATLA BULU\u015eTU: G\u00d6N\u00dcLDEN SESLER&#8217;DEN UNUTULMAZ KONSER"},"content":{"rendered":"\n<p>Sosyal belediyecilik anlay\u0131\u015f\u0131yla ya\u015f alm\u0131\u015f bireylerin aktif ve \u00fcretken bir ya\u015fam s\u00fcrmelerini destekleyen Mersin B\u00fcy\u00fck\u015fehir Belediyesi, Emekli Evleri arac\u0131l\u0131\u011f\u0131yla hem sosyal hem de k\u00fclt\u00fcrel faaliyetlere \u00f6nc\u00fcl\u00fck etmeye devam ediyor. Bu kapsamda Sosyal Hizmetler Dairesi Ba\u015fkanl\u0131\u011f\u0131 b\u00fcnyesinde faaliyet g\u00f6steren Emekli Evleri ger\u00e7ekle\u015ftirdi\u011fi k\u00fclt\u00fcrel etkinliklerine bir yenisini daha ekledi. Yeni\u015fehir ve Halkkent Emekli Evi \u00fcyelerinden olu\u015fan G\u00f6n\u00fclden Sesler Korosu, Kongre ve Sergi Saray\u0131&#8217;nda d\u00fczenledikleri&nbsp;<strong>&#8216;Bahar Konseri&#8217;<\/strong>&nbsp;ile izleyicilere unutulmaz bir T\u00fcrk Sanat M\u00fczi\u011fi ak\u015fam\u0131 ya\u015fatt\u0131.<\/p>\n\n\n\n<p>T\u00fcrk Sanat M\u00fczi\u011fi Sanat\u00e7\u0131s\u0131 Zeynep \u00d6zel&#8217;in \u015fefli\u011finde, uzun bir s\u00fcredir b\u00fcy\u00fck bir \u00f6zenle haz\u0131rlan\u0131lan konserde, emekli vatanda\u015flar taraf\u0131ndan seslendirilen klasik T\u00fcrk Sanat M\u00fczi\u011fi eserleri salonu dolduran izleyicilerden b\u00fcy\u00fck alk\u0131\u015f ald\u0131. Koro, hem repertuar se\u00e7imi hem de performans\u0131yla b\u00fcy\u00fck takdir toplarken, izleyicilere duygu dolu anlar ya\u015fatt\u0131. Konser, \u00e7i\u00e7ek ve plaket takdiminin ard\u0131ndan son buldu.<\/p>\n\n\n\n<p><strong>Y\u0131ld\u0131r\u0131m: &#8220;K\u0131ymetli koromuzun uzun s\u00fcredir verdi\u011fi eme\u011fin \u00e7ok g\u00fczel meyvelerini al\u0131yoruz&#8221;<\/strong><\/p>\n\n\n\n<p>Mersin B\u00fcy\u00fck\u015fehir Belediyesi Sosyal Hizmetler Dairesi Ba\u015fkan\u0131 Engin Y\u0131ld\u0131r\u0131m, konserde yapt\u0131\u011f\u0131 konu\u015fmas\u0131nda; emek kavram\u0131n\u0131n yaln\u0131zca i\u015f yerinde ge\u00e7irilen uzun saatlerden olu\u015fmad\u0131\u011f\u0131n\u0131, emek kavram\u0131n\u0131n ayn\u0131 zamanda \u00f6m\u00fcr boyu g\u00f6sterilen b\u00fcy\u00fck bir \u00f6zveri ve sab\u0131rdan olu\u015ftu\u011funu dile getirdi. Y\u0131ld\u0131r\u0131m,&nbsp;<strong>&#8220;\u00d6m\u00fcr boyu emek eden, bu \u00fclkeye katk\u0131da bulunan, katma de\u011fer sa\u011flayan, \u00fclkenin b\u00fcy\u00fcmesinde, geli\u015fmesinde bizlere \u00f6rnek olan ve her zaman \u00f6rnek ald\u0131\u011f\u0131m\u0131z k\u0131ymetli b\u00fcy\u00fcklerimizle bir araday\u0131z. Koromuz ve ustalar\u0131m\u0131z bize g\u00fczel bir konser dinlettiler. Burada olmak bizlere \u00e7ok b\u00fcy\u00fck bir heyecan veriyor. \u015eefimiz Zeynep hocam, saz sanat\u00e7\u0131lar\u0131m\u0131z ve k\u0131ymetli koromuz uzun s\u00fcredir emek ediyorlar ve bu eme\u011fin \u00e7ok g\u00fczel meyvelerini al\u0131yoruz&#8221;<\/strong>&nbsp;dedi.<\/p>\n\n\n\n<p><strong>G\u00f6n\u00fclden Sesler Korosu dinleyenlerden tam not ald\u0131<\/strong><\/p>\n\n\n\n<p>Konseri dinlemeye gelen Mahmut Hasbay, \u00e7ok g\u00fczel bir organizasyon oldu\u011funu belirterek,&nbsp;<strong>&#8220;Mersin&#8217;de ya\u015fayan emekliler \u00e7ok \u015fansl\u0131. B\u00fcy\u00fck\u015fehir&#8217;in ya\u015f alm\u0131\u015flar i\u00e7in verdi\u011fi emekler \u00e7ok b\u00fcy\u00fck ve yap\u0131lan etkinlikler \u00e7ok fazla&#8221;<\/strong>&nbsp;dedi.<\/p>\n\n\n\n<p>Yeni\u015fehir Emekli Evi \u00dcyesi Kamer Naci ise,&nbsp;<strong>&#8220;\u00c7ok g\u00fczel bir ak\u015famd\u0131. S\u0131k s\u0131k yenilenmesini istiyoruz bu etkinliklerin. \u00c7ok keyif ald\u0131k. \u00d6zellikle bu s\u0131k\u0131nt\u0131l\u0131 g\u00fcnlerde i\u00e7imiz a\u00e7\u0131ld\u0131&#8221;<\/strong>&nbsp;diye konu\u015ftu. Konserden duydu\u011fu memnuniyeti dile getiren Pelin Alt\u0131n da&nbsp;<strong>&#8220;Tek kelime ile harikayd\u0131. \u00c7ok b\u00fcy\u00fck zevk ald\u0131k. \u00d6zellikle b\u00f6yle etkinlikler sayesinde emeklilerin sosyal aktiviteleri ve motivasyonlar\u0131 de\u011fi\u015fiyor. G\u00fczel ve keyifli bir ak\u015famd\u0131&#8221;<\/strong>&nbsp;ifadelerini kulland\u0131.<\/p>\n\n\n\n<p>Ba\u015fka bir dinleyici Fatma \u00c7e\u015fme de etkinlikle ilgili d\u00fc\u015f\u00fcncelerini;&nbsp;<strong>&#8220;\u0130\u015fin yorgunlu\u011funu bu konserde att\u0131m. Evde tek ba\u015f\u0131na kalmak bir s\u00fcre sonra ya\u015f alm\u0131\u015flarda Alzheimer ve Demans&#8217;a yol a\u00e7abiliyor. Konserde de duygudan duyguya ge\u00e7tik. Gerek h\u00fcz\u00fcnlendik gerek \u015fenlendik, oynad\u0131k. Herkesin gelip bu co\u015fkuyu ya\u015famas\u0131n\u0131 isterim&#8221;<\/strong>&nbsp;diyerek belirtti.<\/p>\n","protected":false},"excerpt":{"rendered":"<p>Sosyal belediyecilik anlay\u0131\u015f\u0131yla ya\u015f alm\u0131\u015f bireylerin aktif ve \u00fcretken bir ya\u015fam s\u00fcrmelerini destekleyen Mersin B\u00fcy\u00fck\u015fehir Belediyesi, Emekli Evleri arac\u0131l\u0131\u011f\u0131yla hem sosyal hem de k\u00fclt\u00fcrel faaliyetlere \u00f6nc\u00fcl\u00fck etmeye devam ediyor. Bu kapsamda Sosyal Hizmetler Dairesi Ba\u015fkanl\u0131\u011f\u0131 b\u00fcnyesinde faaliyet g\u00f6steren Emekli Evleri ger\u00e7ekle\u015ftirdi\u011fi k\u00fclt\u00fcrel etkinliklerine bir yenisini daha ekledi. Yeni\u015fehir ve Halkkent Emekli Evi \u00fcyelerinden olu\u015fan G\u00f6n\u00fclden [&hellip;]<\/p>\n","protected":false},"author":2,"featured_media":42234,"comment_status":"closed","ping_status":"closed","sticky":false,"template":"","format":"standard","meta":{"footnotes":""},"categories":[3],"tags":[],"class_list":["post-42233","post","type-post","status-publish","format-standard","has-post-thumbnail","hentry","category-manset"],"views":3,"_links":{"self":[{"href":"https:\/\/mersinkadingazetesi.com\/index.php?rest_route=\/wp\/v2\/posts\/42233"}],"collection":[{"href":"https:\/\/mersinkadingazetesi.com\/index.php?rest_route=\/wp\/v2\/posts"}],"about":[{"href":"https:\/\/mersinkadingazetesi.com\/index.php?rest_route=\/wp\/v2\/types\/post"}],"author":[{"embeddable":true,"href":"https:\/\/mersinkadingazetesi.com\/index.php?rest_route=\/wp\/v2\/users\/2"}],"replies":[{"embeddable":true,"href":"https:\/\/mersinkadingazetesi.com\/index.php?rest_route=%2Fwp%2Fv2%2Fcomments&post=42233"}],"version-history":[{"count":1,"href":"https:\/\/mersinkadingazetesi.com\/index.php?rest_route=\/wp\/v2\/posts\/42233\/revisions"}],"predecessor-version":[{"id":42235,"href":"https:\/\/mersinkadingazetesi.com\/index.php?rest_route=\/wp\/v2\/posts\/42233\/revisions\/42235"}],"wp:featuredmedia":[{"embeddable":true,"href":"https:\/\/mersinkadingazetesi.com\/index.php?rest_route=\/wp\/v2\/media\/42234"}],"wp:attachment":[{"href":"https:\/\/mersinkadingazetesi.com\/index.php?rest_route=%2Fwp%2Fv2%2Fmedia&parent=42233"}],"wp:term":[{"taxonomy":"category","embeddable":true,"href":"https:\/\/mersinkadingazetesi.com\/index.php?rest_route=%2Fwp%2Fv2%2Fcategories&post=42233"},{"taxonomy":"post_tag","embeddable":true,"href":"https:\/\/mersinkadingazetesi.com\/index.php?rest_route=%2Fwp%2Fv2%2Ftags&post=42233"}],"curies":[{"name":"wp","href":"https:\/\/api.w.org\/{rel}","templated":true}]}}