{"id":42236,"date":"2025-05-04T09:55:32","date_gmt":"2025-05-04T06:55:32","guid":{"rendered":"https:\/\/mersinkadingazetesi.com\/?p=42236"},"modified":"2025-05-04T09:55:32","modified_gmt":"2025-05-04T06:55:32","slug":"bu-yerleske-bi-harika","status":"publish","type":"post","link":"https:\/\/mersinkadingazetesi.com\/?p=42236","title":{"rendered":"BU YERLE\u015eKE B\u0130 HAR\u0130KA!"},"content":{"rendered":"\n<p>Mersin B\u00fcy\u00fck\u015fehir Belediyesi Park ve Bah\u00e7eler Dairesi Ba\u015fkanl\u0131\u011f\u0131 b\u00fcnyesindeki&nbsp;<strong>&#8216;Fidanl\u0131k Yerle\u015fkesi&#8217;<\/strong>, kent esteti\u011fi ad\u0131na harika i\u015fler yarat\u0131rken, adeta bir&nbsp;<strong><em>&#8216;estetik fabrikas\u0131&#8217;<\/em><\/strong>&nbsp;gibi \u00e7al\u0131\u015f\u0131yor. Mersin&#8217;i daha ye\u015fil ve renkli bir kent yapmak i\u00e7in \u00e7al\u0131\u015fmalar\u0131na t\u00fcm h\u0131zla devam eden ekipler, Fidanl\u0131k Yerle\u015fkesi sayesinde tek bir alandan hizmet \u00fcretme \u015fans\u0131 yakalarken, kent peyzaj\u0131 ad\u0131na ortaya koyduklar\u0131 t\u00fcm \u00e7al\u0131\u015fmalar\u0131 da buradaki at\u00f6lyelerden ve seralardan \u00e7\u0131kar\u0131yor.<\/p>\n\n\n\n<p><strong>Ekiplerin uyumlu \u00e7al\u0131\u015fmas\u0131, kent esteti\u011fine yans\u0131yor<\/strong><\/p>\n\n\n\n<p>1 milyon 400 bin metrekare ye\u015fil alan ile toplam 446 kilometre cadde, bulvar ve ref\u00fcj\u00fcn t\u00fcm sorumlulu\u011funu \u00fcstlenen Mersin B\u00fcy\u00fck\u015fehir, t\u00fcm bu hizmet alan\u0131na sadece 77 bin metrekare alana sahip Fidanl\u0131k Yerle\u015fkesi&#8217;nden ula\u015farak, kentin g\u00fczelle\u015fmesini sa\u011fl\u0131yor. B\u00fct\u00fcn i\u015flerin tek bir alandan B\u00fcy\u00fck\u015fehir&#8217;in kendi b\u00fcnyesindeki \u00e7al\u0131\u015fmalar ile y\u00fcr\u00fct\u00fcl\u00fcyor olmas\u0131 ayn\u0131 zamanda b\u00fcy\u00fck bir kaynak tasarrufu sa\u011fl\u0131yor. Ekiplerin birbiri ile olan uyumlu \u00e7al\u0131\u015fmalar\u0131n\u0131n meyvesi de Mersin&#8217;in g\u00fczelli\u011fine yans\u0131yor. Ekipler, birbirinden g\u00fczel \u00f6zenli \u00e7al\u0131\u015fmalar\u0131n\u0131, kentte ortaya koyduklar\u0131 yine birbirinden g\u00fczel \u00e7al\u0131\u015fmalarla adeta ispat ediyor. T\u00fcm ekibin tek bir noktadan koordine olarak, uyum i\u00e7erisinde \u00e7al\u0131\u015fmas\u0131, kentin g\u00fczelli\u011fine g\u00fczellik kat\u0131yor. Kentin estetik alandaki t\u00fcm sorumlulu\u011fu, peyzaj\u0131 ve g\u00fczelli\u011fi bu yerle\u015fkeden soruluyor. Kent ad\u0131na \u00fcretilen fikirlerin yan\u0131 s\u0131ra i\u015f\u00e7ili\u011fin de tek bir noktadan \u00e7\u0131k\u0131yor olmas\u0131,&nbsp;<strong><em>&#8216;estetik fabrikas\u0131&#8217;<\/em><\/strong>&nbsp;tan\u0131m\u0131n\u0131n alt\u0131n\u0131 doldurmaya da yetiyor.<\/p>\n\n\n\n<p><strong>B\u00fcy\u00fck\u015fehir,&nbsp;<em>&#8216;Memnuniyetle G\u00fczelle\u015ftiriyor&#8217;<\/em><\/strong><\/p>\n\n\n\n<p>Park ve Bah\u00e7eler Dairesi Ba\u015fkanl\u0131\u011f\u0131 ekipleri,&nbsp;<strong><em>&#8220;Memnuniyetle G\u00fczelle\u015ftiriyoruz&#8221;<\/em><\/strong>&nbsp;mottosu ile Fidanl\u0131k Yerle\u015fkesi&#8217;nden kentin g\u00fczelli\u011fine g\u00fczellik kat\u0131yor. Mersin&#8217;in kent peyzaj\u0131 ve ye\u015fil alanlar\u0131n sorumlulu\u011fu B\u00fcy\u00fck\u015fehir Belediyesi&#8217;nin Park ve Bah\u00e7eler Dairesi Ba\u015fkanl\u0131\u011f\u0131&#8217;ndan soruluyor. Park ve Bah\u00e7eler Dairesi Ba\u015fkanl\u0131\u011f\u0131&#8217;n\u0131n t\u00fcm birimleri burada hizmet veriyor. Ekipler \u00e7ok h\u0131zl\u0131 bir \u015fekilde birbiri ile temas halinde oldu\u011fundan, daha h\u0131zl\u0131 aksiyon alabiliyorlar ve bu sayede de birbiri ile kolayl\u0131kla efektif bir \u015fekilde koordine olabiliyorlar.<\/p>\n\n\n\n<p><strong>Yerle\u015fke&#8217;deki at\u00f6lyelerde harikalar yarat\u0131l\u0131yor<\/strong><\/p>\n\n\n\n<p>Fidanl\u0131k Yerle\u015fkesi&#8217;nde yer alan Marangoz, Kaynak ve Sanat At\u00f6lyeleri gibi at\u00f6lyelerde bank, kamelya ve piknik masas\u0131 gibi kent mobilyalar\u0131ndan, kent mobilyalar\u0131n\u0131n demir aksamlar\u0131na varana ve \u00f6zel g\u00fcnlerde tasar\u0131m\u0131 yap\u0131lan \u00f6zel kent mobilyalar\u0131na kadar t\u00fcm i\u015fler bu yerle\u015fkeden \u00e7\u0131k\u0131yor. Kent mobilyalar\u0131; ustalar\u0131n tezg\u00e2h\u0131ndan en ince i\u015f\u00e7ilikle \u00e7\u0131karken, \u00e7i\u00e7eklere ve fidanlara da ayn\u0131 \u00f6zen g\u00f6steriliyor. Fidanl\u0131k Yerle\u015fkesi&#8217;nde; sulama ekipleri, elektrik ve ayd\u0131nlatma i\u015fleri ile ilgilenen elektrik ekipleri, yap\u0131sal i\u015flerle ilgilenen bord\u00fcr ve boya ekibi, kent mobilyalar\u0131 ile ilgilenen ah\u015fap ve demir at\u00f6lyeleri, \u00e7ocuk oyun grubu tamir, bak\u0131m ekibi ile sanatsal konularla ilgilenen sanat at\u00f6lyeleri yer al\u0131yor.&nbsp;Ye\u015fil alanlarda kullan\u0131lan mevsimlik ve \u00e7al\u0131 grubu bitkilerin bir k\u0131sm\u0131 fidanl\u0131k alan\u0131nda tohum veya \u00e7elik k\u00f6klendirme \u00fcretim y\u00f6ntemleri ile personel taraf\u0131ndan seralarda \u00fcretilirken; sat\u0131n al\u0131nan bitkiler ise fidanl\u0131k alan\u0131na yerle\u015ftirildikten sonra dikim yap\u0131lacak alana sevk edilerek ekipler taraf\u0131ndan dikimleri yap\u0131l\u0131yor. Fidanl\u0131kta ayn\u0131 zamanda \u00e7e\u015fitli etkenlerle zarar g\u00f6rm\u00fc\u015f bitkilerin bak\u0131mlar\u0131 da yap\u0131l\u0131yor. Bitki bak\u0131m\u0131 ile ilgili g\u00f6rev yapan g\u00fcbreleme ve ila\u00e7lama ekibi de sorumluluk alanlar\u0131ndaki bitkilerin g\u00fcbrelemesini ve ila\u00e7lamas\u0131n\u0131 d\u00fczenli olarak yap\u0131yor.&nbsp;Ayr\u0131ca KentBis Ak\u0131ll\u0131 Bisiklet Sistemi ile Hobi Park\u0131&#8217;n\u0131n faaliyetleri de Fidanl\u0131k&#8217;tan y\u00fcr\u00fct\u00fcl\u00fcrken, t\u00fcm idari i\u015flemler de bu noktadan koordine ediliyor.<\/p>\n\n\n\n<p><strong>\u0130\u015fcan Ate\u015f: &#8220;T\u00fcm ekiplerimizle birlikte b\u00fct\u00fcn Mersin&#8217;i g\u00fczelle\u015ftiriyoruz&#8221;<\/strong><\/p>\n\n\n\n<p>Mersin B\u00fcy\u00fck\u015fehir Belediyesi Park Bah\u00e7eler Daire Ba\u015fkanl\u0131\u011f\u0131 Park Bah\u00e7eler Proje \u015eube M\u00fcd\u00fcrl\u00fc\u011f\u00fc&#8217;nde Birim \u015eefi ve Peyzaj Mimar\u0131 olarak g\u00f6rev yapan \u015eeniz \u0130\u015fcan Ate\u015f,&nbsp;<strong>&#8220;Fidanl\u0131k Yerle\u015fkesi i\u00e7erisinde Daire Ba\u015fkanl\u0131\u011f\u0131m\u0131z\u0131n \u0130dari Hizmet Binas\u0131, M\u00fcd\u00fcriyet Binas\u0131 ve Mersin&#8217;i g\u00fczelle\u015ftirirken \u00e7al\u0131\u015fmalar yapt\u0131\u011f\u0131m\u0131z b\u00fct\u00fcn at\u00f6lyelerimiz ile seralar ve fidanl\u0131k alan\u0131m\u0131z yer almakta&#8221;&nbsp;<\/strong>dedi ve daire ba\u015fkanl\u0131\u011f\u0131 olarak nas\u0131l bir \u00e7al\u0131\u015fma sistemi ile hizmet \u00fcrettiklerini aktard\u0131. Park ve bah\u00e7eler b\u00fcnyesindeki bir\u00e7ok ekibin uyum i\u00e7erisinde ve koordineli bir \u015fekilde \u00e7al\u0131\u015ft\u0131klar\u0131n\u0131 kaydeden \u0130\u015fcan Ate\u015f,&nbsp;<strong>&#8220;T\u00fcm ekiplerimizle birlikte b\u00fct\u00fcn Mersin&#8217;i g\u00fczelle\u015ftiriyoruz. Mersin&#8217;in her yerinde, \u00f6zellikle merkez il\u00e7elerde ve koordinasyona ba\u011fl\u0131 il\u00e7elerimizde yap\u0131lan peyzaj \u00e7al\u0131\u015fmalar\u0131nda hep bu ekiplerimizle birlikte hareket ediyoruz. Ekiplerimiz kendi bran\u015flar\u0131na g\u00f6re hangi birimde yer al\u0131yorlarsa, o ekiple birlikte \u00e7al\u0131\u015fmalar\u0131n\u0131 y\u00fcr\u00fctmekte. B\u00fct\u00fcn ekiplerimizin ba\u015f\u0131nda da m\u00fchendis ve mimarlardan olu\u015fan teknik ekip sorumlular\u0131m\u0131z yer almakta&#8221;&nbsp;<\/strong>diye belirtti.<\/p>\n\n\n\n<p><strong>&#8220;Ekiplerimizin tek bir noktadan, uyum i\u00e7erisinde \u00e7al\u0131\u015fmas\u0131 kentimizin g\u00fczelli\u011fine g\u00fczellik kat\u0131yor&#8221;<\/strong><\/p>\n\n\n\n<p>Merkez il\u00e7elerin haricinde, di\u011fer il\u00e7elerde s\u00fcrd\u00fcrd\u00fckleri \u00e7al\u0131\u015fmalar\u0131 da Koordinasyon \u015eube M\u00fcd\u00fcrl\u00fckleri ve Muhtarl\u0131k \u0130\u015fleri Dairesi Ba\u015fkanl\u0131\u011f\u0131 ile birlikte y\u00fcr\u00fctt\u00fcklerini de anlatan \u0130\u015fcan Ate\u015f,&nbsp;<strong>&#8220;Mersin&#8217;e en g\u00fczel hizmeti vermeye \u00e7al\u0131\u015f\u0131yoruz&#8221;&nbsp;<\/strong>ifadelerine yer verdi. Yerle\u015fke&#8217;nin \u00e7al\u0131\u015fma sistemi hakk\u0131nda detayl\u0131 bilgiler veren \u0130\u015fcan Ate\u015f,&nbsp;<strong>&#8220;Ekiplerimizle hem fidanl\u0131ktaki hem de \u015fehrin genelindeki bitkilerin bak\u0131m\u0131 ile ilgileniyoruz. Ekiplerimizle bir arada bulundu\u011fumuzdan dolay\u0131, h\u0131zl\u0131 bir \u015fekilde aksiyon alarak yapt\u0131\u011f\u0131m\u0131z i\u015flerde en g\u00fczel sonuca ula\u015fmay\u0131 hedefliyoruz. Bunu da ba\u015fard\u0131\u011f\u0131m\u0131z\u0131 umut ediyorum. Vatanda\u015flar\u0131m\u0131za en iyi hizmeti verebilmek i\u00e7in elimizden geleni yap\u0131yoruz&#8221;&nbsp;<\/strong>dedi.<\/p>\n\n\n\n<p>Mersin B\u00fcy\u00fck\u015fehir Belediyesi Park ve Bah\u00e7eler Dairesi Ba\u015fkanl\u0131\u011f\u0131 olarak Mersin genelinde 1 milyon 400 bin metrekare ye\u015fil alan ve 446 kilometre cadde, bulvar ve ref\u00fcjlerin sorumlulu\u011funun kendilerinde oldu\u011funu da dile getiren \u0130\u015fcan Ate\u015f,&nbsp;<strong>&#8220;B\u00fct\u00fcn Mersinimizi Fidanl\u0131k Yerle\u015fkesi&#8217;nden idare ederek t\u00fcm Mersinimizi memnuniyetle g\u00fczelle\u015ftiriyoruz. Mottomuz;&nbsp;<em>&#8216;memnuniyetle g\u00fczelle\u015ftirmek&#8217;<\/em>. Ekiplerimizin de tek bir noktadan, uyum i\u00e7erisinde \u00e7al\u0131\u015f\u0131yor olmas\u0131 kentimizin g\u00fczelli\u011fine g\u00fczellik kat\u0131yor&#8221;&nbsp;<\/strong>ifadelerini kulland\u0131.<\/p>\n","protected":false},"excerpt":{"rendered":"<p>Mersin B\u00fcy\u00fck\u015fehir Belediyesi Park ve Bah\u00e7eler Dairesi Ba\u015fkanl\u0131\u011f\u0131 b\u00fcnyesindeki&nbsp;&#8216;Fidanl\u0131k Yerle\u015fkesi&#8217;, kent esteti\u011fi ad\u0131na harika i\u015fler yarat\u0131rken, adeta bir&nbsp;&#8216;estetik fabrikas\u0131&#8217;&nbsp;gibi \u00e7al\u0131\u015f\u0131yor. Mersin&#8217;i daha ye\u015fil ve renkli bir kent yapmak i\u00e7in \u00e7al\u0131\u015fmalar\u0131na t\u00fcm h\u0131zla devam eden ekipler, Fidanl\u0131k Yerle\u015fkesi sayesinde tek bir alandan hizmet \u00fcretme \u015fans\u0131 yakalarken, kent peyzaj\u0131 ad\u0131na ortaya koyduklar\u0131 t\u00fcm \u00e7al\u0131\u015fmalar\u0131 da buradaki at\u00f6lyelerden [&hellip;]<\/p>\n","protected":false},"author":2,"featured_media":42237,"comment_status":"closed","ping_status":"closed","sticky":false,"template":"","format":"standard","meta":{"footnotes":""},"categories":[3],"tags":[],"class_list":["post-42236","post","type-post","status-publish","format-standard","has-post-thumbnail","hentry","category-manset"],"views":3,"_links":{"self":[{"href":"https:\/\/mersinkadingazetesi.com\/index.php?rest_route=\/wp\/v2\/posts\/42236"}],"collection":[{"href":"https:\/\/mersinkadingazetesi.com\/index.php?rest_route=\/wp\/v2\/posts"}],"about":[{"href":"https:\/\/mersinkadingazetesi.com\/index.php?rest_route=\/wp\/v2\/types\/post"}],"author":[{"embeddable":true,"href":"https:\/\/mersinkadingazetesi.com\/index.php?rest_route=\/wp\/v2\/users\/2"}],"replies":[{"embeddable":true,"href":"https:\/\/mersinkadingazetesi.com\/index.php?rest_route=%2Fwp%2Fv2%2Fcomments&post=42236"}],"version-history":[{"count":1,"href":"https:\/\/mersinkadingazetesi.com\/index.php?rest_route=\/wp\/v2\/posts\/42236\/revisions"}],"predecessor-version":[{"id":42238,"href":"https:\/\/mersinkadingazetesi.com\/index.php?rest_route=\/wp\/v2\/posts\/42236\/revisions\/42238"}],"wp:featuredmedia":[{"embeddable":true,"href":"https:\/\/mersinkadingazetesi.com\/index.php?rest_route=\/wp\/v2\/media\/42237"}],"wp:attachment":[{"href":"https:\/\/mersinkadingazetesi.com\/index.php?rest_route=%2Fwp%2Fv2%2Fmedia&parent=42236"}],"wp:term":[{"taxonomy":"category","embeddable":true,"href":"https:\/\/mersinkadingazetesi.com\/index.php?rest_route=%2Fwp%2Fv2%2Fcategories&post=42236"},{"taxonomy":"post_tag","embeddable":true,"href":"https:\/\/mersinkadingazetesi.com\/index.php?rest_route=%2Fwp%2Fv2%2Ftags&post=42236"}],"curies":[{"name":"wp","href":"https:\/\/api.w.org\/{rel}","templated":true}]}}