{"id":42254,"date":"2025-05-05T11:14:51","date_gmt":"2025-05-05T08:14:51","guid":{"rendered":"https:\/\/mersinkadingazetesi.com\/?p=42254"},"modified":"2025-05-05T11:14:53","modified_gmt":"2025-05-05T08:14:53","slug":"universite-ogrencileri-arasi-hafizlik-yarismasi-kadinlar-akdeniz-bolge-finali-universitemizde-duzenlendi","status":"publish","type":"post","link":"https:\/\/mersinkadingazetesi.com\/?p=42254","title":{"rendered":"\u00dcniversite \u00d6\u011frencileri Aras\u0131 Haf\u0131zl\u0131k Yar\u0131\u015fmas\u0131 Kad\u0131nlar Akdeniz B\u00f6lge Finali \u00dcniversitemizde D\u00fczenlendi"},"content":{"rendered":"\n<p>Y\u00fcksek\u00f6\u011fretim Kurulu ve Diyanet \u0130\u015fleri Ba\u015fkanl\u0131\u011f\u0131&#8217;n\u0131n birlikte d\u00fczenledi\u011fi, b\u00fcy\u00fck bir co\u015fku ve manevi atmosfer e\u015fli\u011finde d\u00fczenlenen \u00dcniversite \u00d6\u011frencileri Aras\u0131 Haf\u0131zl\u0131k Yar\u0131\u015fmas\u0131 Kad\u0131nlar Akdeniz B\u00f6lge Finali, \u00dcniversitemiz \u0130lahiyat Fak\u00fcltesi ev sahipli\u011finde ger\u00e7ekle\u015ftirildi.&nbsp;<\/p>\n\n\n\n<p>Programa; Isparta, Antalya, Adana, Kahramanmara\u015f ve Hatay&#8217;dan kat\u0131lan yar\u0131\u015fmac\u0131lar h\u00fcnerlerini sergiledi.&nbsp;<\/p>\n\n\n\n<p>Kur\u2019an\u2019a g\u00f6n\u00fcl veren gen\u00e7 han\u0131mefendilerin yar\u0131\u015ft\u0131\u011f\u0131 etkinlik, 2 May\u0131s 2025 cuma g\u00fcn\u00fc sabah saatlerinde ba\u015flad\u0131. Program, \u0130stiklal Mar\u015f\u0131 ve sayg\u0131 duru\u015funun ard\u0131ndan \u0130lahiyat Fak\u00fcltesi Dekan\u0131m\u0131z Prof. Dr. Abdulvahid Sezen\u2019in selamlama konu\u015fmas\u0131yla a\u00e7\u0131ld\u0131.<\/p>\n\n\n\n<p>Yar\u0131\u015fman\u0131n j\u00fcri heyetinde Mersin \u0130l M\u00fcft\u00fcs\u00fc Ayd\u0131n Y\u0131\u011fman, \u0130l M\u00fcft\u00fc Yard\u0131mc\u0131s\u0131 \u00dcmm\u00fchan Mert, \u00d6\u011fr. G\u00f6r. Muzaffer \u0130nneci, Kur\u2019an Kursu \u00d6\u011freticileri Ay\u015fe \u00d6zdemir ve Menek\u015fe Ba\u011fdemir yer ald\u0131. J\u00fcri \u00fcyeleri, yar\u0131\u015fmac\u0131lar\u0131n performanslar\u0131n\u0131 dikkatle de\u011ferlendirerek g\u00fcn\u00fcn sonunda dereceye giren isimleri belirledi.<\/p>\n\n\n\n<p>Yakla\u015f\u0131k iki saat s\u00fcren yar\u0131\u015fma sonunda j\u00fcri heyetinin de\u011ferlendirmeleri neticesinde sonu\u00e7lar ilan edildi ve dereceye giren yar\u0131\u015fmac\u0131lara \u00f6d\u00fclleri takdim edildi. Programa kat\u0131lan misafirler ve kat\u0131l\u0131mc\u0131lar, yar\u0131\u015fma sonras\u0131 d\u00fczenlenen \u00f6\u011fle yeme\u011finde bir araya geldi.<\/p>\n\n\n\n<p>Etkinilikte kat\u0131l\u0131mc\u0131lar bu anlaml\u0131 yar\u0131\u015fman\u0131n ev sahipli\u011fini \u00fcstlenen \u00dcniversitemiz \u0130lahiyat Fak\u00fcltesi&#8217;ne, yar\u0131\u015fmaya katk\u0131 sunan Mersin \u0130l M\u00fcft\u00fcl\u00fc\u011f\u00fc\u2019ne ve Mezitli, Yeni\u015fehir, Toroslar ve Akdeniz \u0130l\u00e7e M\u00fcft\u00fcl\u00fcklerine te\u015fekk\u00fcrlerini ifade etti.<\/p>\n\n\n\n<p>Yar\u0131\u015fma sonunda Hatay Mustafa Kemal \u00dcniversitesi \u00f6\u011frencisi Zeynep Tekin birinci, \u00c7ukurova \u00dcniversitesi \u00f6\u011frencisi Meryem S\u00f6zer ikinci, Kahramanmara\u015f S\u00fct\u00e7\u00fc \u0130mam \u00dcniversitesi \u00f6\u011frencisi Elif Topal \u00fc\u00e7\u00fcnc\u00fc oldu.<\/p>\n","protected":false},"excerpt":{"rendered":"<p>Y\u00fcksek\u00f6\u011fretim Kurulu ve Diyanet \u0130\u015fleri Ba\u015fkanl\u0131\u011f\u0131&#8217;n\u0131n birlikte d\u00fczenledi\u011fi, b\u00fcy\u00fck bir co\u015fku ve manevi atmosfer e\u015fli\u011finde d\u00fczenlenen \u00dcniversite \u00d6\u011frencileri Aras\u0131 Haf\u0131zl\u0131k Yar\u0131\u015fmas\u0131 Kad\u0131nlar Akdeniz B\u00f6lge Finali, \u00dcniversitemiz \u0130lahiyat Fak\u00fcltesi ev sahipli\u011finde ger\u00e7ekle\u015ftirildi.&nbsp; Programa; Isparta, Antalya, Adana, Kahramanmara\u015f ve Hatay&#8217;dan kat\u0131lan yar\u0131\u015fmac\u0131lar h\u00fcnerlerini sergiledi.&nbsp; Kur\u2019an\u2019a g\u00f6n\u00fcl veren gen\u00e7 han\u0131mefendilerin yar\u0131\u015ft\u0131\u011f\u0131 etkinlik, 2 May\u0131s 2025 cuma g\u00fcn\u00fc sabah [&hellip;]<\/p>\n","protected":false},"author":2,"featured_media":42255,"comment_status":"closed","ping_status":"closed","sticky":false,"template":"","format":"standard","meta":{"footnotes":""},"categories":[3],"tags":[],"class_list":["post-42254","post","type-post","status-publish","format-standard","has-post-thumbnail","hentry","category-manset"],"views":3,"_links":{"self":[{"href":"https:\/\/mersinkadingazetesi.com\/index.php?rest_route=\/wp\/v2\/posts\/42254"}],"collection":[{"href":"https:\/\/mersinkadingazetesi.com\/index.php?rest_route=\/wp\/v2\/posts"}],"about":[{"href":"https:\/\/mersinkadingazetesi.com\/index.php?rest_route=\/wp\/v2\/types\/post"}],"author":[{"embeddable":true,"href":"https:\/\/mersinkadingazetesi.com\/index.php?rest_route=\/wp\/v2\/users\/2"}],"replies":[{"embeddable":true,"href":"https:\/\/mersinkadingazetesi.com\/index.php?rest_route=%2Fwp%2Fv2%2Fcomments&post=42254"}],"version-history":[{"count":1,"href":"https:\/\/mersinkadingazetesi.com\/index.php?rest_route=\/wp\/v2\/posts\/42254\/revisions"}],"predecessor-version":[{"id":42256,"href":"https:\/\/mersinkadingazetesi.com\/index.php?rest_route=\/wp\/v2\/posts\/42254\/revisions\/42256"}],"wp:featuredmedia":[{"embeddable":true,"href":"https:\/\/mersinkadingazetesi.com\/index.php?rest_route=\/wp\/v2\/media\/42255"}],"wp:attachment":[{"href":"https:\/\/mersinkadingazetesi.com\/index.php?rest_route=%2Fwp%2Fv2%2Fmedia&parent=42254"}],"wp:term":[{"taxonomy":"category","embeddable":true,"href":"https:\/\/mersinkadingazetesi.com\/index.php?rest_route=%2Fwp%2Fv2%2Fcategories&post=42254"},{"taxonomy":"post_tag","embeddable":true,"href":"https:\/\/mersinkadingazetesi.com\/index.php?rest_route=%2Fwp%2Fv2%2Ftags&post=42254"}],"curies":[{"name":"wp","href":"https:\/\/api.w.org\/{rel}","templated":true}]}}