{"id":42257,"date":"2025-05-05T11:16:24","date_gmt":"2025-05-05T08:16:24","guid":{"rendered":"https:\/\/mersinkadingazetesi.com\/?p=42257"},"modified":"2025-05-05T11:16:26","modified_gmt":"2025-05-05T08:16:26","slug":"buyuksehir-plastiksiz-bir-gelecek-icin-kararli-adimlar-atmayi-surduruyor","status":"publish","type":"post","link":"https:\/\/mersinkadingazetesi.com\/?p=42257","title":{"rendered":"B\u00dcY\u00dcK\u015eEH\u0130R, PLAST\u0130KS\u0130Z B\u0130R GELECEK \u0130\u00c7\u0130N KARARLI ADIMLAR ATMAYI S\u00dcRD\u00dcR\u00dcYOR"},"content":{"rendered":"\n<p>Mersin B\u00fcy\u00fck\u015fehir Belediyesi&#8217;nin \u0130klim De\u011fi\u015fikli\u011fi ve S\u0131f\u0131r At\u0131k Dairesi Ba\u015fkanl\u0131\u011f\u0131 ile D\u0131\u015f \u0130li\u015fkiler ve Projeler \u015eube M\u00fcd\u00fcrl\u00fc\u011f\u00fc koordinesinde; Avrupa Birli\u011fi (AB) taraf\u0131ndan finanse edilen REMEDIES-2 program\u0131 kapsam\u0131nda hibe almaya hak kazand\u0131\u011f\u0131&nbsp;<strong>&#8216;<em>Plastiksiz Mersin Sahilleri \u0130\u00e7in Birle\u015fiyoruz&#8217;&nbsp;<\/em><\/strong>projesinin kapan\u0131\u015f toplant\u0131s\u0131 ger\u00e7ekle\u015ftirildi.<\/p>\n\n\n\n<p>Mercan 100. Y\u0131l \u0130klim ve \u00c7evre Bilim Merkezi&#8217;nde ger\u00e7ekle\u015ftirilen toplant\u0131ya; B\u00fcy\u00fck\u015fehir Belediyesi b\u00fcrokratlar\u0131n\u0131n yan\u0131 s\u0131ra daire ba\u015fkanl\u0131k temsilcileri, Mersin \u00c7evre, \u015eehircilik ve \u0130klim De\u011fi\u015fikli\u011fi&nbsp;\u0130l M\u00fcd\u00fcrl\u00fc\u011f\u00fc,&nbsp;il\u00e7e belediyeleri, meslek odalar\u0131 ve kent \u00fcniversitelerinden \u00e7ok say\u0131da kat\u0131l\u0131mc\u0131 yer ald\u0131. Etkinlikte; REMEDIES Proje Ment\u00f6rlerinden Uros Novak ve proje koordinat\u00f6r\u00fc Tadej Stepisnik Perdih&#8217;de oturuma canl\u0131 ba\u011flanarak proje kapsam\u0131nda d\u00fc\u015f\u00fcncelerini payla\u015ft\u0131lar.<\/p>\n\n\n\n<p><a><\/a>A\u00e7\u0131l\u0131\u015f konu\u015fmalar\u0131 ile ba\u015flayan program, 2 oturumda ger\u00e7ekle\u015ftirildi. \u0130lk oturumda; kent payda\u015flar\u0131n\u0131 da i\u00e7ine alarak y\u00fcr\u00fct\u00fclen proje kapsam\u0131nda 8 ay boyunca s\u00fcresince ger\u00e7ekle\u015ftirilen, sahil temizli\u011fi ve saha \u00e7al\u0131\u015fmalar\u0131, fark\u0131ndal\u0131k etkinlikleri, Adnan Menderes sahiline yerle\u015ftirilen 6 adet i\u00e7me suyu ve plastik at\u0131k \u00fcniteleri gibi uygulamalar hakk\u0131nda kat\u0131l\u0131mc\u0131lara detayl\u0131 bilgiler verildi. \u0130kinci oturumda ise; projeye katk\u0131 sunan kurum ve kurulu\u015f temsilcileri deneyimlerini ve proje hakk\u0131ndaki g\u00f6r\u00fc\u015flerini aktard\u0131lar.<\/p>\n\n\n\n<p>Etkinlikte; plastiksiz bir kent ve kentlilik bilinci yaratmak i\u00e7in geri d\u00f6n\u00fc\u015f\u00fcm k\u00fclt\u00fcr\u00fcn\u00fc her ya\u015fa a\u015f\u0131lamak ve s\u00fcrd\u00fcr\u00fclebilir ya\u015fam\u0131 desteklemek i\u00e7in hayata ge\u00e7irilen bu projelerin kararl\u0131l\u0131kla s\u00fcrd\u00fcr\u00fclece\u011fi vurguland\u0131.<\/p>\n\n\n\n<p><strong>Alp:&nbsp;<\/strong><strong>&#8220;<\/strong><strong>Son y\u0131llar\u0131n en \u00f6nemli sorunlar\u0131ndan biri denizlerimizde giderek artan mikroplastik kirlili\u011fi<\/strong><strong>&#8220;<\/strong><\/p>\n\n\n\n<p>Mersin B\u00fcy\u00fck\u015fehir Belediyesi&nbsp;\u0130klim De\u011fi\u015fikli\u011fi ve S\u0131f\u0131r At\u0131k Daire Ba\u015fkan\u0131 Arda Alp, mikroplastikleri \u00f6nlemenin yolunun, tek kullan\u0131ml\u0131k plastik t\u00fcketimini azaltmak, geri d\u00f6n\u00fc\u015f\u00fcm\u00fc te\u015fvik etmek ve vatanda\u015flar\u0131n \u00e7evre bilincine sahip olmas\u0131ndan ge\u00e7ti\u011fini belirtti. Alp,<strong>&nbsp;&#8220;\u0130klim De\u011fi\u015fikli\u011fi ve S\u0131f\u0131r At\u0131k Dairemiz taraf\u0131ndan haz\u0131rlanan&nbsp;<em>&#8220;Plastiksiz Mersin Sahilleri \u0130\u00e7in Birle\u015fiyoruz!&#8221;&nbsp;<\/em>projemiz bu do\u011frultuda Avrupa Birli\u011fi Horizon program\u0131 REMEDIES konsorsiyomu taraf\u0131ndan en ba\u015far\u0131l\u0131 proje se\u00e7ildi. Son y\u0131llar\u0131n en \u00f6nemli sorunlar\u0131ndan biri denizlerimizde giderek artan mikroplastik kirlili\u011fidir. Bizim&nbsp;projemizdeki en \u00f6nemli nokta; ka\u011f\u0131t \u00fcst\u00fcnde ve \u00f6neride kalmay\u0131p somut uygulamalar yapmam\u0131z ve bu soruna do\u011frudan fark\u0131ndal\u0131k yaratarak sahada uygulamam\u0131zd\u0131r&#8221;&nbsp;<\/strong>dedi.<\/p>\n\n\n\n<p><strong>Dr. Zorlu: Akdeniz&#8217;in ve okyanuslar\u0131n korunmas\u0131 i\u00e7in yap\u0131lan projeleri s\u0131ralad\u0131<\/strong><\/p>\n\n\n\n<p>Afet \u0130\u015fleri Dairesi Ba\u015fkan\u0131 Dr. Kemal Zorlu, kapan\u0131\u015f toplant\u0131s\u0131nda yapt\u0131\u011f\u0131 konu\u015fmas\u0131nda, plastik at\u0131klar\u0131n do\u011fada yok olma s\u00fcresinin olduk\u00e7a uzun oldu\u011funu ve at\u0131k kullan\u0131m\u0131 azaltmak i\u00e7in B\u00fcy\u00fck\u015fehir olarak kompost \u00fcretimine ba\u015flad\u0131klar\u0131n\u0131 dile getirdi. Dr. Zorlu, B\u00fcy\u00fck\u015fehir Belediyesi olarak, Akdeniz&#8217;in ve okyanuslar\u0131n korunmas\u0131 i\u00e7in pek \u00e7ok projede yer ald\u0131klar\u0131n\u0131 s\u0131ralayarak,&nbsp;<strong>&#8220;Bunlar\u0131n hepsi bizi \u00e7ok motive ediyor. \u00c7\u00fcnk\u00fc projemiz, Horizon program\u0131n\u0131n alt\u0131ndaki REMEDIES konsorsiyumu taraf\u0131ndan desteklenen d\u00fcnyadaki 3 projeden bir tanesi ve en y\u00fcksek puanla desteklendi. \u00c7\u00fcnk\u00fc t\u00fcm kurgusu itibariyle geri d\u00f6n\u00fc\u015f\u00fcm\u00fc destekleyen modern bir proje. Biz buradaki hedefimiz asl\u0131nda tek kullan\u0131ml\u0131k plastiklerin olabildi\u011fince azalt\u0131lmas\u0131. \u00d6zellikle insanlar\u0131n zamanlar\u0131n\u0131n b\u00fcy\u00fck \u00e7o\u011funlu\u011funu ge\u00e7irdikleri yerlerde sular\u0131n\u0131 doldurabilecekleri su dolum \u00fcniteleri ve pet \u015fi\u015felerini atabilece\u011fi sepetler olu\u015fturduk&#8221;<\/strong>&nbsp;dedi.<\/p>\n\n\n\n<p>Projede en \u00f6nemli unsurun s\u00fcrd\u00fcr\u00fclebilirlik oldu\u011funa dikkat \u00e7eken Zorlu, ilerleyen s\u00fcre\u00e7lerde Mercan 100. Y\u0131l \u0130klim ve \u00c7evre Bilim Merkezi&#8217;nde bulunan enjeksiyon makinesinde olas\u0131 bir deprem veya afet riskinde vatanda\u015flar\u0131n seslerini duyurabilmesi i\u00e7in d\u00fcd\u00fck \u00fcretmeye ba\u015flayacaklar\u0131n\u0131 da duyurdu. Zorlu, bu projenin uluslararas\u0131 bir ba\u015far\u0131 yakalamas\u0131ndan da son derece mutlu ve gururlu olduklar\u0131n\u0131 ifade ederek s\u00f6zlerini noktalad\u0131.<\/p>\n\n\n\n<p><strong>Sazan: &#8220;Projeyi ba\u015far\u0131l\u0131 bir \u015fekilde tamamlaman\u0131n gururunu ya\u015f\u0131yoruz&#8221;<\/strong><\/p>\n\n\n\n<p>\u0130klim De\u011fi\u015fikli\u011fi ve S\u0131f\u0131r At\u0131k Daire Ba\u015fkanl\u0131\u011f\u0131 S\u0131f\u0131r At\u0131k Y\u00f6netimi \u015eube M\u00fcd\u00fcr\u00fc Selim Sazan, REMEDIES projesini tan\u0131tt\u0131.&nbsp;<strong><em>&#8216;Plastiksiz Mersin Sahilleri \u0130\u00e7in Birle\u015fiyoruz!<\/em><\/strong>&#8216; projesinin&nbsp;Mersin&#8217;de plastik bilincine sahip bir toplum olu\u015fturman\u0131n yan\u0131 s\u0131ra plastik kullan\u0131m\u0131n\u0131 \u00f6nlemeyi ve azaltmay\u0131 ama\u00e7lad\u0131\u011f\u0131n\u0131 belirterek,&nbsp;<strong>&#8221;REMEDIES, denizlerdeki mikroplasti\u011fi izlemek, toplamak, \u00f6nlemek ve de\u011ferlendirmek i\u00e7in yenilik\u00e7i \u00e7\u00f6z\u00fcmler ve teknolojiler \u00fcretmeyi ama\u00e7layan bir Horizon Europe inovasyon program\u0131d\u0131r. B\u00fcy\u00fck\u015fehir Belediyemiz, REMEDIES program\u0131n\u0131n 2. A\u00e7\u0131k \u00c7a\u011fr\u0131s\u0131 kapsam\u0131nda hibe faydalan\u0131c\u0131s\u0131 olarak se\u00e7ildi. Kazan\u0131lm\u0131\u015f olan projeyi ba\u015far\u0131l\u0131 bir \u015fekilde tamamlaman\u0131n gururunu ya\u015f\u0131yoruz&#8221;&nbsp;<\/strong>dedi.<\/p>\n\n\n\n<p><strong>Tanbura\u011flu: &#8220;Mersin, \u00e7evresel s\u00fcrd\u00fcr\u00fclebilirlikte uluslararas\u0131 \u00f6l\u00e7ekte bir kent haline geldi&#8221;<\/strong><\/p>\n\n\n\n<p>Mersin B\u00fcy\u00fck\u015fehir Belediyesi D\u0131\u015f \u0130li\u015fkiler ve Projeler \u015eube M\u00fcd\u00fcr\u00fc Elif Tanburo\u011flu, B\u00fcy\u00fck\u015fehir&#8217;in hayata ge\u00e7irdi\u011fi projeler sonucunda Mersin&#8217;in yaln\u0131zca b\u00f6lgesel de\u011fil, uluslararas\u0131 \u00f6l\u00e7ekte de \u00e7evresel s\u00fcrd\u00fcr\u00fclebilirli\u011fine katk\u0131 sunan bir kent pozisyonunda oldu\u011funu dile getirdi. Proje ile plastik at\u0131k kullan\u0131m\u0131n\u0131n azalt\u0131lmas\u0131n\u0131n yan\u0131 s\u0131ra her kesimi kapsayan b\u00fcy\u00fck bir fark\u0131ndal\u0131k \u00e7al\u0131\u015fmas\u0131na da imza att\u0131klar\u0131n\u0131 belirten Tanburo\u011flu,&nbsp;<strong>&#8220;8 ay boyunca \u00e7evresel sorumlulu\u011funun \u00f6nceli\u011fini alan yerel y\u00f6netim anlay\u0131\u015f\u0131yla pilot b\u00f6lgemizde geri d\u00f6n\u00fc\u015f\u00fcm altyap\u0131s\u0131n\u0131 g\u00fc\u00e7lendirdik. Y\u00fczlerce g\u00f6n\u00fcll\u00fcyle k\u0131y\u0131lar\u0131m\u0131z\u0131 temizledik. Biz,&nbsp;&nbsp;D\u0131\u015f \u0130li\u015fkiler ve Projeler \u015eube M\u00fcd\u00fcrl\u00fc\u011f\u00fc olarak projelerin s\u00fcrd\u00fcr\u00fclebilirli\u011finin en \u00f6nemli unsur oldu\u011funu d\u00fc\u015f\u00fcn\u00fcyoruz. Bu vesileyle de bu toplant\u0131 bir kapan\u0131\u015f de\u011fil, yepyeni bir sayfa a\u00e7m\u0131\u015ft\u0131r. Buradaki en \u00f6nemli unsur ise s\u00fcrd\u00fcr\u00fclebilir olmak. Bundan sonra yapaca\u011f\u0131m\u0131z t\u00fcm hizmet alanlar\u0131nda plastiksiz Mersin sahilleri ve daha s\u00fcrd\u00fcr\u00fclebilir bir kent olmak i\u00e7in sadece T\u00fcrkiye&#8217;de de\u011fil, uluslararas\u0131 \u00f6l\u00e7ekte \u00f6rnek bir kent olaca\u011f\u0131m\u0131z\u0131 d\u00fc\u015f\u00fcn\u00fcyorum. Mersin B\u00fcy\u00fck\u015fehir, Akdeniz&#8217;in korunmas\u0131 i\u00e7in gerekli t\u00fcm ad\u0131mlar\u0131 atmaya haz\u0131rd\u0131r ve i\u015f birliklerine a\u00e7\u0131k olmaya devam edecektir&#8221;<\/strong>&nbsp;ifadelerini kulland\u0131.<\/p>\n\n\n\n<p><strong>Dr. \u00d6zay: &#8220;Proje ile Avrupa&#8217;da yap\u0131lan iyi uygulamalar\u0131n kentimizde de yap\u0131ld\u0131\u011f\u0131n\u0131 g\u00f6r\u00fcyoruz&#8221;<\/strong><\/p>\n\n\n\n<p>Tarsus \u00dcniversitesi \u00c7evre Koruma Teknolojileri B\u00f6l\u00fcm\u00fc&#8217;nde Dr. \u00d6\u011fr. \u00dcyesi Yasin \u00d6zay, \u00e7evre bilincini a\u015f\u0131larken \u00f6\u011frencilere derslerde \u00e7o\u011funlukla Avrupa&#8217;n\u0131n geli\u015fmi\u015f kentlerinden \u00f6rnekler verdiklerini,&nbsp;<strong><em>&#8216;Plastiksiz Mersin Sahilleri \u0130\u00e7in Birle\u015fiyoruz&#8217;&nbsp;<\/em><\/strong>projesi ile de kentte Avrupa&#8217;da yap\u0131lan uygulamalar\u0131n benzerlerini g\u00f6rd\u00fcklerini kaydetti. \u00d6zay,&nbsp;<strong>&#8220;Bu ger\u00e7ekten mutluluk verici bir durum. \u00c7\u00fcnk\u00fc \u00e7evre koruma bilincini anlatt\u0131ktan sonra \u00f6\u011frencilerin bu bilgileri ald\u0131ktan sonra uygulamas\u0131 ve hayat tarz\u0131 olarak benimsemesi gerekiyor. \u00d6\u011frenciler de bu proje sayesinde derste \u00f6\u011frendi\u011fi bilgileri rahatl\u0131kla uygulayabilecekler ve bir plasti\u011fin geri d\u00f6n\u00fc\u015f\u00fcm s\u00fcre\u00e7lerini g\u00f6rebilecekler. Bu at\u0131klar\u0131n geri d\u00f6n\u00fc\u015f\u00fcm s\u00fcre\u00e7lerine dahil olmas\u0131na katk\u0131 sunabilecekler&#8221;<\/strong>&nbsp;dedi. Kendisinin de bir \u00e7evre m\u00fchendisi oldu\u011funu s\u00f6zlerine ekleyen \u00d6zay, B\u00fcy\u00fck\u015fehir&#8217;in g\u00fczel projeler yapt\u0131\u011f\u0131n\u0131 aktard\u0131.<\/p>\n\n\n\n<p><strong>Dr. Can: &#8220;Denizlerde ya da karada plastik kullan\u0131m\u0131n\u0131 azaltmak ad\u0131na \u00f6nemli bir projeydi&#8221;<\/strong><\/p>\n\n\n\n<p>\u00c7evre M\u00fchendisleri Odas\u0131 (\u00c7MO) Mersin \u015eube Ba\u015fkan\u0131 Dr. Sinan Can, yap\u0131lan projenin Mersin i\u00e7in olduk\u00e7a elzem oldu\u011funu ve kentin hem karasal hem deniz kirlili\u011fi ile ilgili sorun ya\u015fad\u0131\u011f\u0131n\u0131 s\u00f6yleyerek,&nbsp;<strong>&#8220;<\/strong><strong>REMEDIES&nbsp;projesi, denizlerde ya da karada plastik kirlili\u011fini azaltmaya y\u00f6nelik&nbsp;\u00f6nemli bir HORIZON&nbsp;projesidir. Bir\u00e7ok sahil etkinli\u011fi ve e\u011fitim \u00e7al\u0131\u015fmas\u0131&nbsp;ger\u00e7ekle\u015ftirildi. Birden fazla&nbsp;kamu kurum ve kurulu\u015fu, sivil toplum \u00f6rg\u00fct\u00fc ve meslek odalar\u0131&nbsp;bir araya geldi. Multidisipliner \u00e7al\u0131\u015f\u0131lan bir&nbsp;proje ortam\u0131 sa\u011fland\u0131.&nbsp;Proje ile; yurtta\u015flar\u0131n plastik kullan\u0131m\u0131n\u0131 azaltmaya y\u00f6nelik davran\u0131\u015f de\u011fi\u015fikli\u011fini sa\u011flamak&nbsp;ve i\u00e7me suyunu \u00e7e\u015fmelerden edinilebilece\u011fine&nbsp;y\u00f6nelik \u00f6nemli bir&nbsp;uygulama deneyimi kazand\u0131rd\u0131&#8221;<\/strong>&nbsp;diye konu\u015ftu.<\/p>\n","protected":false},"excerpt":{"rendered":"<p>Mersin B\u00fcy\u00fck\u015fehir Belediyesi&#8217;nin \u0130klim De\u011fi\u015fikli\u011fi ve S\u0131f\u0131r At\u0131k Dairesi Ba\u015fkanl\u0131\u011f\u0131 ile D\u0131\u015f \u0130li\u015fkiler ve Projeler \u015eube M\u00fcd\u00fcrl\u00fc\u011f\u00fc koordinesinde; Avrupa Birli\u011fi (AB) taraf\u0131ndan finanse edilen REMEDIES-2 program\u0131 kapsam\u0131nda hibe almaya hak kazand\u0131\u011f\u0131&nbsp;&#8216;Plastiksiz Mersin Sahilleri \u0130\u00e7in Birle\u015fiyoruz&#8217;&nbsp;projesinin kapan\u0131\u015f toplant\u0131s\u0131 ger\u00e7ekle\u015ftirildi. Mercan 100. Y\u0131l \u0130klim ve \u00c7evre Bilim Merkezi&#8217;nde ger\u00e7ekle\u015ftirilen toplant\u0131ya; B\u00fcy\u00fck\u015fehir Belediyesi b\u00fcrokratlar\u0131n\u0131n yan\u0131 s\u0131ra daire ba\u015fkanl\u0131k [&hellip;]<\/p>\n","protected":false},"author":2,"featured_media":42258,"comment_status":"closed","ping_status":"closed","sticky":false,"template":"","format":"standard","meta":{"footnotes":""},"categories":[3],"tags":[],"class_list":["post-42257","post","type-post","status-publish","format-standard","has-post-thumbnail","hentry","category-manset"],"views":2,"_links":{"self":[{"href":"https:\/\/mersinkadingazetesi.com\/index.php?rest_route=\/wp\/v2\/posts\/42257"}],"collection":[{"href":"https:\/\/mersinkadingazetesi.com\/index.php?rest_route=\/wp\/v2\/posts"}],"about":[{"href":"https:\/\/mersinkadingazetesi.com\/index.php?rest_route=\/wp\/v2\/types\/post"}],"author":[{"embeddable":true,"href":"https:\/\/mersinkadingazetesi.com\/index.php?rest_route=\/wp\/v2\/users\/2"}],"replies":[{"embeddable":true,"href":"https:\/\/mersinkadingazetesi.com\/index.php?rest_route=%2Fwp%2Fv2%2Fcomments&post=42257"}],"version-history":[{"count":1,"href":"https:\/\/mersinkadingazetesi.com\/index.php?rest_route=\/wp\/v2\/posts\/42257\/revisions"}],"predecessor-version":[{"id":42259,"href":"https:\/\/mersinkadingazetesi.com\/index.php?rest_route=\/wp\/v2\/posts\/42257\/revisions\/42259"}],"wp:featuredmedia":[{"embeddable":true,"href":"https:\/\/mersinkadingazetesi.com\/index.php?rest_route=\/wp\/v2\/media\/42258"}],"wp:attachment":[{"href":"https:\/\/mersinkadingazetesi.com\/index.php?rest_route=%2Fwp%2Fv2%2Fmedia&parent=42257"}],"wp:term":[{"taxonomy":"category","embeddable":true,"href":"https:\/\/mersinkadingazetesi.com\/index.php?rest_route=%2Fwp%2Fv2%2Fcategories&post=42257"},{"taxonomy":"post_tag","embeddable":true,"href":"https:\/\/mersinkadingazetesi.com\/index.php?rest_route=%2Fwp%2Fv2%2Ftags&post=42257"}],"curies":[{"name":"wp","href":"https:\/\/api.w.org\/{rel}","templated":true}]}}