{"id":42273,"date":"2025-05-05T15:26:46","date_gmt":"2025-05-05T12:26:46","guid":{"rendered":"https:\/\/mersinkadingazetesi.com\/?p=42273"},"modified":"2025-05-05T15:26:47","modified_gmt":"2025-05-05T12:26:47","slug":"deva-partili-ekmen-fesih-sureci-kendi-takviminde-ilerliyor","status":"publish","type":"post","link":"https:\/\/mersinkadingazetesi.com\/?p=42273","title":{"rendered":"DEVA Partili Ekmen: Fesih s\u00fcreci kendi takviminde ilerliyor\u00a0"},"content":{"rendered":"\n<figure class=\"wp-block-table\"><table class=\"has-fixed-layout\"><tbody><tr><td><strong>DEVA Partisi Genel Ba\u015fkan Yard\u0131mc\u0131s\u0131 ve Mersin Milletvekili Mehmet Emin Ekmen, Habert\u00fcrk ekranlar\u0131nda Faruk Aksoy\u2019un sundu\u011fu Habert\u00fcrk G\u00fcndem program\u0131na konuk oldu. G\u00fcndeme dair \u00f6nemli de\u011ferlendirmelerde bulunan Ekmen, S\u0131rr\u0131 S\u00fcreyya \u00d6nder\u2019in vefat\u0131n\u0131n s\u00fcrece etkisini, PKK\u2019n\u0131n fesih s\u00fcrecine ili\u015fkin geli\u015fmeleri ve demokratikle\u015fme ihtiyac\u0131n\u0131 de\u011ferlendirdi. Ekmen, \u201cTaraflar takvimlerine uygun bi\u00e7imde ilerliyor. Demokratikle\u015fmenin nihai adresi T\u00fcrkiye B\u00fcy\u00fck Millet Meclisi olacakt\u0131r\u201d dedi.<\/strong>&nbsp;DEVA Partisi Genel Ba\u015fkan Yard\u0131mc\u0131s\u0131 ve Mersin Milletvekili Mehmet Emin Ekmen, Habert\u00fcrk ekranlar\u0131nda Faruk Aksoy\u2019un sundu\u011fu Habert\u00fcrk G\u00fcndem program\u0131na konuk oldu.&nbsp;<strong>Silah b\u0131rakma karar\u0131 pazarl\u0131k de\u011fil, d\u00f6n\u00fc\u015f\u00fcm s\u00fcrecidir<\/strong>Programda \u00e7\u00f6z\u00fcm s\u00fcrecine dair a\u00e7\u0131klamalarda bulunan Ekmen, devletin ve \u00f6rg\u00fct\u00fcn bu a\u015famaya gelirken y\u00fcr\u00fctt\u00fc\u011f\u00fc s\u00fcrecin \u00f6nemli oldu\u011funu belirtti. Ekmen, \u201cPKK\u2019n\u0131n 28 \u015eubat tarihli yaz\u0131l\u0131 a\u00e7\u0131klamas\u0131nda yer alan \u2018Devlet ya da iktidar\u0131n bize bir \u015feyler vermesini bekleme \u00e7a\u011fr\u0131s\u0131 de\u011fildir\u2019 ifadesi, bu s\u00fcrecin bir pazarl\u0131\u011f\u0131n fesih a\u015famas\u0131na geldi\u011fine dair herhangi bir i\u015faret ta\u015f\u0131mad\u0131\u011f\u0131n\u0131 ortaya koymaktad\u0131r. Ayn\u0131 a\u00e7\u0131klamada yer alan \u2018Kim ne kadar diretirse diretsin, hi\u00e7 kimse b\u00f6yle bir de\u011fi\u015fim ve d\u00f6n\u00fc\u015f\u00fcm\u00fcn d\u0131\u015f\u0131nda kalamayacakt\u0131r\u2019 c\u00fcmlesi ise, \u00f6rg\u00fct\u00fcn bu s\u00fcre\u00e7ten ana g\u00f6vdesini koruyarak \u00e7\u0131kaca\u011f\u0131na dair g\u00fc\u00e7l\u00fc bir i\u015faret vermektedir. \u00d6rg\u00fct i\u00e7inde bir b\u00f6l\u00fcnme ya\u015fanaca\u011f\u0131n\u0131 d\u00fc\u015f\u00fcnm\u00fcyorum. Elbette baz\u0131 marjinal g\u00f6r\u00fc\u015fler olabilir; ancak bunlar say\u0131ca ve etkice \u00e7ok s\u0131n\u0131rl\u0131 kalacakt\u0131r. \u00d6te yandan, Say\u0131n Bah\u00e7eli\u2019nin ve \u00f6zellikle Say\u0131n Erdo\u011fan\u2019\u0131n bir\u00e7ok kez vurgulad\u0131\u011f\u0131 \u00f6nemli bir husus vard\u0131r: \u2018\u00d6rg\u00fct\u00fcn kendini feshetmesi ve silah b\u0131rakmas\u0131 bir son de\u011fil, bir ba\u015flang\u0131\u00e7t\u0131r.\u2019 Ter\u00f6rs\u00fcz bir T\u00fcrkiye art\u0131k korkular\u0131ndan, fobilerinden ve tehdit alg\u0131lar\u0131ndan ar\u0131nm\u0131\u015f; yeni bir Anayasa dahil olmak \u00fczere bir\u00e7ok alanda k\u00f6kl\u00fc bir reform s\u00fcrecine girmi\u015f bir \u00fclkedir\u201d ifadelerini kulland\u0131.&nbsp;<strong>\u00d6rg\u00fct\u00fcn feshi her an ger\u00e7ekle\u015febilir<\/strong>Ekmen, \u201c\u0130talya d\u00f6n\u00fc\u015f\u00fcnde Say\u0131n Cumhurba\u015fkan\u0131\u2019n\u0131n u\u00e7akta gazetecilerle yapt\u0131\u011f\u0131 sohbette sarf etti\u011fi \u2018Evet, bu i\u015fi biliyorsunuz, Mill\u00ee \u0130stihbarat Te\u015fkil\u00e2t\u0131 Ba\u015fkanl\u0131\u011f\u0131m\u0131z y\u00fcr\u00fct\u00fcyor; \u0130brahim Kal\u0131n Bey bu konuda \u00e7al\u0131\u015fmalara \u00f6nc\u00fcl\u00fck yap\u0131yor.\u2019 ifadesi, s\u00fcre\u00e7te en az K\u00fclliye\u2019de verilen foto\u011fraf kadar k\u0131ymetli bir c\u00fcmledir. Devam\u0131nda, Cumhur \u0130ttifak\u0131\u2019na ve sivil siyasetin g\u00fc\u00e7lenece\u011fi bir zemine yap\u0131lan vurgu da dikkat \u00e7ekicidir. Dolay\u0131s\u0131yla s\u00fcrecin kendi takvimi do\u011frultusunda ilerledi\u011fini rahatl\u0131kla s\u00f6yleyebiliriz. Bug\u00fcn, Sevgili Ceren \u00d6nder konu\u015fmas\u0131nda \u015f\u00f6yle dedi: \u201cBaba, ameliyat ol dedim. Sen de \u2018K\u0131z\u0131m, iki haftaya kalmaz protokol \u00e7\u0131kar, ondan sonra ameliyat olurum.\u2019 dedin.\u201d Geriye d\u00f6n\u00fcp bak\u0131ld\u0131\u011f\u0131nda, o iki haftan\u0131n sonu bug\u00fcne denk geliyor. Bence d\u00fcn, bug\u00fcn ve yar\u0131n aras\u0131nda zaten belli \u00e7al\u0131\u015fmalar y\u00fcr\u00fct\u00fcl\u00fcyor. Zira 28 Nisan tarihli PKK a\u00e7\u0131klamas\u0131nda da son iki ayd\u0131r devam eden haz\u0131rl\u0131k s\u00fcrecinden a\u00e7\u0131k\u00e7a bahsediliyor. Belki de Sevgili S\u0131rr\u0131 S\u00fcreyya\u2019y\u0131 bir kez daha rahmetle anmak gerekir. E\u011fer defni s\u00f6z konusu olmasayd\u0131, \u00f6rg\u00fct\u00fcn fesih karar\u0131n\u0131 duymu\u015f olabilirdik. Bug\u00fcn duyulmad\u0131ysa bile bu karar\u0131n yar\u0131n ya da \u00e7ok yak\u0131n bir zamanda duyulabilece\u011fine i\u015faret eden geli\u015fmeler var. Bu sebeple hem devlet hem de \u00f6rg\u00fct kaynaklar\u0131nda s\u00fcreci sekteye u\u011fratacak bir sorun ya da kriz oldu\u011fu izlenimini veren herhangi bir tablo g\u00f6rm\u00fcyorum\u201d a\u00e7\u0131klamas\u0131nda bulundu.&nbsp;<strong>Silahlar\u0131 teslim edeceklerin hukuki stat\u00fcs\u00fc belirlenmeli<\/strong>\u00d6rg\u00fct\u00fcn fesih karar\u0131n\u0131n ard\u0131ndan ortaya \u00e7\u0131kacak idari ve hukuki \u00e7er\u00e7evenin \u00f6nceden planlanm\u0131\u015f olmas\u0131 gerekti\u011fini belirten Ekmen, \u201cSilah\u0131n\u0131 b\u0131rakan ki\u015finin nas\u0131l bir hukuki s\u00fcrece tabi tutulaca\u011f\u0131, nerede isk\u00e2n edilece\u011fi konu\u015fulmu\u015f olmal\u0131d\u0131r. Devletin istihbarat\u0131 \u00e7ok g\u00fc\u00e7l\u00fc hangi eyleme kim talimat vermi\u015f, kim kat\u0131lm\u0131\u015f, kimin elinde bir \u015fehit kan\u0131 var, kim eyleme gitmi\u015f tamam\u0131n\u0131 biliyor devlet. Dolay\u0131s\u0131yla bug\u00fcn siz devlete deseniz ki \u2018Kandil&#8217;de 5.000 ki\u015fi var bu 5.000 ki\u015fiden ka\u00e7\u0131 silahl\u0131 bir eylemin, ter\u00f6r sald\u0131r\u0131s\u0131n\u0131n karar al\u0131c\u0131s\u0131d\u0131r? Ka\u00e7\u0131 uygulay\u0131c\u0131s\u0131d\u0131r, ka\u00e7\u0131 failidir?\u2019 devlet bunu biliyor. B\u00fct\u00fcn bunlar\u0131 ay\u0131rt edince kalan 3.000-4.000 bin ki\u015fi i\u00e7in s\u00fcre\u00e7 h\u0131zl\u0131 i\u015fleyebilir. Mevcut Ter\u00f6rle M\u00fccadele Kanunu ve Ceza Kanunu\u2019nun b\u00f6yle bir tasfiyenin nihai \u015fekli i\u00e7in yeterli olmad\u0131\u011f\u0131n\u0131 d\u00fc\u015f\u00fcn\u00fcyorum. Atipik bir s\u00fcre\u00e7 y\u00fcr\u00fct\u00fcl\u00fcyor ancak ihtiya\u00e7 olursa Meclis\u2019e de mutlaka bir d\u00fczenleme gelecektir\u201d dedi.<\/td><\/tr><\/tbody><\/table><\/figure>\n","protected":false},"excerpt":{"rendered":"<p>DEVA Partisi Genel Ba\u015fkan Yard\u0131mc\u0131s\u0131 ve Mersin Milletvekili Mehmet Emin Ekmen, Habert\u00fcrk ekranlar\u0131nda Faruk Aksoy\u2019un sundu\u011fu Habert\u00fcrk G\u00fcndem program\u0131na konuk oldu. G\u00fcndeme dair \u00f6nemli de\u011ferlendirmelerde bulunan Ekmen, S\u0131rr\u0131 S\u00fcreyya \u00d6nder\u2019in vefat\u0131n\u0131n s\u00fcrece etkisini, PKK\u2019n\u0131n fesih s\u00fcrecine ili\u015fkin geli\u015fmeleri ve demokratikle\u015fme ihtiyac\u0131n\u0131 de\u011ferlendirdi. Ekmen, \u201cTaraflar takvimlerine uygun bi\u00e7imde ilerliyor. Demokratikle\u015fmenin nihai adresi T\u00fcrkiye B\u00fcy\u00fck Millet Meclisi [&hellip;]<\/p>\n","protected":false},"author":2,"featured_media":42171,"comment_status":"closed","ping_status":"closed","sticky":false,"template":"","format":"standard","meta":{"footnotes":""},"categories":[3],"tags":[],"class_list":["post-42273","post","type-post","status-publish","format-standard","has-post-thumbnail","hentry","category-manset"],"views":2,"_links":{"self":[{"href":"https:\/\/mersinkadingazetesi.com\/index.php?rest_route=\/wp\/v2\/posts\/42273"}],"collection":[{"href":"https:\/\/mersinkadingazetesi.com\/index.php?rest_route=\/wp\/v2\/posts"}],"about":[{"href":"https:\/\/mersinkadingazetesi.com\/index.php?rest_route=\/wp\/v2\/types\/post"}],"author":[{"embeddable":true,"href":"https:\/\/mersinkadingazetesi.com\/index.php?rest_route=\/wp\/v2\/users\/2"}],"replies":[{"embeddable":true,"href":"https:\/\/mersinkadingazetesi.com\/index.php?rest_route=%2Fwp%2Fv2%2Fcomments&post=42273"}],"version-history":[{"count":1,"href":"https:\/\/mersinkadingazetesi.com\/index.php?rest_route=\/wp\/v2\/posts\/42273\/revisions"}],"predecessor-version":[{"id":42274,"href":"https:\/\/mersinkadingazetesi.com\/index.php?rest_route=\/wp\/v2\/posts\/42273\/revisions\/42274"}],"wp:featuredmedia":[{"embeddable":true,"href":"https:\/\/mersinkadingazetesi.com\/index.php?rest_route=\/wp\/v2\/media\/42171"}],"wp:attachment":[{"href":"https:\/\/mersinkadingazetesi.com\/index.php?rest_route=%2Fwp%2Fv2%2Fmedia&parent=42273"}],"wp:term":[{"taxonomy":"category","embeddable":true,"href":"https:\/\/mersinkadingazetesi.com\/index.php?rest_route=%2Fwp%2Fv2%2Fcategories&post=42273"},{"taxonomy":"post_tag","embeddable":true,"href":"https:\/\/mersinkadingazetesi.com\/index.php?rest_route=%2Fwp%2Fv2%2Ftags&post=42273"}],"curies":[{"name":"wp","href":"https:\/\/api.w.org\/{rel}","templated":true}]}}