{"id":42294,"date":"2025-05-06T15:01:02","date_gmt":"2025-05-06T12:01:02","guid":{"rendered":"https:\/\/mersinkadingazetesi.com\/?p=42294"},"modified":"2025-05-06T15:01:02","modified_gmt":"2025-05-06T12:01:02","slug":"deva-partili-ekmen-meyve-ve-sebze-tuketmek-luks-hale-gelecek","status":"publish","type":"post","link":"https:\/\/mersinkadingazetesi.com\/?p=42294","title":{"rendered":"DEVA Partili Ekmen: Meyve ve sebze t\u00fcketmek l\u00fcks hale gelecek\u00a0"},"content":{"rendered":"\n<p><strong>DEVA Partisi Genel Ba\u015fkan Yard\u0131mc\u0131s\u0131 ve Mersin Milletvekili Mehmet Emin Ekmen, ge\u00e7ti\u011fimiz aylarda \u00f6zellikle Mersin ve \u00e7evre illeri etkileyen zirai don felaketini yeniden g\u00fcndeme getirdi.<\/strong><\/p>\n\n\n\n<p><strong>Zirai don meselesi g\u00f6z ard\u0131 edilecek bir sorun de\u011fil<\/strong><\/p>\n\n\n\n<p>Mersin\u2019deki ilgili kurumlarla s\u00fcrekli ileti\u015fim halinde oldu\u011funu belirten Ekmen, \u201cZirai don felaketini Meclis\u2019te defalarca g\u00fcndeme getirdim; soru \u00f6nergeleri verdim, sosyal medya hesaplar\u0131mdan a\u00e7\u0131klamalar yaparak kamuoyunu bilgilendirmeye ve konunun ciddiyetine dikkat \u00e7ekmeye \u00e7al\u0131\u015ft\u0131m. Genel Ba\u015fkan\u0131m\u0131z Say\u0131n Ali Babacan da gerek grup toplant\u0131lar\u0131nda gerek a\u00e7\u0131klamalar\u0131nda bu konuya dikkat \u00e7ekti. Bu, ge\u00e7i\u015ftirilecek bir sorun de\u011fil; \u00fcretici a\u00e7\u0131s\u0131ndan \u00e7ok ciddi sonu\u00e7lar do\u011furuyor. Mersin Ziraat Odas\u0131 Ba\u015fkan\u0131 Say\u0131n Musa Y\u0131lmaz ile s\u00fcrekli isti\u015fare halindeyiz. Mersin Tar\u0131m \u0130l M\u00fcd\u00fcrl\u00fc\u011f\u00fcn\u00fcn toplant\u0131lar yapt\u0131\u011f\u0131n\u0131 ve tespitlerin tamamland\u0131\u011f\u0131n\u0131 \u00f6\u011frendik. Ancak yap\u0131lan bilgilendirmelerde, \u00fcreticilere hangi kriterlere g\u00f6re ve ne zaman destek verilece\u011fine dair net bir a\u00e7\u0131klama yok. \u00c7ift\u00e7iler, tamamen Tar\u0131m ve Orman Bakanl\u0131\u011f\u0131n\u0131n inisiyatifine b\u0131rak\u0131lm\u0131\u015f durumda. Bu belirsizlik \u00fcreticiyi tedirgin ediyor\u201d dedi.<\/p>\n\n\n\n<p><strong>\u00dcreticilerin talepleri a\u00e7\u0131k ve net<\/strong><\/p>\n\n\n\n<p>Mersin\u2019deki saha ziyaretlerinde \u00fcreticilerle ve ilgili yetkililerle g\u00f6r\u00fc\u015fmeler ger\u00e7ekle\u015ftiren Ekmen, \u201cKonuyu yerinde inceleyip g\u00f6zlemliyoruz. \u00dcreticilerin talepleri olduk\u00e7a a\u00e7\u0131k ve net. Bu talepleri T\u00fcrkiye B\u00fcy\u00fck Millet Meclisinde ger\u00e7ekle\u015ftirdi\u011fim bas\u0131n toplant\u0131s\u0131nda da dile getirmi\u015ftim. \u0130lk olarak, sulama bedellerinin al\u0131nmamas\u0131 gerekiyor. Ayr\u0131ca, Tar\u0131m Kredi Kooperatifi ve Ziraat Bankas\u0131\u2019n\u0131n kredilerinin ertelenmesi, TARS\u0130M sigortas\u0131nda ya\u015fanan sorunlar\u0131n \u00e7\u00f6z\u00fclmesi, tar\u0131m alanlar\u0131ndaki eski enerji hatlar\u0131n\u0131n yenilenmesi ve \u00fcreticilere mazot deste\u011fi sa\u011flanmas\u0131 gerekti\u011fi ifade ediliyor. Bu be\u015f ad\u0131m hem \u00fcreticilerimizin hem de t\u00fcketicilerimizin sorunlar\u0131n\u0131 b\u00fcy\u00fck \u00f6l\u00e7\u00fcde \u00e7\u00f6zebilir. S\u00f6ylemler de\u011fil, somut icraatlar bekliyoruz.&nbsp;\u00c7ift\u00e7ilere yap\u0131lacak yard\u0131mlar\u0131n, can suyu niyetine, en az yar\u0131s\u0131 olay\u0131n ya\u015fand\u0131\u011f\u0131 hafta hesaplar\u0131na yat\u0131r\u0131lmal\u0131yd\u0131. Merkez Bankas\u0131 rezervleri tefecilere de\u011fil, \u00e7ift\u00e7ilere ayr\u0131lmal\u0131\u201d ifadelerini kulland\u0131.<\/p>\n\n\n\n<p><strong>Bir \u00f6nlem al\u0131nmazsa gelecek y\u0131llarda g\u0131da enflasyonu \u00f6n\u00fc al\u0131namayacak seviyelere \u00e7\u0131kacak<\/strong><\/p>\n\n\n\n<p>Ekmen, \u201cMersin\u2019de meyve \u00e7e\u015fitlerinde \u015fu an %70\u2019e varan verim kayb\u0131 ya\u015fan\u0131yor. Bu kay\u0131p yaln\u0131zca erken dikim \u00fcr\u00fcnleri de\u011fil, narenciyeyi de kaps\u0131yor. A\u00e7\u0131k alandaki a\u011fa\u00e7lar kadar \u00f6rt\u00fc alt\u0131 \u00fcretimler de ciddi \u015fekilde etkilendi. \u00d6rt\u00fc alt\u0131 \u00fcr\u00fcnlerde dahi %20 civar\u0131nda verim kayb\u0131 var. Bu durum, \u00fcr\u00fcnlerin y\u00fcksek fiyattan sat\u0131lmas\u0131na neden oluyor ve sonu\u00e7 olarak meyve-sebze t\u00fcketimi t\u00fcketici i\u00e7in l\u00fcks hale geliyor. Herhangi bir \u00f6nlem al\u0131nmazsa gelecek y\u0131llarda g\u0131da enflasyonu \u00f6n\u00fc al\u0131namayacak seviyelere \u00e7\u0131kacak. Emekli, \u00f6\u011frenci, i\u015f\u00e7i, memur bu y\u00fcksek enflasyonda pazar al\u0131\u015fveri\u015fini nas\u0131l yapacak? Di\u011fer yandan en b\u00fcy\u00fck endi\u015femiz ise narenciyesiyle, sebzesiyle, meyvesiyle verimli bir \u015fehir olan Mersin\u2019de \u00fcreticinin, \u00e7ift\u00e7inin art\u0131k kalmamas\u0131. E\u011fer do\u011fru \u00f6nlemler acilen al\u0131nmaz, somut tar\u0131m politikalar\u0131 uygulanmazsa, \u00fcreticilerimiz \u00fcretimden \u00e7ekilecek. Tar\u0131m ve Orman Bakan\u0131 Say\u0131n \u0130brahim Yumakl\u0131 ba\u015fta olmak \u00fczere t\u00fcm yetkilileri acil aksiyon almaya davet ediyoruz\u201d a\u00e7\u0131klamas\u0131nda bulundu.<\/p>\n","protected":false},"excerpt":{"rendered":"<p>DEVA Partisi Genel Ba\u015fkan Yard\u0131mc\u0131s\u0131 ve Mersin Milletvekili Mehmet Emin Ekmen, ge\u00e7ti\u011fimiz aylarda \u00f6zellikle Mersin ve \u00e7evre illeri etkileyen zirai don felaketini yeniden g\u00fcndeme getirdi. Zirai don meselesi g\u00f6z ard\u0131 edilecek bir sorun de\u011fil Mersin\u2019deki ilgili kurumlarla s\u00fcrekli ileti\u015fim halinde oldu\u011funu belirten Ekmen, \u201cZirai don felaketini Meclis\u2019te defalarca g\u00fcndeme getirdim; soru \u00f6nergeleri verdim, sosyal medya [&hellip;]<\/p>\n","protected":false},"author":2,"featured_media":42121,"comment_status":"closed","ping_status":"closed","sticky":false,"template":"","format":"standard","meta":{"footnotes":""},"categories":[3],"tags":[],"class_list":["post-42294","post","type-post","status-publish","format-standard","has-post-thumbnail","hentry","category-manset"],"views":3,"_links":{"self":[{"href":"https:\/\/mersinkadingazetesi.com\/index.php?rest_route=\/wp\/v2\/posts\/42294"}],"collection":[{"href":"https:\/\/mersinkadingazetesi.com\/index.php?rest_route=\/wp\/v2\/posts"}],"about":[{"href":"https:\/\/mersinkadingazetesi.com\/index.php?rest_route=\/wp\/v2\/types\/post"}],"author":[{"embeddable":true,"href":"https:\/\/mersinkadingazetesi.com\/index.php?rest_route=\/wp\/v2\/users\/2"}],"replies":[{"embeddable":true,"href":"https:\/\/mersinkadingazetesi.com\/index.php?rest_route=%2Fwp%2Fv2%2Fcomments&post=42294"}],"version-history":[{"count":1,"href":"https:\/\/mersinkadingazetesi.com\/index.php?rest_route=\/wp\/v2\/posts\/42294\/revisions"}],"predecessor-version":[{"id":42295,"href":"https:\/\/mersinkadingazetesi.com\/index.php?rest_route=\/wp\/v2\/posts\/42294\/revisions\/42295"}],"wp:featuredmedia":[{"embeddable":true,"href":"https:\/\/mersinkadingazetesi.com\/index.php?rest_route=\/wp\/v2\/media\/42121"}],"wp:attachment":[{"href":"https:\/\/mersinkadingazetesi.com\/index.php?rest_route=%2Fwp%2Fv2%2Fmedia&parent=42294"}],"wp:term":[{"taxonomy":"category","embeddable":true,"href":"https:\/\/mersinkadingazetesi.com\/index.php?rest_route=%2Fwp%2Fv2%2Fcategories&post=42294"},{"taxonomy":"post_tag","embeddable":true,"href":"https:\/\/mersinkadingazetesi.com\/index.php?rest_route=%2Fwp%2Fv2%2Ftags&post=42294"}],"curies":[{"name":"wp","href":"https:\/\/api.w.org\/{rel}","templated":true}]}}