{"id":42299,"date":"2025-05-06T16:54:15","date_gmt":"2025-05-06T13:54:15","guid":{"rendered":"https:\/\/mersinkadingazetesi.com\/?p=42299"},"modified":"2025-05-06T16:54:15","modified_gmt":"2025-05-06T13:54:15","slug":"ahmet-serkan-tuncer-3-fidani-duzenledikleri-anma-toreniyle-andi","status":"publish","type":"post","link":"https:\/\/mersinkadingazetesi.com\/?p=42299","title":{"rendered":"AHMET SERKAN TUNCER, 3 F\u0130DAN&#8217;I D\u00dcZENLED\u0130KLER\u0130 ANMA T\u00d6REN\u0130YLE ANDI"},"content":{"rendered":"\n<p>T\u00fcrkiye tarihine iz b\u0131rakm\u0131\u015f devrimci gen\u00e7ler Deniz Gezmi\u015f, Yusuf Aslan ve H\u00fcseyin \u0130nan, idamlar\u0131n\u0131n 53. y\u0131l d\u00f6n\u00fcm\u00fcnde Mezitli Belediyesi taraf\u0131ndan d\u00fczenlenen anlaml\u0131 bir t\u00f6renle an\u0131ld\u0131.<\/p>\n\n\n\n<p>Mezitli Belediye Ba\u015fkan\u0131 Ahmet Serkan Tuncer&#8217;in ev sahipli\u011finde ger\u00e7ekle\u015fen t\u00f6rene, Cumhuriyet Halk Partisi Mezitli \u0130l\u00e7e \u00d6rg\u00fct\u00fc, 26. D\u00f6nem CHP Mersin Milletvekili Serdar Kuyucuo\u011flu, \u00e7e\u015fitli sivil toplum kurulu\u015flar\u0131n\u0131n temsilcileri ve vatanda\u015flar kat\u0131ld\u0131. Anma etkinli\u011fi, 3 Fidan An\u0131t\u0131 \u00f6n\u00fcnde duygu dolu anlara sahne oldu.<\/p>\n\n\n\n<p>T\u00f6rende konu\u015fma yapan Ba\u015fkan Tuncer, Deniz Gezmi\u015f, Yusuf Aslan ve H\u00fcseyin \u0130nan&#8217;\u0131n cesaretle s\u00fcrd\u00fcrd\u00fckleri m\u00fccadeleye ve \u00fclke ad\u0131na yapt\u0131klar\u0131 fedakarl\u0131klara dikkat \u00e7ekerek, onlar\u0131n ideallerinin ve miraslar\u0131n\u0131n daima ya\u015fat\u0131laca\u011f\u0131n\u0131 vurgulad\u0131.<\/p>\n\n\n\n<p>Gen\u00e7 devrimcilerin hat\u0131ras\u0131n\u0131 canl\u0131 tutmak ad\u0131na 3 Fidan An\u0131t\u0131&#8217;n\u0131n ta\u015f\u0131d\u0131\u011f\u0131 \u00f6neme de\u011finen Tuncer, bu t\u00fcr anmalar\u0131n gelece\u011fe b\u0131rak\u0131lan de\u011ferli bir miras oldu\u011funu ifade etti. Kat\u0131l\u0131mc\u0131lar ise Ba\u015fkan Tuncer&#8217;in \u00f6nc\u00fcl\u00fc\u011f\u00fcnde getirdikleri \u00e7i\u00e7eklerle an\u0131t\u0131 s\u00fcsleyerek, \u00fc\u00e7 fidan\u0131n an\u0131s\u0131n\u0131 sayg\u0131yla yad etti.<\/p>\n\n\n\n<p>T\u00f6ren, T\u00fcrkiye&#8217;nin yak\u0131n tarihine duyulan vefa ve \u00f6zg\u00fcrl\u00fck m\u00fccadelesine olan ba\u011fl\u0131l\u0131\u011f\u0131n g\u00fc\u00e7l\u00fc bir ifadesi olarak kay\u0131tlara ge\u00e7ti.<\/p>\n","protected":false},"excerpt":{"rendered":"<p>T\u00fcrkiye tarihine iz b\u0131rakm\u0131\u015f devrimci gen\u00e7ler Deniz Gezmi\u015f, Yusuf Aslan ve H\u00fcseyin \u0130nan, idamlar\u0131n\u0131n 53. y\u0131l d\u00f6n\u00fcm\u00fcnde Mezitli Belediyesi taraf\u0131ndan d\u00fczenlenen anlaml\u0131 bir t\u00f6renle an\u0131ld\u0131. Mezitli Belediye Ba\u015fkan\u0131 Ahmet Serkan Tuncer&#8217;in ev sahipli\u011finde ger\u00e7ekle\u015fen t\u00f6rene, Cumhuriyet Halk Partisi Mezitli \u0130l\u00e7e \u00d6rg\u00fct\u00fc, 26. D\u00f6nem CHP Mersin Milletvekili Serdar Kuyucuo\u011flu, \u00e7e\u015fitli sivil toplum kurulu\u015flar\u0131n\u0131n temsilcileri ve vatanda\u015flar [&hellip;]<\/p>\n","protected":false},"author":2,"featured_media":42300,"comment_status":"closed","ping_status":"closed","sticky":false,"template":"","format":"standard","meta":{"footnotes":""},"categories":[3],"tags":[],"class_list":["post-42299","post","type-post","status-publish","format-standard","has-post-thumbnail","hentry","category-manset"],"views":9,"_links":{"self":[{"href":"https:\/\/mersinkadingazetesi.com\/index.php?rest_route=\/wp\/v2\/posts\/42299"}],"collection":[{"href":"https:\/\/mersinkadingazetesi.com\/index.php?rest_route=\/wp\/v2\/posts"}],"about":[{"href":"https:\/\/mersinkadingazetesi.com\/index.php?rest_route=\/wp\/v2\/types\/post"}],"author":[{"embeddable":true,"href":"https:\/\/mersinkadingazetesi.com\/index.php?rest_route=\/wp\/v2\/users\/2"}],"replies":[{"embeddable":true,"href":"https:\/\/mersinkadingazetesi.com\/index.php?rest_route=%2Fwp%2Fv2%2Fcomments&post=42299"}],"version-history":[{"count":1,"href":"https:\/\/mersinkadingazetesi.com\/index.php?rest_route=\/wp\/v2\/posts\/42299\/revisions"}],"predecessor-version":[{"id":42301,"href":"https:\/\/mersinkadingazetesi.com\/index.php?rest_route=\/wp\/v2\/posts\/42299\/revisions\/42301"}],"wp:featuredmedia":[{"embeddable":true,"href":"https:\/\/mersinkadingazetesi.com\/index.php?rest_route=\/wp\/v2\/media\/42300"}],"wp:attachment":[{"href":"https:\/\/mersinkadingazetesi.com\/index.php?rest_route=%2Fwp%2Fv2%2Fmedia&parent=42299"}],"wp:term":[{"taxonomy":"category","embeddable":true,"href":"https:\/\/mersinkadingazetesi.com\/index.php?rest_route=%2Fwp%2Fv2%2Fcategories&post=42299"},{"taxonomy":"post_tag","embeddable":true,"href":"https:\/\/mersinkadingazetesi.com\/index.php?rest_route=%2Fwp%2Fv2%2Ftags&post=42299"}],"curies":[{"name":"wp","href":"https:\/\/api.w.org\/{rel}","templated":true}]}}