{"id":42304,"date":"2025-05-07T10:37:52","date_gmt":"2025-05-07T07:37:52","guid":{"rendered":"https:\/\/mersinkadingazetesi.com\/?p=42304"},"modified":"2025-05-07T10:37:53","modified_gmt":"2025-05-07T07:37:53","slug":"yeni-konteynerler-ilcedeki-yerini-aldi","status":"publish","type":"post","link":"https:\/\/mersinkadingazetesi.com\/?p=42304","title":{"rendered":"YEN\u0130 KONTEYNERLER \u0130L\u00c7EDEK\u0130 YER\u0130N\u0130 ALDI"},"content":{"rendered":"\n<p>Toroslar Belediyesi, \u00e7\u00f6p konteynerlerini yenilemeye devam ediyor. Ge\u00e7en aylarda il\u00e7eye kazand\u0131r\u0131lan 725 adet \u00e7\u00f6p konteynerinin ard\u0131ndan 100 adet yeni \u00e7\u00f6p konteyneri daha il\u00e7enin ihtiya\u00e7 duyulan noktalar\u0131na yerle\u015ftirildi.<\/p>\n\n\n\n<p>Merkez ve k\u0131rsal mahallelerde \u00e7\u00f6p konteynerlerinin say\u0131s\u0131n\u0131 art\u0131ran belediye, zaman i\u00e7inde y\u0131pranan mevcut konteynerlerini de bak\u0131m ve onar\u0131mdan ge\u00e7irerek yeniden kullan\u0131ma kazand\u0131r\u0131yor.<\/p>\n\n\n\n<p><strong>\u00c7\u00d6P KONTEYNERLER\u0130 ORGAN\u0130K ODUN S\u0130RKES\u0130 \u0130LE YIKANIYOR<\/strong><\/p>\n\n\n\n<p>\u0130l\u00e7enin d\u00f6rt bir yan\u0131nda evsel at\u0131klar\u0131n daha d\u00fczenli bir \u015fekilde toplanmas\u0131 amac\u0131yla \u00e7al\u0131\u015fmalar\u0131n\u0131 s\u00fcrd\u00fcren Toroslar Belediyesi, T\u00fcrkiye&#8217;de \u00f6nc\u00fc bir projeyi hayata ge\u00e7irdi.<\/p>\n\n\n\n<p>Temizlik \u0130\u015fleri M\u00fcd\u00fcrl\u00fc\u011f\u00fc taraf\u0131ndan il\u00e7edeki yakla\u015f\u0131k 8 bin \u00e7\u00f6p konteynerini her ay d\u00fczenli olarak yerinde y\u0131kayarak dezenfekte eden Toroslar Belediyesi bu \u00e7al\u0131\u015fmalarda; kimyasal dezenfektan yerine, biyok\u00fctle at\u0131klar\u0131ndan \u00fcretilen organik odun sirkesi kullanmaya ba\u015flad\u0131.<\/p>\n\n\n\n<p><strong>YILDA 11 B\u0130N TON KARBOND\u0130OKS\u0130T EM\u0130SYONU \u00d6NLEN\u0130YOR<\/strong><\/p>\n\n\n\n<p>Hayata ge\u00e7irilen bu \u00e7evreci d\u00f6n\u00fc\u015f\u00fcm sayesinde kimyasal dezenfektan kullan\u0131m\u0131na son veren belediye, y\u0131lda yakla\u015f\u0131k 11 bin ton karbondioksit emisyonunu da \u00f6nlemi\u015f oldu. Kimyasal dezenfektan kaynakl\u0131 at\u0131k su olu\u015fumunun da s\u0131f\u0131rland\u0131\u011f\u0131 uygulama ile ayr\u0131ca biyok\u00fctle at\u0131klar\u0131ndan \u00fcretilen karbon negatif \u00fcr\u00fcnler kullan\u0131larak karbon ayak izi de d\u00fc\u015f\u00fcr\u00fcld\u00fc.<\/p>\n\n\n\n<p>Toroslar Belediyesi bu d\u00f6n\u00fc\u015f\u00fcm s\u00fcrecinde, tescilli ve tamamen organik Odun Sirkesi ve Biyo Karbon kullanarak belediye-sanayi i\u015fbirli\u011fiyle \u00e7evreci bir temizlik modeli geli\u015ftirirken bu uygulama, end\u00fcstriyel simbiyozun ba\u015far\u0131l\u0131 bir \u00f6rne\u011fi olarak T\u00fcrkiye&#8217;de ilklerden biri oldu.<\/p>\n\n\n\n<p><strong>&#8220;DAHA TEM\u0130Z TOROSLAR \u0130\u00c7\u0130N \u00c7ALI\u015eIYORUZ&#8221;<\/strong><\/p>\n\n\n\n<p>Toroslar Belediye Ba\u015fkan\u0131 Abdurrahman Y\u0131ld\u0131z, bu \u00e7al\u0131\u015fmalarla hem \u00e7evre temizli\u011fini hem de ya\u015fam kalitesini art\u0131rmay\u0131 hedeflediklerini s\u00f6yledi.<\/p>\n\n\n\n<p>Ba\u015fkan Y\u0131ld\u0131z, &#8220;Yurtta\u015flar\u0131m\u0131z\u0131n sa\u011fl\u0131kl\u0131 bir \u00e7evrede ya\u015famas\u0131 ad\u0131na \u00f6nemli \u00e7al\u0131\u015fmalara imza att\u0131k. Ara\u00e7 filomuzu g\u00fc\u00e7lendirdik, yeni konteynerler kazand\u0131rd\u0131k. Yeni konteynerleri halk\u0131m\u0131z\u0131n hizmetine sunarken, \u00e7\u00f6p konteynerlerinin dezenfekte i\u015flemini periyodik olarak yap\u0131yoruz. Bu konuda T\u00fcrkiye&#8217;de \u00f6nc\u00fc bir \u00e7al\u0131\u015fmay\u0131 hayata ge\u00e7irdik. \u00c7\u00f6p konteynerlerimizi, kimyasal dezenfektan yerine, biyok\u00fctle at\u0131klar\u0131ndan \u00fcretilen organik odun sirkesi ile y\u0131kayarak dezenfekte ediyoruz. Bu sayede hem k\u00f6t\u00fc kokular\u0131n \u00f6n\u00fcne ge\u00e7iliyor hem de zararl\u0131 organizmalar\u0131n olu\u015fumu engelleniyor. Yaz aylar\u0131nda artan n\u00fcfus yo\u011funlu\u011funu da d\u00fc\u015f\u00fcnerek y\u0131kama ve temizlik \u00e7al\u0131\u015fmalar\u0131na a\u011f\u0131rl\u0131k veriyoruz. Temiz bir Toroslar i\u00e7in gece g\u00fcnd\u00fcz \u00e7al\u0131\u015fan ekiplerimize te\u015fekk\u00fcr ediyorum&#8221; dedi.<\/p>\n","protected":false},"excerpt":{"rendered":"<p>Toroslar Belediyesi, \u00e7\u00f6p konteynerlerini yenilemeye devam ediyor. Ge\u00e7en aylarda il\u00e7eye kazand\u0131r\u0131lan 725 adet \u00e7\u00f6p konteynerinin ard\u0131ndan 100 adet yeni \u00e7\u00f6p konteyneri daha il\u00e7enin ihtiya\u00e7 duyulan noktalar\u0131na yerle\u015ftirildi. Merkez ve k\u0131rsal mahallelerde \u00e7\u00f6p konteynerlerinin say\u0131s\u0131n\u0131 art\u0131ran belediye, zaman i\u00e7inde y\u0131pranan mevcut konteynerlerini de bak\u0131m ve onar\u0131mdan ge\u00e7irerek yeniden kullan\u0131ma kazand\u0131r\u0131yor. \u00c7\u00d6P KONTEYNERLER\u0130 ORGAN\u0130K ODUN S\u0130RKES\u0130 \u0130LE [&hellip;]<\/p>\n","protected":false},"author":2,"featured_media":42305,"comment_status":"closed","ping_status":"closed","sticky":false,"template":"","format":"standard","meta":{"footnotes":""},"categories":[3],"tags":[],"class_list":["post-42304","post","type-post","status-publish","format-standard","has-post-thumbnail","hentry","category-manset"],"views":4,"_links":{"self":[{"href":"https:\/\/mersinkadingazetesi.com\/index.php?rest_route=\/wp\/v2\/posts\/42304"}],"collection":[{"href":"https:\/\/mersinkadingazetesi.com\/index.php?rest_route=\/wp\/v2\/posts"}],"about":[{"href":"https:\/\/mersinkadingazetesi.com\/index.php?rest_route=\/wp\/v2\/types\/post"}],"author":[{"embeddable":true,"href":"https:\/\/mersinkadingazetesi.com\/index.php?rest_route=\/wp\/v2\/users\/2"}],"replies":[{"embeddable":true,"href":"https:\/\/mersinkadingazetesi.com\/index.php?rest_route=%2Fwp%2Fv2%2Fcomments&post=42304"}],"version-history":[{"count":1,"href":"https:\/\/mersinkadingazetesi.com\/index.php?rest_route=\/wp\/v2\/posts\/42304\/revisions"}],"predecessor-version":[{"id":42306,"href":"https:\/\/mersinkadingazetesi.com\/index.php?rest_route=\/wp\/v2\/posts\/42304\/revisions\/42306"}],"wp:featuredmedia":[{"embeddable":true,"href":"https:\/\/mersinkadingazetesi.com\/index.php?rest_route=\/wp\/v2\/media\/42305"}],"wp:attachment":[{"href":"https:\/\/mersinkadingazetesi.com\/index.php?rest_route=%2Fwp%2Fv2%2Fmedia&parent=42304"}],"wp:term":[{"taxonomy":"category","embeddable":true,"href":"https:\/\/mersinkadingazetesi.com\/index.php?rest_route=%2Fwp%2Fv2%2Fcategories&post=42304"},{"taxonomy":"post_tag","embeddable":true,"href":"https:\/\/mersinkadingazetesi.com\/index.php?rest_route=%2Fwp%2Fv2%2Ftags&post=42304"}],"curies":[{"name":"wp","href":"https:\/\/api.w.org\/{rel}","templated":true}]}}