{"id":42307,"date":"2025-05-07T10:39:20","date_gmt":"2025-05-07T07:39:20","guid":{"rendered":"https:\/\/mersinkadingazetesi.com\/?p=42307"},"modified":"2025-05-07T10:39:20","modified_gmt":"2025-05-07T07:39:20","slug":"yildiz-toroslarin-bekleyen-isleri-varken-siyasetle-ugrasmayin","status":"publish","type":"post","link":"https:\/\/mersinkadingazetesi.com\/?p=42307","title":{"rendered":"YILDIZ: TOROSLAR&#8217;IN BEKLEYEN \u0130\u015eLER\u0130 VARKEN S\u0130YASETLE U\u011eRA\u015eMAYIN"},"content":{"rendered":"\n<p>Toroslar Belediye Ba\u015fkan\u0131 Abdurrahman Y\u0131ld\u0131z, Toroslar halk\u0131n\u0131n \u00e7\u0131kar\u0131na olan bir\u00e7ok konunun aylard\u0131r meclisten ge\u00e7medi\u011fine dikkat \u00e7ekerek belediye meclis \u00fcyelerine daha h\u0131zl\u0131 \u00e7al\u0131\u015fmalar\u0131 \u00e7a\u011fr\u0131s\u0131nda bulundu. Ba\u015fkan Y\u0131ld\u0131z, &#8220;Bu i\u015fler zamana yay\u0131larak, belediye ba\u015fkan\u0131n\u0131n \u00e7al\u0131\u015fmas\u0131 engellenerek siyaset yap\u0131lmaz. Mesele, bu kentin gelece\u011fidir. Belediye ba\u015fkan\u0131n\u0131 \u00e7al\u0131\u015ft\u0131rmazsak, bir daha se\u00e7ilmesini engelleriz diye d\u00fc\u015f\u00fcn\u00fcyorsan\u0131z, yanl\u0131\u015f yoldas\u0131n\u0131z. Bu i\u015ften siyaset \u00e7\u0131kmaz, bu halk bunu unutmaz&#8221; dedi. Ba\u015fkan Y\u0131ld\u0131z, se\u00e7imden k\u0131sa s\u00fcre \u00f6nce bir i\u015f\u00e7i sendikas\u0131yla imzalanan Toplu \u0130\u015f S\u00f6zle\u015fmesinin, eski belediye ba\u015fkan\u0131 taraf\u0131ndan imzalanmad\u0131\u011f\u0131n\u0131, \u00e7ocuk istismar\u0131 nedeniyle memurluktan at\u0131lm\u0131\u015f bir memur taraf\u0131ndan imzaland\u0131\u011f\u0131n\u0131 da vurgulad\u0131. Hukuka ayk\u0131r\u0131 s\u00f6zle\u015fme ile belediyede 1 g\u00fcn bile \u00e7al\u0131\u015fan ki\u015filerin 36 ayl\u0131k tazminata hak kazanaca\u011f\u0131n\u0131 belirten Y\u0131ld\u0131z, &#8220;Bu i\u015f\u00e7ilik de\u011fil. Toroslar&#8217;\u0131n tek kuru\u015funu yedirmem&#8221; dedi.<\/p>\n\n\n\n<p>Toroslar Belediyesinin May\u0131s ay\u0131 Ola\u011fan Meclis Toplant\u0131s\u0131&#8217;n\u0131n \u0130kinci Birle\u015fimi, Belediye Ba\u015fkan\u0131 Abdurrahman Y\u0131ld\u0131z ba\u015fkanl\u0131\u011f\u0131nda ger\u00e7ekle\u015fti.<\/p>\n\n\n\n<p>Toplant\u0131ya, ya\u015fam\u0131n\u0131 yitiren DEM Parti \u0130stanbul Milletvekili ve T\u00fcrkiye B\u00fcy\u00fck Millet Meclisi Ba\u015fkanvekili S\u0131rr\u0131 S\u00fcreyya \u00d6nder&#8217;i anarak ba\u015flayan Ba\u015fkan Abdurrahman Y\u0131ld\u0131z, \u00d6nder&#8217;in ailesine ve sevenlerine ba\u015fsa\u011fl\u0131\u011f\u0131 dileklerini iletti. Y\u0131ld\u0131z, ayr\u0131ca Cumhuriyet Halk Partisi Genel Ba\u015fkan\u0131 \u00d6zg\u00fcr \u00d6zel&#8217;e y\u00f6nelik sald\u0131r\u0131y\u0131 da k\u0131nad\u0131.<\/p>\n\n\n\n<p><strong>&#8220;TOPLU S\u00d6ZLE\u015eME HUKUKEN ARIZALI&#8221;<\/strong><\/p>\n\n\n\n<p>Ba\u015fkan Y\u0131ld\u0131z, meclis toplant\u0131s\u0131nda, \u00f6nceki d\u00f6nemde, se\u00e7imlere k\u0131sa s\u00fcre kala bir sendika ile imzalanan ve mahkemeye ta\u015f\u0131d\u0131klar\u0131 toplu i\u015f s\u00f6zle\u015fmesiyle ilgili a\u00e7\u0131klamalarda bulundu.<\/p>\n\n\n\n<p>Y\u0131ld\u0131z, &#8220;Bir ki\u015finin hakk\u0131n\u0131 350 bin ki\u015fiye yedirmem, g\u00fcc\u00fcm yeterse e\u011fer 350 bin ki\u015finin hakk\u0131n\u0131 da bir ki\u015fiye yedirmem. Mart 2024&#8217;te yap\u0131ld\u0131\u011f\u0131 belirtilen s\u00f6zle\u015fme bize ancak 24 May\u0131s&#8217;ta ula\u015ft\u0131r\u0131ld\u0131. Bakanl\u0131k onay\u0131 da 23 May\u0131s&#8217;ta verilmi\u015f. Hukuken buras\u0131 ar\u0131zal\u0131. Yap\u0131lan s\u00f6zle\u015fmelerin 30 i\u015f g\u00fcn\u00fc i\u00e7inde bakanl\u0131\u011fa teslim edilmesi gerekiyor. S\u00f6zle\u015fme sadece Hak-\u0130\u015f&#8217;e ba\u011fl\u0131 Hizmet-\u0130\u015f Sendikas\u0131 taraf\u0131ndan imzalanm\u0131\u015f, belediye ba\u015fkan\u0131n\u0131n imzas\u0131 yok&#8221; dedi.<\/p>\n\n\n\n<p><strong>&#8220;MEMUR\u0130YETTEN ATILMI\u015e B\u0130R\u0130S\u0130 S\u00d6ZLE\u015eMEY\u0130 \u0130MZALAMI\u015e&#8221;<\/strong><\/p>\n\n\n\n<p>S\u00f6zle\u015fmenin belediyeye kargo ile de\u011fil, bir otob\u00fcsle g\u00f6nderildi\u011fini aktaran Ba\u015fkan Y\u0131ld\u0131z, &#8220;Kim atm\u0131\u015f buraya imzay\u0131? S\u00f6zle\u015fme tarihinden evvel, \u00e7ocu\u011fa kar\u015f\u0131 su\u00e7 i\u015fledi\u011fi i\u00e7in memuriyetten at\u0131lm\u0131\u015f biri. \u0130\u015fin garip taraf\u0131, bu arkada\u015f\u0131m\u0131z\u0131n bu sebepten i\u015ften at\u0131ld\u0131\u011f\u0131na dair bilgiyi ben 5 g\u00fcn \u00f6nce elde ettim. Kendisi de rahmete gitti. \u015eimdi bu i\u015fin pe\u015findeyim. E\u011fer bizim personelimiz saklam\u0131\u015fsa da, bizim Hukuk \u0130\u015fleri M\u00fcd\u00fcrl\u00fc\u011f\u00fcm\u00fcz, evrak kay\u0131t m\u00fcd\u00fcr\u00fcm\u00fcz vs. saklam\u0131\u015flarsa, Toroslar halk\u0131 i\u00e7in s\u00f6z veriyorum, fitil fitil burunlar\u0131ndan getirece\u011fim. \u00d6yle bir \u015fey olmaz. Kimse kimseye tuzak kuramaz. B\u00f6yle bir ay\u0131p olabilir mi ya? \u00c7ocu\u011fa kar\u015f\u0131 bir su\u00e7 i\u015fleyecek birisi, mahkeme karar verecek, bunun muhalefet tebligat\u0131 laz\u0131m, kaymakaml\u0131\u011fa tebligat\u0131 laz\u0131m, belediyede \u00e7al\u0131\u015ft\u0131\u011f\u0131 i\u00e7in belediyeye tebligat\u0131 laz\u0131m&#8221; dedi.<\/p>\n\n\n\n<p><strong>&#8220;B\u0130R G\u00dcN \u00c7ALI\u015eAN B\u0130LE 36 AYLIK TAZM\u0130NAT ALACAK. BUNU KABUL EDEMEY\u0130Z&#8221;<\/strong><\/p>\n\n\n\n<p>S\u00f6zle\u015fmenin i\u00e7eri\u011fine de tepki g\u00f6steren Y\u0131ld\u0131z, &#8220;Belediyede bir i\u015f\u00e7i bir g\u00fcn bile \u00e7al\u0131\u015fsa, 36 ayl\u0131k tazminat alacak, 2 milyon lira! Bu benim babam\u0131n paras\u0131 de\u011fil. Toroslar&#8217;\u0131n bir kuru\u015funu yedirmem. Bu i\u015f\u00e7i hakk\u0131 de\u011fil, bu da i\u015f\u00e7ilik de\u011fil&#8221; diyerek s\u00f6zle\u015fmenin me\u015fru olmad\u0131\u011f\u0131n\u0131 ve hukuk yoluyla gereken her ad\u0131m\u0131 atacaklar\u0131n\u0131 belirtti.<\/p>\n\n\n\n<p>Belediye Ba\u015fkanl\u0131\u011f\u0131 g\u00f6revinde kimseyi i\u015ften \u00e7\u0131karmad\u0131\u011f\u0131n\u0131 da belirten Y\u0131ld\u0131z, &#8220;\u0130\u015ften \u00e7\u0131kar\u0131lanlar mahkeme karar\u0131yla ya da kendi iste\u011fiyle ayr\u0131ld\u0131lar&#8221; diyerek durumu a\u00e7\u0131kl\u0131\u011fa kavu\u015fturdu.<\/p>\n\n\n\n<p><strong>BELED\u0130YE MECL\u0130S\u0130&#8217;NE ELE\u015eT\u0130R\u0130: &#8220;TOROSLAR&#8217;IN BEKLEYEN \u0130\u015eLER\u0130 VARKEN S\u0130YASETLE U\u011eRA\u015eMAYIN&#8221;<\/strong><\/p>\n\n\n\n<p>Belediye meclis \u00fcyelerine de ele\u015ftirilerde bulunan Y\u0131ld\u0131z, komisyonlar\u0131n i\u015fleyi\u015fini ve baz\u0131 g\u00fcndem maddelerinin h\u00e2l\u00e2 g\u00f6r\u00fc\u015f\u00fclmemesini ele\u015ftirdi.<\/p>\n\n\n\n<p>&#8220;Bug\u00fcn bu meclis topland\u0131, her biriniz 1000 liran\u0131n \u00fczerinde oturum \u00fccreti ald\u0131n\u0131z. Hak ediyorsunuz ama Toroslar&#8217;\u0131n bekleyen d\u00fcnya kadar i\u015fi var&#8221; diyen Y\u0131ld\u0131z, \u00f6zellikle Kurban Bayram\u0131 \u00f6ncesinde Veterinerlik Hizmetleri M\u00fcd\u00fcrl\u00fc\u011f\u00fc&#8217;n\u00fcn b\u00fct\u00e7esinin h\u00e2l\u00e2 olu\u015fturulmad\u0131\u011f\u0131n\u0131 hat\u0131rlatt\u0131.<\/p>\n\n\n\n<p>Ge\u00e7en ay kurulan Veterinerlik Hizmetleri M\u00fcd\u00fcrl\u00fc\u011f\u00fc&#8217;n\u00fcn b\u00fct\u00e7esiz kald\u0131\u011f\u0131n\u0131 belirten Ba\u015fkan Y\u0131ld\u0131z, &#8220;Bu m\u00fcd\u00fcrl\u00fck bayramda nas\u0131l \u00e7al\u0131\u015facak? Komisyonlar\u0131m\u0131z oturmu\u015f, ama g\u00fcndemleri g\u00f6r\u00fc\u015fmemi\u015f. Bu i\u015fin alt\u0131nda kalaca\u011f\u0131z&#8221; diyerek uyar\u0131da bulundu.<\/p>\n\n\n\n<p><strong>&#8220;TOROSLAR HALKI S\u0130ZDEN HESAP SORAR&#8221;<\/strong><\/p>\n\n\n\n<p>Toroslar&#8217;da T\u00fcrkiye&#8217;nin en b\u00fcy\u00fck hayvan pazarlar\u0131ndan birinin kuruldu\u011funa dikkat \u00e7eken Y\u0131ld\u0131z, &#8220;Mu\u015f&#8217;tan, Van&#8217;dan gelen \u00fcretici bir bardak su, bir priz, bir du\u015f bile bulamayacak. Siyaset b\u00f6yle yap\u0131lmaz. Toroslar halk\u0131 bunun hesab\u0131n\u0131 sizden soracak&#8221; dedi.<\/p>\n\n\n\n<p>Ba\u015fkan Y\u0131ld\u0131z, meclise ayr\u0131ca Toroslar Aziz Sancar Spor Tesisleri&#8217;nin Mersin B\u00fcy\u00fck\u015fehir Belediyesi&#8217;ne tahsis edilmesini \u00f6nerdiklerini, ancak bu teklifin de komisyonlardan ge\u00e7medi\u011fini ifade etti.<\/p>\n\n\n\n<p>Tesisin \u015fehir tak\u0131m\u0131n\u0131n kullan\u0131m\u0131na a\u00e7\u0131lmas\u0131yla hem spor altyap\u0131s\u0131na hem de Toroslar&#8217;a ciddi katk\u0131 sa\u011flanaca\u011f\u0131n\u0131 savunan Y\u0131ld\u0131z, &#8220;Burada binlerce insan gelip gidecek. Vatanda\u015f hizmet bekliyor. Her \u015feye kar\u015f\u0131 durman\u0131n anlam\u0131 yok&#8221; diyerek meclis \u00fcyelerine \u00e7a\u011fr\u0131da bulundu.<\/p>\n\n\n\n<p>&#8220;Bu i\u015fler y\u00fcksek siyasetle de\u011fil, \u00e7al\u0131\u015fmakla \u00e7\u00f6z\u00fcl\u00fcr&#8221; diyen Y\u0131ld\u0131z, meclis \u00fcyelerini komisyon \u00e7al\u0131\u015fmalar\u0131na kat\u0131lmaya ve il\u00e7enin sorunlar\u0131na \u00e7\u00f6z\u00fcm \u00fcretmeye davet etti.<\/p>\n\n\n\n<p><strong>&#8220;BELED\u0130YE BA\u015eKANININ \u00c7ALI\u015eMASI ENGELLENEREK S\u0130YASET YAPILMAZ&#8221;<\/strong><\/p>\n\n\n\n<p>Ba\u015fkan Y\u0131ld\u0131z, belediyeye ait alanda al\u0131\u015fveri\u015f merkezi, i\u015f ofisleri ve kent ofisleri i\u00e7eren bir proje haz\u0131rlad\u0131klar\u0131n\u0131 belirtti. &#8220;Projesi bitti, ruhsat ba\u015fvurusu a\u015famas\u0131na geldik. Toroslar&#8217;a katma de\u011fer kazand\u0131racak bu yat\u0131r\u0131m\u0131 bekletmenin kime ne faydas\u0131 var?&#8221; diye sordu.<\/p>\n\n\n\n<p>Y\u0131ld\u0131z, meclisin ge\u00e7en aydan bu yana baz\u0131 g\u00fcndem maddelerini g\u00f6r\u00fc\u015femedi\u011fini belirterek, &#8220;Bu i\u015fler zamana yay\u0131larak, belediye ba\u015fkan\u0131n\u0131n \u00e7al\u0131\u015fmas\u0131 engellenerek siyaset yap\u0131lmaz. Ben tekrar se\u00e7ilmek istersem y\u00fczde 70 ile se\u00e7ilirim ama mesele bu de\u011fil. Mesele, bu kentin gelece\u011fidir. Belediye ba\u015fkan\u0131n\u0131 \u00e7al\u0131\u015ft\u0131rmazsak, bir daha se\u00e7ilmesini engelleriz diye d\u00fc\u015f\u00fcn\u00fcyorsan\u0131z, yanl\u0131\u015f yoldas\u0131n\u0131z. Bu i\u015ften siyaset \u00e7\u0131kmaz, bu halk bunu unutmaz&#8221; ifadelerini kulland\u0131.<\/p>\n","protected":false},"excerpt":{"rendered":"<p>Toroslar Belediye Ba\u015fkan\u0131 Abdurrahman Y\u0131ld\u0131z, Toroslar halk\u0131n\u0131n \u00e7\u0131kar\u0131na olan bir\u00e7ok konunun aylard\u0131r meclisten ge\u00e7medi\u011fine dikkat \u00e7ekerek belediye meclis \u00fcyelerine daha h\u0131zl\u0131 \u00e7al\u0131\u015fmalar\u0131 \u00e7a\u011fr\u0131s\u0131nda bulundu. Ba\u015fkan Y\u0131ld\u0131z, &#8220;Bu i\u015fler zamana yay\u0131larak, belediye ba\u015fkan\u0131n\u0131n \u00e7al\u0131\u015fmas\u0131 engellenerek siyaset yap\u0131lmaz. Mesele, bu kentin gelece\u011fidir. Belediye ba\u015fkan\u0131n\u0131 \u00e7al\u0131\u015ft\u0131rmazsak, bir daha se\u00e7ilmesini engelleriz diye d\u00fc\u015f\u00fcn\u00fcyorsan\u0131z, yanl\u0131\u015f yoldas\u0131n\u0131z. Bu i\u015ften siyaset \u00e7\u0131kmaz, [&hellip;]<\/p>\n","protected":false},"author":2,"featured_media":42308,"comment_status":"closed","ping_status":"closed","sticky":false,"template":"","format":"standard","meta":{"footnotes":""},"categories":[3],"tags":[],"class_list":["post-42307","post","type-post","status-publish","format-standard","has-post-thumbnail","hentry","category-manset"],"views":3,"_links":{"self":[{"href":"https:\/\/mersinkadingazetesi.com\/index.php?rest_route=\/wp\/v2\/posts\/42307"}],"collection":[{"href":"https:\/\/mersinkadingazetesi.com\/index.php?rest_route=\/wp\/v2\/posts"}],"about":[{"href":"https:\/\/mersinkadingazetesi.com\/index.php?rest_route=\/wp\/v2\/types\/post"}],"author":[{"embeddable":true,"href":"https:\/\/mersinkadingazetesi.com\/index.php?rest_route=\/wp\/v2\/users\/2"}],"replies":[{"embeddable":true,"href":"https:\/\/mersinkadingazetesi.com\/index.php?rest_route=%2Fwp%2Fv2%2Fcomments&post=42307"}],"version-history":[{"count":1,"href":"https:\/\/mersinkadingazetesi.com\/index.php?rest_route=\/wp\/v2\/posts\/42307\/revisions"}],"predecessor-version":[{"id":42309,"href":"https:\/\/mersinkadingazetesi.com\/index.php?rest_route=\/wp\/v2\/posts\/42307\/revisions\/42309"}],"wp:featuredmedia":[{"embeddable":true,"href":"https:\/\/mersinkadingazetesi.com\/index.php?rest_route=\/wp\/v2\/media\/42308"}],"wp:attachment":[{"href":"https:\/\/mersinkadingazetesi.com\/index.php?rest_route=%2Fwp%2Fv2%2Fmedia&parent=42307"}],"wp:term":[{"taxonomy":"category","embeddable":true,"href":"https:\/\/mersinkadingazetesi.com\/index.php?rest_route=%2Fwp%2Fv2%2Fcategories&post=42307"},{"taxonomy":"post_tag","embeddable":true,"href":"https:\/\/mersinkadingazetesi.com\/index.php?rest_route=%2Fwp%2Fv2%2Ftags&post=42307"}],"curies":[{"name":"wp","href":"https:\/\/api.w.org\/{rel}","templated":true}]}}