{"id":42324,"date":"2025-05-07T11:34:15","date_gmt":"2025-05-07T08:34:15","guid":{"rendered":"https:\/\/mersinkadingazetesi.com\/?p=42324"},"modified":"2025-05-07T11:34:17","modified_gmt":"2025-05-07T08:34:17","slug":"turk-hava-yollari-genel-muduru-bilal-eksi-ufest-kapsaminda-ogrencilerle-bir-araya-geldi","status":"publish","type":"post","link":"https:\/\/mersinkadingazetesi.com\/?p=42324","title":{"rendered":"T\u00fcrk Hava Yollar\u0131 Genel M\u00fcd\u00fcr\u00fc Bilal Ek\u015fi, UFEST Kapsam\u0131nda \u00d6\u011frencilerle Bir Araya Geldi"},"content":{"rendered":"\n<p>T.C. Ula\u015ft\u0131rma ve Altyap\u0131 Bakanl\u0131\u011f\u0131 taraf\u0131ndan organize edilen; gen\u00e7 bireylerin kariyer fark\u0131ndal\u0131\u011f\u0131n\u0131 art\u0131rmay\u0131, kamusal vizyonla tan\u0131\u015fmalar\u0131n\u0131 sa\u011flamay\u0131 ve geleceklerine daha bilin\u00e7li y\u00f6n vermelerine destek olmay\u0131 ama\u00e7layan bir gen\u00e7lik ve kariyer etkinli\u011fi olan UFEST \u00dcniversitemizde ba\u015flad\u0131.<\/p>\n\n\n\n<p>Etkinlikler kapsam\u0131nda T\u00fcrk Hava Yollar\u0131 (THY) Genel M\u00fcd\u00fcr\u00fc Bilal ek\u015fi taraf\u0131ndan \u201c5 U\u00e7aktan 6 K\u0131taya\u201d ba\u015fl\u0131kl\u0131 bir konferans ger\u00e7ekle\u015ftirildi.<\/p>\n\n\n\n<p>6 May\u0131s Sal\u0131 g\u00fcn\u00fc \u00dcniversitemiz Prof. Dr. U\u011fur Oral K\u00fclt\u00fcr Merkezi\u2019nde d\u00fczenlenen konferansa Mersin Valisi Atilla Toros, Rekt\u00f6r\u00fcm\u00fcz Prof. Dr. Erol Ya\u015far, Mersin Yeni\u015fehir Kaymakam\u0131 Nevzat \u015eeng\u00f6k, Rekt\u00f6r Yard\u0131mc\u0131lar\u0131m\u0131z ve Rekt\u00f6r Dan\u0131\u015fmanlar\u0131m\u0131z, akademik ve idari personelimiz ile \u00f6\u011frencilerimiz kat\u0131ld\u0131.<\/p>\n\n\n\n<p>Sayg\u0131 duru\u015fu ve \u0130stiklal Mar\u015f\u0131\u2019n\u0131n okunmas\u0131n\u0131n ard\u0131ndan konferansa ge\u00e7ildi.<\/p>\n\n\n\n<p>THY Genel M\u00fcd\u00fcr\u00fc Bilal Ek\u015fi, \u201cHava yolu halk\u0131n yoludur.\u201d vizyonuyla hareket eden T\u00fcrk Hava Yollar\u0131\u2019n\u0131n kurulu\u015fundan bug\u00fcne kadar ge\u00e7irdi\u011fi s\u00fcre\u00e7leri ve gelecek hedeflerini payla\u015ft\u0131. Genel M\u00fcd\u00fcr Bilal Ek\u015fi, sivil havac\u0131l\u0131\u011f\u0131n d\u00f6n\u00fcm noktalar\u0131na de\u011finerek THY\u2019nin 2003 y\u0131l\u0131ndan bu yana g\u00f6sterdi\u011fi geli\u015fimi vurgulad\u0131.&nbsp;<\/p>\n\n\n\n<p>THY\u2019nin, u\u00e7ak say\u0131s\u0131, koltuk kapasitesi ve u\u00e7u\u015f imkanlar\u0131yla d\u00fcnyan\u0131n en \u00f6nemli havayolu firmalar\u0131ndan birisi oldu\u011funu belirten Ek\u015fi, d\u00fcnyan\u0131n en \u00e7ok \u00fclkesine hizmet veren hava yolu olma \u00fcnvan\u0131n\u0131 s\u00fcrd\u00fcrd\u00fc\u011f\u00fcn\u00fc ve bu ba\u015far\u0131lar\u0131yla Guinness Rekorlar Kitab\u0131\u2019na girdiklerini s\u00f6yledi.&nbsp;<\/p>\n\n\n\n<p>2033 hedefleriyle daha g\u00fc\u00e7l\u00fc bir havayolu \u015firketi olma yolunda h\u0131zla ilerlediklerini ifade eden Bilal Ek\u015fi; kabin memuru, teknisyen ve pilot al\u0131m s\u00fcre\u00e7lerine de\u011finerek THY\u2019nin b\u00fcy\u00fcme hedefleri do\u011frultusunda \u00e7al\u0131\u015fan say\u0131s\u0131ndaki art\u0131\u015fa&nbsp; ve ihtiyaca vurgu yapt\u0131. THY\u2019nin i\u015ftirak \u015firketleri hakk\u0131nda da bilgiler veren Ek\u015fi, s\u00f6zlerini etkinli\u011fin d\u00fczenlenmesine katk\u0131 sunan herkese te\u015fekk\u00fcr ederek s\u00f6zlerini tamamlad\u0131.<\/p>\n\n\n\n<p>Konferans, soru cevap b\u00f6l\u00fcm\u00fc ve kar\u015f\u0131l\u0131kl\u0131 hediye takdiminin ard\u0131ndan sona erdi.<\/p>\n\n\n\n<p>Daha sonras\u0131nda heyet, \u00dcniversitemiz taraf\u0131ndan d\u00fczenlenen AR-GE Proje Pazar\u0131\u2019nda yer alan projeleri ve UFEST kapsam\u0131nda Cumhuriyet Alan\u0131m\u0131zda a\u00e7\u0131lan stantlar\u0131 ziyaret ederek yetkililerden bilgi ald\u0131.<\/p>\n","protected":false},"excerpt":{"rendered":"<p>T.C. Ula\u015ft\u0131rma ve Altyap\u0131 Bakanl\u0131\u011f\u0131 taraf\u0131ndan organize edilen; gen\u00e7 bireylerin kariyer fark\u0131ndal\u0131\u011f\u0131n\u0131 art\u0131rmay\u0131, kamusal vizyonla tan\u0131\u015fmalar\u0131n\u0131 sa\u011flamay\u0131 ve geleceklerine daha bilin\u00e7li y\u00f6n vermelerine destek olmay\u0131 ama\u00e7layan bir gen\u00e7lik ve kariyer etkinli\u011fi olan UFEST \u00dcniversitemizde ba\u015flad\u0131. Etkinlikler kapsam\u0131nda T\u00fcrk Hava Yollar\u0131 (THY) Genel M\u00fcd\u00fcr\u00fc Bilal ek\u015fi taraf\u0131ndan \u201c5 U\u00e7aktan 6 K\u0131taya\u201d ba\u015fl\u0131kl\u0131 bir konferans ger\u00e7ekle\u015ftirildi. 6 [&hellip;]<\/p>\n","protected":false},"author":2,"featured_media":42325,"comment_status":"closed","ping_status":"closed","sticky":false,"template":"","format":"standard","meta":{"footnotes":""},"categories":[3],"tags":[],"class_list":["post-42324","post","type-post","status-publish","format-standard","has-post-thumbnail","hentry","category-manset"],"views":6,"_links":{"self":[{"href":"https:\/\/mersinkadingazetesi.com\/index.php?rest_route=\/wp\/v2\/posts\/42324"}],"collection":[{"href":"https:\/\/mersinkadingazetesi.com\/index.php?rest_route=\/wp\/v2\/posts"}],"about":[{"href":"https:\/\/mersinkadingazetesi.com\/index.php?rest_route=\/wp\/v2\/types\/post"}],"author":[{"embeddable":true,"href":"https:\/\/mersinkadingazetesi.com\/index.php?rest_route=\/wp\/v2\/users\/2"}],"replies":[{"embeddable":true,"href":"https:\/\/mersinkadingazetesi.com\/index.php?rest_route=%2Fwp%2Fv2%2Fcomments&post=42324"}],"version-history":[{"count":1,"href":"https:\/\/mersinkadingazetesi.com\/index.php?rest_route=\/wp\/v2\/posts\/42324\/revisions"}],"predecessor-version":[{"id":42326,"href":"https:\/\/mersinkadingazetesi.com\/index.php?rest_route=\/wp\/v2\/posts\/42324\/revisions\/42326"}],"wp:featuredmedia":[{"embeddable":true,"href":"https:\/\/mersinkadingazetesi.com\/index.php?rest_route=\/wp\/v2\/media\/42325"}],"wp:attachment":[{"href":"https:\/\/mersinkadingazetesi.com\/index.php?rest_route=%2Fwp%2Fv2%2Fmedia&parent=42324"}],"wp:term":[{"taxonomy":"category","embeddable":true,"href":"https:\/\/mersinkadingazetesi.com\/index.php?rest_route=%2Fwp%2Fv2%2Fcategories&post=42324"},{"taxonomy":"post_tag","embeddable":true,"href":"https:\/\/mersinkadingazetesi.com\/index.php?rest_route=%2Fwp%2Fv2%2Ftags&post=42324"}],"curies":[{"name":"wp","href":"https:\/\/api.w.org\/{rel}","templated":true}]}}