{"id":42327,"date":"2025-05-07T13:08:26","date_gmt":"2025-05-07T10:08:26","guid":{"rendered":"https:\/\/mersinkadingazetesi.com\/?p=42327"},"modified":"2025-05-07T13:08:29","modified_gmt":"2025-05-07T10:08:29","slug":"tuncer-her-zaman-halkimizin-yaninda-olmaya-devam-edecegiz","status":"publish","type":"post","link":"https:\/\/mersinkadingazetesi.com\/?p=42327","title":{"rendered":"TUNCER: &#8220;HER ZAMAN HALKIMIZIN YANINDA OLMAYA DEVAM EDECE\u011e\u0130Z&#8221;"},"content":{"rendered":"\n<p>Mezitli Belediye Ba\u015fkan\u0131 Ahmet Serkan Tuncer, halk\u0131n sorunlar\u0131n\u0131 yerinde tespit etmek, halkla her daim i\u00e7 i\u00e7e olmak, sorunlara h\u0131zl\u0131 \u00e7\u00f6z\u00fcmler sunabilmek, devam eden ve planlanan projeleri anlatmak amac\u0131yla k\u00f6y ziyaretleri ger\u00e7ekle\u015ftirdi. K\u00f6ylerde yo\u011fun ilgiyle kar\u015f\u0131lanan Ba\u015fkan Tuncer, &#8220;G\u00f6nl\u00fc zengin, vefak\u00e2r insanlar\u0131n memleketidir Mezitli&#8230; Havas\u0131yla suyuyla verimli topraklar\u0131yla Mezitli&#8217;mizin her bir mahallesinde belediyemizin varl\u0131\u011f\u0131n\u0131 hissettiriyoruz.&#8221; dedi.<\/p>\n\n\n\n<p>Ba\u015fkan Tuncer, halk\u0131n kar\u015f\u0131la\u015ft\u0131\u011f\u0131 sorunlara \u00e7\u00f6z\u00fcm getirmek ve planlanan projeleri aktarmak amac\u0131yla, meclis \u00fcyeleriyle birlikte ziyaretleri ger\u00e7ekle\u015ftirdi. Kuzucu, Tol, Zeybekler, Kocayer, Tepek\u00f6y ve Sar\u0131lar Mahalleleri ziyaret edildi. Gezilen k\u00f6ylerde, devam eden projelerin yan\u0131 s\u0131ra planlanan \u00e7al\u0131\u015fmalar da detayl\u0131 bir \u015fekilde payla\u015f\u0131ld\u0131, kat\u0131l\u0131mc\u0131 bir y\u00f6netim anlay\u0131\u015f\u0131 ger\u00e7ekle\u015ftirildi. Mezitli&#8217;nin k\u00f6ylerindeki ihtiya\u00e7lar\u0131 do\u011frudan yerinde tespit ederek vatanda\u015flar\u0131n beklentilerine duyarl\u0131 bir \u015fekilde yakla\u015f\u0131ld\u0131. Tuncer, halk taraf\u0131ndan yo\u011fun sevgi seliyle kar\u015f\u0131land\u0131.<\/p>\n\n\n\n<p><strong>&#8220;B\u0130Z\u0130M B\u0130RL\u0130\u011e\u0130M\u0130Z SEVG\u0130D\u0130R&#8221;<\/strong><\/p>\n\n\n\n<p>Ba\u015fkan Tuncer, &#8220;Halk\u0131m\u0131z\u0131n sorunlar\u0131na \u00e7\u00f6z\u00fcm sa\u011flamak i\u00e7in mesai kavram\u0131na tak\u0131lmadan gece g\u00fcnd\u00fcz yaz, k\u0131\u015f demeden, durmadan \u00e7al\u0131\u015f\u0131yoruz.&nbsp; Bu kapsamda mahalle ziyaretlerimizi ger\u00e7ekle\u015ftiriyoruz. Halk\u0131m\u0131z\u0131n refah\u0131 ve ihtiya\u00e7lar\u0131n\u0131n \u00e7\u00f6z\u00fcm\u00fc i\u00e7in adeta f\u0131rsat kolluyoruz. Bu vesileyle k\u00f6ylerimize gidip halk\u0131m\u0131z\u0131n yan\u0131nda olarak de\u011ferlendirdik. S\u0131k, s\u0131k halk\u0131m\u0131zla i\u00e7 i\u00e7e olmak i\u00e7in \u00e7aba sarfediyoruz. Her zaman halk\u0131m\u0131z\u0131n yan\u0131nda olmaya devam edece\u011fiz&#8221; dedi.<\/p>\n","protected":false},"excerpt":{"rendered":"<p>Mezitli Belediye Ba\u015fkan\u0131 Ahmet Serkan Tuncer, halk\u0131n sorunlar\u0131n\u0131 yerinde tespit etmek, halkla her daim i\u00e7 i\u00e7e olmak, sorunlara h\u0131zl\u0131 \u00e7\u00f6z\u00fcmler sunabilmek, devam eden ve planlanan projeleri anlatmak amac\u0131yla k\u00f6y ziyaretleri ger\u00e7ekle\u015ftirdi. K\u00f6ylerde yo\u011fun ilgiyle kar\u015f\u0131lanan Ba\u015fkan Tuncer, &#8220;G\u00f6nl\u00fc zengin, vefak\u00e2r insanlar\u0131n memleketidir Mezitli&#8230; Havas\u0131yla suyuyla verimli topraklar\u0131yla Mezitli&#8217;mizin her bir mahallesinde belediyemizin varl\u0131\u011f\u0131n\u0131 hissettiriyoruz.&#8221; dedi. [&hellip;]<\/p>\n","protected":false},"author":2,"featured_media":42328,"comment_status":"closed","ping_status":"closed","sticky":false,"template":"","format":"standard","meta":{"footnotes":""},"categories":[3],"tags":[],"class_list":["post-42327","post","type-post","status-publish","format-standard","has-post-thumbnail","hentry","category-manset"],"views":5,"_links":{"self":[{"href":"https:\/\/mersinkadingazetesi.com\/index.php?rest_route=\/wp\/v2\/posts\/42327"}],"collection":[{"href":"https:\/\/mersinkadingazetesi.com\/index.php?rest_route=\/wp\/v2\/posts"}],"about":[{"href":"https:\/\/mersinkadingazetesi.com\/index.php?rest_route=\/wp\/v2\/types\/post"}],"author":[{"embeddable":true,"href":"https:\/\/mersinkadingazetesi.com\/index.php?rest_route=\/wp\/v2\/users\/2"}],"replies":[{"embeddable":true,"href":"https:\/\/mersinkadingazetesi.com\/index.php?rest_route=%2Fwp%2Fv2%2Fcomments&post=42327"}],"version-history":[{"count":1,"href":"https:\/\/mersinkadingazetesi.com\/index.php?rest_route=\/wp\/v2\/posts\/42327\/revisions"}],"predecessor-version":[{"id":42329,"href":"https:\/\/mersinkadingazetesi.com\/index.php?rest_route=\/wp\/v2\/posts\/42327\/revisions\/42329"}],"wp:featuredmedia":[{"embeddable":true,"href":"https:\/\/mersinkadingazetesi.com\/index.php?rest_route=\/wp\/v2\/media\/42328"}],"wp:attachment":[{"href":"https:\/\/mersinkadingazetesi.com\/index.php?rest_route=%2Fwp%2Fv2%2Fmedia&parent=42327"}],"wp:term":[{"taxonomy":"category","embeddable":true,"href":"https:\/\/mersinkadingazetesi.com\/index.php?rest_route=%2Fwp%2Fv2%2Fcategories&post=42327"},{"taxonomy":"post_tag","embeddable":true,"href":"https:\/\/mersinkadingazetesi.com\/index.php?rest_route=%2Fwp%2Fv2%2Ftags&post=42327"}],"curies":[{"name":"wp","href":"https:\/\/api.w.org\/{rel}","templated":true}]}}