{"id":42330,"date":"2025-05-07T13:16:42","date_gmt":"2025-05-07T10:16:42","guid":{"rendered":"https:\/\/mersinkadingazetesi.com\/?p=42330"},"modified":"2025-05-07T13:16:51","modified_gmt":"2025-05-07T10:16:51","slug":"deva-partili-ekmen-gida-koridoru-mersinde-kurulmali","status":"publish","type":"post","link":"https:\/\/mersinkadingazetesi.com\/?p=42330","title":{"rendered":"DEVA Partili Ekmen: G\u0131da Koridoru Mersin\u2019de kurulmal\u0131\u00a0"},"content":{"rendered":"\n<figure class=\"wp-block-table\"><table class=\"has-fixed-layout\"><tbody><tr><td><strong>DEVA Partisi Genel Ba\u015fkan Yard\u0131mc\u0131s\u0131 ve Mersin Milletvekili Mehmet Emin Ekmen, \u201cBirle\u015fmi\u015f Milletler G\u0131da Yard\u0131m Koridoru\u2019nun Mersin\u2019de kurulmas\u0131 ilimiz i\u00e7in avantajl\u0131 olacakt\u0131r\u201d dedi.<\/strong>&nbsp;<strong>T\u00fcrkiye, D\u00fcnya G\u0131da Program\u0131\u2019nda stratejik rol \u00fcstleniyor<\/strong>T\u00fcrkiye\u2019nin, Birle\u015fmi\u015f Milletler D\u00fcnya G\u0131da Program\u0131\u2019n\u0131n (WFP) \u0130cra Kurulu \u00e7al\u0131\u015fmalar\u0131nda aktif bir \u015fekilde yer ald\u0131\u011f\u0131n\u0131 belirten Ekmen, \u201cBirle\u015fmi\u015f Milletler G\u0131da Program\u0131, 20 binin \u00fczerindeki \u00e7al\u0131\u015fan\u0131yla d\u00fcnyadaki en b\u00fcy\u00fck yard\u0131m kurulu\u015flar\u0131ndan birini olu\u015fturuyor ve yard\u0131ma ihtiyac\u0131 olan \u00fclkelere g\u0131da yard\u0131m\u0131 sa\u011fl\u0131yor. \u00dclkemiz de \u0130cra Kurulu \u00e7al\u0131\u015fmalar\u0131nda aktif bir \u015fekilde yer al\u0131yor ve don\u00f6r \u00fclkeleri kapsayan D listesi i\u00e7erisinde bulunuyor. \u00dclkemiz, 2013 ile 2015 y\u0131llar\u0131nda Suriye ve Irak\u2019taki ihtiya\u00e7 sahipleri i\u00e7in, g\u0131da al\u0131mlar\u0131n\u0131n \u00fclkemizdeki tedarik\u00e7ilerden yap\u0131lmas\u0131 \u015fart\u0131yla g\u00f6n\u00fcll\u00fc katk\u0131lar\u0131n\u0131 s\u00fcrd\u00fcrm\u00fc\u015ft\u00fc. Halihaz\u0131rda ise WFP\u2019nin \u00f6nde gelen tedarik\u00e7i ve ortaklar\u0131 aras\u0131nda yer al\u0131yoruz. Bu i\u015f birli\u011finde \u00f6ne \u00e7\u0131kan ilimiz ise se\u00e7im b\u00f6lgem olan Mersin\u2019dir. Mersin gerek liman\u0131 gerekse demir ve hava yolu ba\u011flant\u0131lar\u0131yla lojistik a\u00e7\u0131dan \u00f6nemli bir ildir. T\u00fcrkiye\u2019ye stratejik konumu itibar\u0131yla ciddi katk\u0131lar sunan Mersin \u00fczerinden olu\u015fturulacak G\u0131da Koridoru hem \u00fclkemizin tar\u0131m \u00fcr\u00fcnlerinin hem de b\u00f6lgesel g\u0131da stoklar\u0131n\u0131n WFP\u2019nin hedefledi\u011fi \u00fclkelere ula\u015ft\u0131r\u0131lmas\u0131 a\u00e7\u0131s\u0131ndan b\u00fcy\u00fck \u00f6nem ta\u015f\u0131maktad\u0131r\u201d a\u00e7\u0131klamas\u0131nda bulundu.&nbsp;<strong>Mersin, k\u00fcresel g\u0131da yard\u0131m\u0131nda stratejik nokta olabilir<\/strong>Yerel bas\u0131na yans\u0131yan haberler hakk\u0131nda konu\u015fan Ekmen, \u201cMersin Ticaret Borsas\u0131 Ba\u015fkan\u0131 Say\u0131n Abdullah \u00d6zdemir, WFP\u2019nin T\u00fcrkiye\u2019yi \u2018stok merkezi\u2019 olarak konumland\u0131rma talebinin Tar\u0131m ve Orman Bakan\u0131 Say\u0131n \u0130brahim Yumakl\u0131\u2019ya iletildi\u011fine dair bir a\u00e7\u0131klama yapm\u0131\u015ft\u0131r. Bu talep hayata ge\u00e7erse, T\u00fcrkiye\u2019nin uluslararas\u0131 insani yard\u0131m sistemindeki rol\u00fcn\u00fc g\u00fc\u00e7lendirebilece\u011fi gibi; tar\u0131msal \u00fcretim, g\u0131da g\u00fcvenli\u011fi ve d\u0131\u015f politika a\u00e7\u0131s\u0131ndan da \u00e7e\u015fitli ve olumlu sonu\u00e7lar do\u011furabilecek bir karar olur. G\u0131da Koridoru\u2019nun Mersin\u2019de kurulmas\u0131 ise \u00fclkemiz i\u00e7in ikinci bir avantaj yaratacakt\u0131r. Mersin\u2019in tar\u0131m alan\u0131nda ne kadar geli\u015fti\u011fi, ihracat ve ithalat oranlar\u0131yla ortadad\u0131r. B\u00f6yle bir \u00e7al\u0131\u015fman\u0131n ard\u0131ndan Mersin\u2019de kalk\u0131nma daha da h\u0131z kazan\u0131r; so\u011fuk hava depolar\u0131 ve g\u0131da i\u015fleme tesislerine olan yat\u0131r\u0131mlar artar; lojistik, g\u0131da sanayi ve paketleme gibi sekt\u00f6rlerde ise yeni istihdam olanaklar\u0131 ortaya \u00e7\u0131kar\u201d dedi.&nbsp;<strong>Mersin, g\u0131da da\u011f\u0131t\u0131m \u00fcss\u00fc olmak i\u00e7in haz\u0131r<\/strong>Ekmen, \u201cWFP\u2019nin T\u00fcrkiye\u2019yi \u2018stratejik stok merkezi\u2019 olarak konumland\u0131rma talebi olduk\u00e7a \u00f6nemlidir; ancak \u00f6nceli\u011fimiz, bir da\u011f\u0131t\u0131m \u00fcss\u00fc olmakt\u0131r. Mersinimiz bu pozisyon i\u00e7in son derece uygundur. Mersin merkezli bir G\u0131da Koridoru\u2019nun olu\u015fturulmas\u0131, buna y\u00f6nelik politikalar\u0131n belirlenmesi ve te\u015fvik programlar\u0131yla desteklenmesi, tar\u0131msal ihracat hacmimizin artmas\u0131na katk\u0131 sa\u011flayacakt\u0131r. Mersin ekonomisi a\u00e7\u0131s\u0131ndan bu ad\u0131m, b\u00fcy\u00fck bir gerekliliktir\u201d ifadelerini kulland\u0131.<strong>&nbsp;<\/strong><strong>Ekmen&#8217;den Abdullah \u00d6zdemir&#8217;e te\u015fekk\u00fcr<\/strong>Mersin Ticaret Borsas\u0131 Ba\u015fkan\u0131 Abdullah \u00d6zdemir&#8217;e te\u015fekk\u00fcr eden Ekmen, &#8220;Say\u0131n Abdullah \u00d6zdemir, \u015fehrimiz i\u00e7in \u00f6nemli bir konuyu g\u00fcndeme ta\u015f\u0131yarak yetkililere \u00e7a\u011fr\u0131da bulunmu\u015ftur. Mersin\u2019in ekonomik ve toplumsal kalk\u0131nmas\u0131 i\u00e7in g\u00f6sterdi\u011fi bu duyarl\u0131l\u0131\u011f\u0131 ve sorumlulu\u011fu i\u00e7in kendisine \u015fahs\u0131m ve b\u00f6lgemiz ad\u0131na te\u015fekk\u00fcr ediyorum&#8221; dedi.<\/td><\/tr><\/tbody><\/table><\/figure>\n","protected":false},"excerpt":{"rendered":"<p>DEVA Partisi Genel Ba\u015fkan Yard\u0131mc\u0131s\u0131 ve Mersin Milletvekili Mehmet Emin Ekmen, \u201cBirle\u015fmi\u015f Milletler G\u0131da Yard\u0131m Koridoru\u2019nun Mersin\u2019de kurulmas\u0131 ilimiz i\u00e7in avantajl\u0131 olacakt\u0131r\u201d dedi.&nbsp;T\u00fcrkiye, D\u00fcnya G\u0131da Program\u0131\u2019nda stratejik rol \u00fcstleniyorT\u00fcrkiye\u2019nin, Birle\u015fmi\u015f Milletler D\u00fcnya G\u0131da Program\u0131\u2019n\u0131n (WFP) \u0130cra Kurulu \u00e7al\u0131\u015fmalar\u0131nda aktif bir \u015fekilde yer ald\u0131\u011f\u0131n\u0131 belirten Ekmen, \u201cBirle\u015fmi\u015f Milletler G\u0131da Program\u0131, 20 binin \u00fczerindeki \u00e7al\u0131\u015fan\u0131yla d\u00fcnyadaki en [&hellip;]<\/p>\n","protected":false},"author":2,"featured_media":42171,"comment_status":"closed","ping_status":"closed","sticky":false,"template":"","format":"standard","meta":{"footnotes":""},"categories":[3],"tags":[],"class_list":["post-42330","post","type-post","status-publish","format-standard","has-post-thumbnail","hentry","category-manset"],"views":1,"_links":{"self":[{"href":"https:\/\/mersinkadingazetesi.com\/index.php?rest_route=\/wp\/v2\/posts\/42330"}],"collection":[{"href":"https:\/\/mersinkadingazetesi.com\/index.php?rest_route=\/wp\/v2\/posts"}],"about":[{"href":"https:\/\/mersinkadingazetesi.com\/index.php?rest_route=\/wp\/v2\/types\/post"}],"author":[{"embeddable":true,"href":"https:\/\/mersinkadingazetesi.com\/index.php?rest_route=\/wp\/v2\/users\/2"}],"replies":[{"embeddable":true,"href":"https:\/\/mersinkadingazetesi.com\/index.php?rest_route=%2Fwp%2Fv2%2Fcomments&post=42330"}],"version-history":[{"count":1,"href":"https:\/\/mersinkadingazetesi.com\/index.php?rest_route=\/wp\/v2\/posts\/42330\/revisions"}],"predecessor-version":[{"id":42331,"href":"https:\/\/mersinkadingazetesi.com\/index.php?rest_route=\/wp\/v2\/posts\/42330\/revisions\/42331"}],"wp:featuredmedia":[{"embeddable":true,"href":"https:\/\/mersinkadingazetesi.com\/index.php?rest_route=\/wp\/v2\/media\/42171"}],"wp:attachment":[{"href":"https:\/\/mersinkadingazetesi.com\/index.php?rest_route=%2Fwp%2Fv2%2Fmedia&parent=42330"}],"wp:term":[{"taxonomy":"category","embeddable":true,"href":"https:\/\/mersinkadingazetesi.com\/index.php?rest_route=%2Fwp%2Fv2%2Fcategories&post=42330"},{"taxonomy":"post_tag","embeddable":true,"href":"https:\/\/mersinkadingazetesi.com\/index.php?rest_route=%2Fwp%2Fv2%2Ftags&post=42330"}],"curies":[{"name":"wp","href":"https:\/\/api.w.org\/{rel}","templated":true}]}}