{"id":42334,"date":"2025-05-07T16:31:22","date_gmt":"2025-05-07T13:31:22","guid":{"rendered":"https:\/\/mersinkadingazetesi.com\/?p=42334"},"modified":"2025-05-07T16:31:22","modified_gmt":"2025-05-07T13:31:22","slug":"sirri-sureyya-onder-adina-kutuphane-yapilacak","status":"publish","type":"post","link":"https:\/\/mersinkadingazetesi.com\/?p=42334","title":{"rendered":"SIRRI S\u00dcREYYA \u00d6NDER ADINA K\u00dcT\u00dcPHANE YAPILACAK"},"content":{"rendered":"\n<p>Tarsus Belediyesi May\u0131s Ay\u0131 Ola\u011fan Meclis Toplant\u0131s\u0131&#8217;n\u0131n ikinci birle\u015fimi, Belediye Ba\u015fkan\u0131 Ali Bolta\u00e7\u2019\u0131n ba\u015fkanl\u0131\u011f\u0131nda ger\u00e7ekle\u015fti. Toplant\u0131da m\u00fcd\u00fcrl\u00fcklerden ve komisyonlardan gelen evraklar oylan\u0131rken, kentin sorunlar\u0131 ve \u00e7\u00f6z\u00fcm \u00f6nerileri masaya yat\u0131r\u0131ld\u0131. Dilek ve temenniler b\u00f6l\u00fcm\u00fcnde meclis \u00fcyelerinin sorular\u0131n\u0131 yan\u0131tlayan Ba\u015fkan Bolta\u00e7, \u00f6nemli a\u00e7\u0131klamalarda bulundu.<\/p>\n\n\n\n<p><strong>SIRRI S\u00dcREYYA \u00d6NDER ADINA K\u00dcT\u00dcPHANE YAPILACAK<\/strong><\/p>\n\n\n\n<p>Toplant\u0131da, kalp krizi sonucu vefat eden DEM Parti Milletvekili S\u0131rr\u0131 S\u00fcreyya \u00d6nder i\u00e7in anma ve ba\u015fsa\u011fl\u0131\u011f\u0131 mesajlar\u0131 iletildi. Ba\u015fkan Bolta\u00e7, CHP Grup Ba\u015fkanvekili Ali Mahir Ba\u015far\u0131r\u2019\u0131n kendisini arayarak Tarsus\u2019ta \u00d6nder ad\u0131na bir k\u00fct\u00fcphane yap\u0131lmas\u0131n\u0131 \u00f6nerdi\u011fini s\u00f6yledi. Bolta\u00e7, \u201cBu teklifi seve seve yerine getirece\u011fiz. S\u0131rr\u0131 S\u00fcreyya \u00d6nder ad\u0131na yak\u0131\u015f\u0131r bir k\u00fct\u00fcphane ve sosyal tesis yapaca\u011f\u0131z\u201d dedi.<\/p>\n\n\n\n<p><strong>CHP GENEL BA\u015eKANI \u00d6ZG\u00dcR \u00d6ZEL&#8217;E SALDIRI KINANDI<\/strong><\/p>\n\n\n\n<p>Meclis toplant\u0131s\u0131nda, CHP Genel Ba\u015fkan\u0131 \u00d6zg\u00fcr \u00d6zel\u2019e yap\u0131lan sald\u0131r\u0131 da k\u0131nand\u0131. Siyasette \u015fiddetin yeri olmad\u0131\u011f\u0131 vurguland\u0131 ve demokratik de\u011ferlere sahip \u00e7\u0131kma \u00e7a\u011fr\u0131s\u0131 yap\u0131ld\u0131.<\/p>\n\n\n\n<p><strong>FAHRETT\u0130NPA\u015eA MAHALLES\u0130NE &#8220;\u00d6ZG\u00dcR \u00c7OCUK PARKI&#8221;<\/strong><\/p>\n\n\n\n<p>Fahrettinpa\u015fa Mahallesi&#8217;nde yap\u0131m\u0131 tamamlanan park\u0131n ismi mecliste oylamaya sunuldu. Oy birli\u011fiyle park\u0131n ad\u0131n\u0131n \u201c\u00d6zg\u00fcr \u00c7ocuk Park\u0131\u201d olmas\u0131 kabul edildi. A\u00e7\u0131l\u0131\u015f\u0131n k\u0131sa s\u00fcre i\u00e7inde ger\u00e7ekle\u015ftirilece\u011fi belirtildi.<\/p>\n\n\n\n<p><strong>Y\u00dcZME B\u0130LMEYEN \u00c7OCUKLARA YAZ OKULU DESTE\u011e\u0130<\/strong><\/p>\n\n\n\n<p>Yaz aylar\u0131nda \u00e7ocuklar\u0131n DS\u0130 kanallar\u0131nda y\u00fczme tehlikesiyle kar\u015f\u0131 kar\u015f\u0131ya kald\u0131\u011f\u0131n\u0131 belirten Ba\u015fkan Bolta\u00e7, bu soruna \u00e7\u00f6z\u00fcm olarak Tarsus Belediyesi Gelecek Spor Kul\u00fcb\u00fc b\u00fcnyesinde yaz spor okulu ba\u015flatacaklar\u0131n\u0131 duyurdu. Spor okulunda \u00e7ocuklara y\u00fczme e\u011fitimi verilecek ve belediyeye ait havuzlarda g\u00fcvenli bir ortam sa\u011flanacak.<\/p>\n\n\n\n<p><strong>ASFALT ATA\u011eI DEVAM ED\u0130YOR<\/strong><\/p>\n\n\n\n<p>Yaz mevsiminin gelmesiyle birlikte asfalt \u00e7al\u0131\u015fmalar\u0131na h\u0131z verdiklerini belirten Ba\u015fkan Bolta\u00e7, \u201cAdeta \u015fehirde asfalt ata\u011f\u0131 ba\u015flatt\u0131k. \u00d6nceli\u011fi acil ihtiya\u00e7 olan b\u00f6lgeler alacak \u015fekilde t\u00fcm \u00e7al\u0131\u015fmalar\u0131 ger\u00e7ekle\u015ftirece\u011fiz\u201d dedi.<\/p>\n\n\n\n<p><strong>TUR\u0130ZM \u0130\u00c7\u0130N VATANDA\u015e VE ESNAFTAN ANLAYI\u015e BEKLEN\u0130YOR<\/strong><\/p>\n\n\n\n<p>Golden Apple \u00f6d\u00fcl\u00fcn\u00fcn Tarsus&#8217;a verilmesi ve turizme y\u00f6nelik \u00e7al\u0131\u015fmalar\u0131n hayata ge\u00e7mesiyle birlikte turizmin geli\u015fmesini f\u0131rsat bilen baz\u0131 esnaflar\u0131n fiyatlar\u0131 art\u0131rd\u0131\u011f\u0131na y\u00f6nelik \u015fikayetler mecliste g\u00fcndeme geldi. Gastronomi Merkezi&#8217;nin oldu\u011fu b\u00f6lgenin trafi\u011fe kapat\u0131lmas\u0131yla ilgili de a\u00e7\u0131klama yapan Bolta\u00e7, \u201cBu karar komisyon karar\u0131yla al\u0131nd\u0131. Amac\u0131m\u0131z hem turist hem esnaf i\u00e7in s\u00fcrd\u00fcr\u00fclebilir bir ortam olu\u015fturmak. Bu ama\u00e7la \u00e7al\u0131\u015f\u0131yoruz. Esnaf\u0131m\u0131zdan ve vatanda\u015flar\u0131m\u0131zdan bu konular i\u00e7in anlay\u0131\u015f bekliyoruz. Bizler ne yap\u0131yorsak bu \u015fehir i\u00e7in esnaf\u0131 i\u00e7in vatanda\u015flar\u0131 i\u00e7in yap\u0131yoruz. Amac\u0131m\u0131z daha \u00e7ok kazanmalar\u0131d\u0131r. Ayr\u0131ca fiyat art\u0131\u015flar\u0131 konusunda esnaf\u0131m\u0131z\u0131 da dikkatli ve adil olmaya davet ediyorum\u201d dedi. Golden Apple turizm heyetinin a\u011f\u0131rlanma masraflar\u0131n\u0131n 1 milyon 487 bin TL oldu\u011funu ve bu tutar\u0131n \u015feffaf ve tasarruflu bir \u015fekilde harcand\u0131\u011f\u0131n\u0131 da belirtti.<\/p>\n\n\n\n<p><strong>KLEOPATRA MEYDANI&#8217;NA SANAT GALER\u0130S\u0130 EKLEN\u0130YOR<\/strong><\/p>\n\n\n\n<p>Kleopatra Meydan\u0131 d\u00fczenleme projesinde sona do\u011fru gelindi\u011fini ifade eden Ba\u015fkan Bolta\u00e7, projeye bir sanat galerisi de eklenece\u011fini duyurdu. \u201cY\u0131k\u0131lan Mehmet Bal Sanat Galerisi\u2019nin yerine, Kleopatra Meydan\u0131 i\u00e7inde yeni ve modern bir sanat galerisi in\u015fa ediyoruz\u201d dedi.<\/p>\n\n\n\n<p><strong>KURBANLIK HAYVAN PAZARI TEK B\u0130R NOKTADA TOPLANIYOR<\/strong><\/p>\n\n\n\n<p>Kurban Bayram\u0131 \u00f6ncesi kurbanl\u0131k hayvan pazar\u0131 d\u00fczenlemesi hakk\u0131nda bilgi veren Ba\u015fkan Bolta\u00e7, bu y\u0131l kurbanl\u0131k hayvan sat\u0131\u015flar\u0131n\u0131n yaln\u0131zca belediye Hayvan Pazar\u0131&#8217;n\u0131n arkas\u0131nda yer alan 60 d\u00f6n\u00fcml\u00fck alanda yap\u0131laca\u011f\u0131n\u0131 a\u00e7\u0131klad\u0131. Bu d\u00fczenleme ile hem \u015fehir i\u00e7indeki d\u00fczensiz kurban sat\u0131\u015flar\u0131n\u0131n hem de \u00e7evre kirlili\u011fi ve trafik yo\u011funlu\u011funun \u00f6n\u00fcne ge\u00e7ilece\u011fini vurgulad\u0131. Pazar alan\u0131nda su tesisat\u0131 kurulaca\u011f\u0131 ve hayvanlar\u0131n hijyenik ko\u015fullarda bar\u0131nd\u0131r\u0131lmas\u0131 i\u00e7in t\u00fcm haz\u0131rl\u0131klar\u0131n yap\u0131laca\u011f\u0131n\u0131 ifade etti.<\/p>\n","protected":false},"excerpt":{"rendered":"<p>Tarsus Belediyesi May\u0131s Ay\u0131 Ola\u011fan Meclis Toplant\u0131s\u0131&#8217;n\u0131n ikinci birle\u015fimi, Belediye Ba\u015fkan\u0131 Ali Bolta\u00e7\u2019\u0131n ba\u015fkanl\u0131\u011f\u0131nda ger\u00e7ekle\u015fti. Toplant\u0131da m\u00fcd\u00fcrl\u00fcklerden ve komisyonlardan gelen evraklar oylan\u0131rken, kentin sorunlar\u0131 ve \u00e7\u00f6z\u00fcm \u00f6nerileri masaya yat\u0131r\u0131ld\u0131. Dilek ve temenniler b\u00f6l\u00fcm\u00fcnde meclis \u00fcyelerinin sorular\u0131n\u0131 yan\u0131tlayan Ba\u015fkan Bolta\u00e7, \u00f6nemli a\u00e7\u0131klamalarda bulundu. SIRRI S\u00dcREYYA \u00d6NDER ADINA K\u00dcT\u00dcPHANE YAPILACAK Toplant\u0131da, kalp krizi sonucu vefat eden DEM [&hellip;]<\/p>\n","protected":false},"author":2,"featured_media":42335,"comment_status":"closed","ping_status":"closed","sticky":false,"template":"","format":"standard","meta":{"footnotes":""},"categories":[3],"tags":[],"class_list":["post-42334","post","type-post","status-publish","format-standard","has-post-thumbnail","hentry","category-manset"],"views":1,"_links":{"self":[{"href":"https:\/\/mersinkadingazetesi.com\/index.php?rest_route=\/wp\/v2\/posts\/42334"}],"collection":[{"href":"https:\/\/mersinkadingazetesi.com\/index.php?rest_route=\/wp\/v2\/posts"}],"about":[{"href":"https:\/\/mersinkadingazetesi.com\/index.php?rest_route=\/wp\/v2\/types\/post"}],"author":[{"embeddable":true,"href":"https:\/\/mersinkadingazetesi.com\/index.php?rest_route=\/wp\/v2\/users\/2"}],"replies":[{"embeddable":true,"href":"https:\/\/mersinkadingazetesi.com\/index.php?rest_route=%2Fwp%2Fv2%2Fcomments&post=42334"}],"version-history":[{"count":1,"href":"https:\/\/mersinkadingazetesi.com\/index.php?rest_route=\/wp\/v2\/posts\/42334\/revisions"}],"predecessor-version":[{"id":42336,"href":"https:\/\/mersinkadingazetesi.com\/index.php?rest_route=\/wp\/v2\/posts\/42334\/revisions\/42336"}],"wp:featuredmedia":[{"embeddable":true,"href":"https:\/\/mersinkadingazetesi.com\/index.php?rest_route=\/wp\/v2\/media\/42335"}],"wp:attachment":[{"href":"https:\/\/mersinkadingazetesi.com\/index.php?rest_route=%2Fwp%2Fv2%2Fmedia&parent=42334"}],"wp:term":[{"taxonomy":"category","embeddable":true,"href":"https:\/\/mersinkadingazetesi.com\/index.php?rest_route=%2Fwp%2Fv2%2Fcategories&post=42334"},{"taxonomy":"post_tag","embeddable":true,"href":"https:\/\/mersinkadingazetesi.com\/index.php?rest_route=%2Fwp%2Fv2%2Ftags&post=42334"}],"curies":[{"name":"wp","href":"https:\/\/api.w.org\/{rel}","templated":true}]}}