{"id":42337,"date":"2025-05-08T10:20:21","date_gmt":"2025-05-08T07:20:21","guid":{"rendered":"https:\/\/mersinkadingazetesi.com\/?p=42337"},"modified":"2025-05-08T10:20:21","modified_gmt":"2025-05-08T07:20:21","slug":"tadekada-festival-degerlendirme-toplantisi-yapildi","status":"publish","type":"post","link":"https:\/\/mersinkadingazetesi.com\/?p=42337","title":{"rendered":"TADEKA&#8217;DA FEST\u0130VAL DE\u011eERLEND\u0130RME TOPLANTISI YAPILDI"},"content":{"rendered":"\n<p>Mersin B\u00fcy\u00fck\u015fehir Belediyesi taraf\u0131ndan bu y\u0131l 4.&#8217;s\u00fc d\u00fczenlenecek olan&nbsp;<strong>&#8216;Uluslararas\u0131 Tarsus Festivali&#8217;&nbsp;<\/strong>ile ilgili haz\u0131rl\u0131k toplant\u0131s\u0131 d\u00fczenlendi. B\u00fcy\u00fck\u015fehir Belediyesi K\u00fclt\u00fcr ve Sosyal \u0130\u015fler Dairesi Ba\u015fkanl\u0131\u011f\u0131 b\u00fcnyesindeki Tarsus&#8217;a De\u011fer Katanlar Kurulu (TADEKA) binas\u0131nda ger\u00e7ekle\u015fen toplant\u0131da, ge\u00e7ti\u011fimiz y\u0131l&nbsp;<strong><em>&#8216;Tarihin \u0130zinde, Efsaneler \u0130\u00e7inde&#8217;<\/em><\/strong>&nbsp;slogan\u0131yla d\u00fczenlenen 3. Uluslararas\u0131 Tarsus Festivali hakk\u0131nda genel hat\u0131rlatma ve de\u011ferlendirmeler yap\u0131ld\u0131.<\/p>\n\n\n\n<p>B\u00fcy\u00fck\u015fehir Belediyesi K\u00fclt\u00fcr ve Sosyal \u0130\u015fler Dairesi Ba\u015fkanl\u0131\u011f\u0131 Koordinat\u00f6r\u00fc, Opera Sanat\u00e7\u0131s\u0131 Bengi \u0130spir \u00d6zd\u00fclger y\u00f6netiminde ger\u00e7ekle\u015fen toplant\u0131ya; B\u00fcy\u00fck\u015fehir Kent Kat\u0131l\u0131m\u0131 ve Sivil Toplum ile \u0130li\u015fkiler \u015eube M\u00fcd\u00fcr\u00fc Ba\u015far Ak\u00e7a, K\u00fclt\u00fcr Hizmetleri ve Sanat Topluluklar\u0131 \u015eube M\u00fcd\u00fcr\u00fc Eylem Matyar ve TADEKA \u00fcyeleri kat\u0131ld\u0131. De\u011ferlendirme toplant\u0131s\u0131nda slaytta, Uluslararas\u0131 Tarsus Festivalleri&#8217;nin g\u00f6rselleri de yans\u0131t\u0131ld\u0131.<\/p>\n\n\n\n<p>Kat\u0131l\u0131mc\u0131lar, 7-8-9 Kas\u0131m 2025 tarihinde ger\u00e7ekle\u015fecek 4. Uluslararas\u0131 Tarsus Festivali&#8217;nde&nbsp;<strong>&#8216;<em>neler yap\u0131labilir?<\/em>&#8216;<\/strong>&nbsp;konusunda g\u00f6r\u00fc\u015flerini aktar\u0131p, 3. Uluslararas\u0131 Tarsus Festivali ile ilgili de \u00f6neri ve g\u00f6r\u00fc\u015flerini bildirdiler.<\/p>\n\n\n\n<p><strong>\u00d6zd\u00fclger: &#8220;Yapt\u0131\u011f\u0131m\u0131z her i\u015fin, bir \u00f6ncekinden daha iyi olmas\u0131n\u0131 hedefliyoruz&#8221;<\/strong><\/p>\n\n\n\n<p>B\u00fcy\u00fck\u015fehir Belediyesi K\u00fclt\u00fcr ve Sosyal \u0130\u015fler Dairesi Ba\u015fkanl\u0131\u011f\u0131 Koordinat\u00f6r\u00fc, Opera Sanat\u00e7\u0131s\u0131 Bengi \u0130spir \u00d6zd\u00fclger toplant\u0131da yapt\u0131\u011f\u0131 konu\u015fmada, festivalin Tarsus&#8217;a ve Mersin&#8217;e \u00e7ok \u015fey kazand\u0131rd\u0131\u011f\u0131n\u0131n alt\u0131n\u0131 \u00e7izerek,&nbsp;<strong>&#8220;Toplant\u0131m\u0131z\u0131n as\u0131l amac\u0131, bir \u00f6nceki yapt\u0131\u011f\u0131m\u0131z Tarsus Festivali&#8217;nin de\u011ferlendirmesini yapmak ve Kas\u0131m ay\u0131nda yapaca\u011f\u0131m\u0131z 4. Uluslararas\u0131 Tarsus Festivalimizle ilgili g\u00f6r\u00fc\u015f ve \u00f6neri sunmak. Uluslararas\u0131 Tarsus Festivali&#8217;nin 4.&#8217;s\u00fcn\u00fc, 7-8-9 Kas\u0131m&#8217;da yapmay\u0131 planl\u0131yoruz. Yine Cuma sabah\u0131 ba\u015flay\u0131p, Pazar ak\u015fam\u0131 bitirmeyi planlad\u0131\u011f\u0131m\u0131z 4. Uluslararas\u0131 Tarsus Festivalimizle ilgili fikir al\u0131\u015f-veri\u015finde bulunuyoruz. Ayn\u0131 zamanda da 3. Tarsus Festivalimizin de\u011ferlendirmesini yaparak, eksikleri giderme konusunda g\u00f6r\u00fc\u015flerimizi aktar\u0131yoruz. \u00c7\u00fcnk\u00fc bizim hedefimiz; yapt\u0131\u011f\u0131m\u0131z her i\u015fin bir \u00f6ncekinden daha iyi olmas\u0131&#8221;<\/strong>&nbsp;ifadelerini kulland\u0131.<\/p>\n\n\n\n<p><strong>&#8220;Acentelerin ajandalar\u0131nda \u015fimdiden yer almak istiyoruz&#8221;<\/strong><\/p>\n\n\n\n<p>Yap\u0131lan i\u015flerin s\u00fcrd\u00fcr\u00fclebilir olmas\u0131n\u0131 ve s\u00fcreklilik arz etmesini \u00f6nemsediklerini vurgulayan \u00d6zd\u00fclger,&nbsp;<strong>&#8220;Bunu yaparken de kendini yenilemesini, geli\u015ftirmesini, i\u00e7eri\u011finin zenginle\u015fmesini, eksiklerin giderilmesini, yeni \u00f6nerilerle yeni bir bak\u0131\u015f a\u00e7\u0131s\u0131 kazand\u0131rmay\u0131 da kendimize \u015fiar ediniyoruz. Bu sebeple bu toplant\u0131lar \u00e7ok k\u0131ymetli ve fikir al\u0131\u015f-veri\u015finde bulunmak bizim i\u00e7in \u00e7ok \u00f6nemli&#8221;<\/strong>&nbsp;diye konu\u015ftu.&nbsp;&nbsp;<\/p>\n\n\n\n<p>Toplant\u0131y\u0131 erken yapmalar\u0131n\u0131n nedenleri hakk\u0131nda da a\u00e7\u0131klama yapan \u00d6zd\u00fclger, &#8220;<strong>Tarsus Festivali&#8217;nin duyurusunu \u015fimdiden yaparak, turizm acentelerinin ajandas\u0131nda yer almak istiyoruz. Dolay\u0131s\u0131yla acenteler nas\u0131l Adana&#8217;daki Portakal \u00c7i\u00e7e\u011fi Festivali&#8217;ne bir tur program\u0131 d\u00fczenleyip, vatanda\u015flar\u0131 Adana&#8217;ya y\u00f6nlendiriyorsa, ayn\u0131s\u0131n\u0131 biz de bu festivalimiz i\u00e7in yapal\u0131m istiyoruz. Bunun i\u00e7in de erkenden yola \u00e7\u0131kmay\u0131 \u00f6nemsiyoruz&#8221;<\/strong>&nbsp;dedi.&nbsp;&nbsp;<\/p>\n","protected":false},"excerpt":{"rendered":"<p>Mersin B\u00fcy\u00fck\u015fehir Belediyesi taraf\u0131ndan bu y\u0131l 4.&#8217;s\u00fc d\u00fczenlenecek olan&nbsp;&#8216;Uluslararas\u0131 Tarsus Festivali&#8217;&nbsp;ile ilgili haz\u0131rl\u0131k toplant\u0131s\u0131 d\u00fczenlendi. B\u00fcy\u00fck\u015fehir Belediyesi K\u00fclt\u00fcr ve Sosyal \u0130\u015fler Dairesi Ba\u015fkanl\u0131\u011f\u0131 b\u00fcnyesindeki Tarsus&#8217;a De\u011fer Katanlar Kurulu (TADEKA) binas\u0131nda ger\u00e7ekle\u015fen toplant\u0131da, ge\u00e7ti\u011fimiz y\u0131l&nbsp;&#8216;Tarihin \u0130zinde, Efsaneler \u0130\u00e7inde&#8217;&nbsp;slogan\u0131yla d\u00fczenlenen 3. Uluslararas\u0131 Tarsus Festivali hakk\u0131nda genel hat\u0131rlatma ve de\u011ferlendirmeler yap\u0131ld\u0131. B\u00fcy\u00fck\u015fehir Belediyesi K\u00fclt\u00fcr ve Sosyal \u0130\u015fler Dairesi [&hellip;]<\/p>\n","protected":false},"author":2,"featured_media":42338,"comment_status":"closed","ping_status":"closed","sticky":false,"template":"","format":"standard","meta":{"footnotes":""},"categories":[3],"tags":[],"class_list":["post-42337","post","type-post","status-publish","format-standard","has-post-thumbnail","hentry","category-manset"],"views":7,"_links":{"self":[{"href":"https:\/\/mersinkadingazetesi.com\/index.php?rest_route=\/wp\/v2\/posts\/42337"}],"collection":[{"href":"https:\/\/mersinkadingazetesi.com\/index.php?rest_route=\/wp\/v2\/posts"}],"about":[{"href":"https:\/\/mersinkadingazetesi.com\/index.php?rest_route=\/wp\/v2\/types\/post"}],"author":[{"embeddable":true,"href":"https:\/\/mersinkadingazetesi.com\/index.php?rest_route=\/wp\/v2\/users\/2"}],"replies":[{"embeddable":true,"href":"https:\/\/mersinkadingazetesi.com\/index.php?rest_route=%2Fwp%2Fv2%2Fcomments&post=42337"}],"version-history":[{"count":1,"href":"https:\/\/mersinkadingazetesi.com\/index.php?rest_route=\/wp\/v2\/posts\/42337\/revisions"}],"predecessor-version":[{"id":42339,"href":"https:\/\/mersinkadingazetesi.com\/index.php?rest_route=\/wp\/v2\/posts\/42337\/revisions\/42339"}],"wp:featuredmedia":[{"embeddable":true,"href":"https:\/\/mersinkadingazetesi.com\/index.php?rest_route=\/wp\/v2\/media\/42338"}],"wp:attachment":[{"href":"https:\/\/mersinkadingazetesi.com\/index.php?rest_route=%2Fwp%2Fv2%2Fmedia&parent=42337"}],"wp:term":[{"taxonomy":"category","embeddable":true,"href":"https:\/\/mersinkadingazetesi.com\/index.php?rest_route=%2Fwp%2Fv2%2Fcategories&post=42337"},{"taxonomy":"post_tag","embeddable":true,"href":"https:\/\/mersinkadingazetesi.com\/index.php?rest_route=%2Fwp%2Fv2%2Ftags&post=42337"}],"curies":[{"name":"wp","href":"https:\/\/api.w.org\/{rel}","templated":true}]}}