{"id":42346,"date":"2025-05-08T10:26:51","date_gmt":"2025-05-08T07:26:51","guid":{"rendered":"https:\/\/mersinkadingazetesi.com\/?p=42346"},"modified":"2025-05-08T10:26:51","modified_gmt":"2025-05-08T07:26:51","slug":"secer-stklar-bizim-topluma-acilan-penceremiz","status":"publish","type":"post","link":"https:\/\/mersinkadingazetesi.com\/?p=42346","title":{"rendered":"SE\u00c7ER: &#8220;STK&#8217;LAR B\u0130Z\u0130M TOPLUMA A\u00c7ILAN PENCEREM\u0130Z&#8221;"},"content":{"rendered":"\n<p>Mersin B\u00fcy\u00fck\u015fehir Belediye Ba\u015fkan\u0131 Vahap Se\u00e7er, g\u00f6reve geldi\u011fi g\u00fcnden bu yana demokratik kitle \u00f6rg\u00fctleri ve sivil toplum kurulu\u015flar\u0131 ile d\u00fczenli toplant\u0131lar yaparak, kenti kat\u0131l\u0131mc\u0131 bir y\u00f6netim anlay\u0131\u015f\u0131yla y\u00f6netiyor. Sivil toplum-belediye i\u015fbirli\u011fi de kent ad\u0131na yap\u0131lan birbirinden g\u00fczel \u00e7al\u0131\u015fmalara olumlu katk\u0131 sunuyor. Ba\u015fkan Se\u00e7er,&nbsp;<strong><em>&#8216;Kente S\u00f6z\u00fcm\u00fcz Var&#8217;<\/em><\/strong>&nbsp;slogan\u0131yla Mersin B\u00fcy\u00fck\u015fehir Belediyesi taraf\u0131ndan d\u00fczenlenen&nbsp;<strong><em>&#8216;Kent Kat\u0131l\u0131m\u0131 Bulu\u015fmalar\u0131&#8217;<\/em><\/strong>&nbsp;kapsam\u0131nda bu kez de sosyal sorumluluk ve e\u011fitim alan\u0131nda \u00e7al\u0131\u015fmalar yapan dernek, vak\u0131f ve kurulu\u015flar\u0131n temsilcileri ile bir araya geldi. B\u00f6ylece; Kent Kat\u0131l\u0131m\u0131 Bulu\u015fmalar\u0131&#8217;n\u0131n 7. Bulu\u015fma Serisi&#8217;nin 2. Toplant\u0131s\u0131 ger\u00e7ekle\u015ftirilmi\u015f oldu. Ba\u015fkan Se\u00e7er bulu\u015fmada; STK&#8217;larla her t\u00fcrl\u00fc i\u015f birli\u011fine a\u00e7\u0131k olduklar\u0131n\u0131 da vurgulad\u0131.<\/p>\n\n\n\n<p>Mersin B\u00fcy\u00fck\u015fehir Belediyesi Kongre ve Sergi Saray\u0131 \u00c7ok Ama\u00e7l\u0131 Salon&#8217;da ger\u00e7ekle\u015ftirilen toplant\u0131da Ba\u015fkan Se\u00e7er&#8217;e; Mersin B\u00fcy\u00fck\u015fehir Belediyesi Genel Sekreteri Olcay Tok ile Mersin B\u00fcy\u00fck\u015fehir Belediyesi Mersin Su ve Kanalizasyon \u0130daresi (MESK\u0130) Genel M\u00fcd\u00fcr\u00fc \u0130rfan Korkmaz ve B\u00fcy\u00fck\u015fehir Belediyesi b\u00fcrokratlar\u0131 e\u015flik etti. Toplant\u0131, Mersin B\u00fcy\u00fck\u015fehir Belediyesi&#8217;nin hizmetlerinin anlat\u0131ld\u0131\u011f\u0131&nbsp;<strong><em>&#8216;Bunca Hizmet, Hangi Akla Hizmet!&#8217;<\/em><\/strong>&nbsp;videosunun izlenmesi ile ba\u015flad\u0131.<\/p>\n\n\n\n<p><strong>Ba\u015fkan Se\u00e7er&#8217;in&nbsp;<em>&#8216;kat\u0131l\u0131mc\u0131 y\u00f6netim anlay\u0131\u015f\u0131&#8217;<\/em>, kent dinamiklerinden tam not al\u0131yor<\/strong><\/p>\n\n\n\n<p>Ba\u015fkan Se\u00e7er, toplant\u0131da sosyal sorumluluk ve e\u011fitim alan\u0131nda \u00e7al\u0131\u015fmalar yapan sivil toplum kurulu\u015fu temsilcilerinin kent hakk\u0131ndaki sorular\u0131n\u0131 yan\u0131tlarken, B\u00fcy\u00fck\u015fehir&#8217;in hizmet ve projelerini de anlatt\u0131. Temsilciler, toplant\u0131dan duyduklar\u0131 memnuniyeti dile getirirken, kent hakk\u0131ndaki fikirlerinin \u00f6nemsenmesinden duyduklar\u0131 mutlulu\u011fu ifade etti. Se\u00e7er&#8217;in g\u00f6reve gelmesinin ard\u0131ndan Mersin&#8217;in harika bir \u015fehir haline geldi\u011fini ifade eden kat\u0131l\u0131mc\u0131lar, Se\u00e7er&#8217;e;&nbsp;<strong><em>&#8216;\u00c7ok g\u00fczel bir \u015fehir yaratt\u0131n\u0131z&#8217;<\/em><\/strong>&nbsp;diyerek, B\u00fcy\u00fck\u015fehir&#8217;in \u00e7al\u0131\u015fmalar\u0131n\u0131 takdir ettiklerini belirtti. Kat\u0131l\u0131mc\u0131lar ayr\u0131ca, Se\u00e7er taraf\u0131ndan d\u00fczenli aral\u0131klarla ger\u00e7ekle\u015ftirilen&nbsp;<strong><em>Kent Kat\u0131l\u0131m\u0131 Bulu\u015fmalar\u0131<\/em><\/strong>&#8216;n\u0131n yerel demokrasiye sunulmu\u015f \u00e7ok k\u0131ymetli bir katk\u0131 oldu\u011fundan da s\u00f6z etti. Kat\u0131l\u0131mc\u0131lar taraf\u0131ndan pek \u00e7ok konu hakk\u0131nda Se\u00e7er&#8217;e sorular y\u00f6nlendirilirken, \u00f6zellikle e\u011fitim, k\u00fclt\u00fcr-sanat, sosyal sorumluluk projeleri ve \u00e7ocuklar i\u00e7in yap\u0131labilecek \u00e7al\u0131\u015fmalar hakk\u0131nda konu\u015fuldu. Deprem b\u00f6lgesinden Mersin&#8217;e geldiklerini ifade eden baz\u0131 kat\u0131l\u0131mc\u0131lar da, Mersin B\u00fcy\u00fck\u015fehir&#8217;in eri\u015filebilir bir yerel y\u00f6netim olmas\u0131n\u0131n \u00f6nemine dikkat \u00e7ekerken, sosyal belediyecilik ile yeniden kendilerine gelebilecek bir alan bulduklar\u0131n\u0131 kaydettiler ve o d\u00f6nemde yap\u0131lan destekler i\u00e7in de te\u015fekk\u00fcrlerini ilettiler.<\/p>\n\n\n\n<p><strong>Ba\u015fkan Se\u00e7er: &#8220;STK&#8217;lar bizim topluma a\u00e7\u0131lan penceremiz&#8221;<\/strong><\/p>\n\n\n\n<p>G\u00f6n\u00fcll\u00fcl\u00fck esas\u0131na g\u00f6re \u00e7al\u0131\u015fan kat\u0131l\u0131mc\u0131lara te\u015fekk\u00fcr eden Se\u00e7er, yerel y\u00f6netimlerde sivil toplumla kurulan i\u015f birli\u011finin demokratik kat\u0131l\u0131m\u0131n temelini olu\u015fturdu\u011funu vurgulad\u0131. STK&#8217;lar\u0131n \u00f6nemine dikkat \u00e7eken Se\u00e7er,<strong>&nbsp;&#8220;STK&#8217;lar bizim topluma a\u00e7\u0131lan penceremiz. Bunu ba\u015ftan beri bilerek ve bu hassasiyeti g\u00f6zeterek sizlerle ileti\u015fim sa\u011flad\u0131k.<\/strong>&nbsp;<strong>Sivil toplum olmadan demokrasi olmaz&#8221;&nbsp;<\/strong>dedi.Milletvekilli\u011fi d\u00f6neminden \u00f6rnek veren Se\u00e7er, yasa yap\u0131m s\u00fcre\u00e7lerinde STK&#8217;lar\u0131n g\u00f6r\u00fc\u015flerinin dikkate al\u0131nd\u0131\u011f\u0131n\u0131, fakat bug\u00fcnlerde parlamentoda bu anlay\u0131\u015f\u0131n yitirildi\u011fini hat\u0131rlatt\u0131. Mersin&#8217;de bu anlay\u0131\u015f\u0131n kurumsalla\u015ft\u0131\u011f\u0131n\u0131 belirten Se\u00e7er,&nbsp;<strong>&#8220;Demokratik \u00fclkelerde kanunlar ya da hayvan haklar\u0131 STK&#8217;lar\u0131n ve meslek odalar\u0131n\u0131n g\u00f6r\u00fc\u015fleri do\u011frultusunda yap\u0131l\u0131r. Bu k\u00fclt\u00fcr, maalesef T\u00fcrkiye&#8217;de yerle\u015fmi\u015f de\u011fil. Mersin&#8217;de bu alanda \u00e7al\u0131\u015fmalar yapmak i\u00e7in Kent Kat\u0131l\u0131m\u0131 ve Sivil Toplum ile \u0130li\u015fkiler \u015eube M\u00fcd\u00fcrl\u00fc\u011f\u00fcm\u00fcz var&#8221;&nbsp;<\/strong>s\u00f6zlerine yer verdi. Se\u00e7er, Mersin B\u00fcy\u00fck\u015fehir olarak hem i\u015f birli\u011fi hem de destek taleplerine kap\u0131lar\u0131n\u0131n sonuna kadar a\u00e7\u0131k oldu\u011funu s\u00f6yledi.<\/p>\n\n\n\n<p><strong>&#8220;Teksin uygulamas\u0131 alan\u0131nda T\u00fcrkiye&#8217;nin en iyilerden birisidir&#8221;<\/strong><\/p>\n\n\n\n<p>Se\u00e7er, 120 ki\u015finin 24 saat esas\u0131na g\u00f6re \u00e7al\u0131\u015ft\u0131\u011f\u0131 Alo 185 \u00c7a\u011fr\u0131 Merkezi&#8217;nin, vatanda\u015f taleplerini, \u00f6nerilerini ve te\u015fekk\u00fcrlerini de\u011ferlendirerek an\u0131nda geri d\u00f6n\u00fc\u015f sa\u011flad\u0131\u011f\u0131n\u0131 ifade etti. Bu yap\u0131n\u0131n sadece \u015fik\u00e2yetleri almad\u0131\u011f\u0131n\u0131, vatanda\u015fa da<strong>bir&nbsp;<\/strong>kendisini de\u011ferli hissettirdi\u011fini vurgulayan Se\u00e7er, uygulaman\u0131n alan\u0131nda T\u00fcrkiye&#8217;nin en iyilerinden birisi oldu\u011funu belirterek,&nbsp;<strong>&#8220;Teksin Alo 185 \u00c7a\u011fr\u0131 Merkezi \u00fczerinden bizim Mersin halk\u0131yla kurdu\u011fumuz ileti\u015fim, ba\u015fka bir \u015fehirde yok&#8221;<\/strong>&nbsp;dedi.<\/p>\n\n\n\n<p>B\u00fcy\u00fck\u015fehir&#8217;in sorumlulu\u011funda 10 bin kilometrelik yol a\u011f\u0131 bulundu\u011funu ve her birinin durumu hakk\u0131nda bilgi sahibi olduklar\u0131n\u0131 vurgulayan Se\u00e7er,&nbsp;<strong>&#8220;10 bin kilometre yol a\u011f\u0131m\u0131z var ve hepsi kontrol\u00fcm\u00fczde. Nerede ne ihtiya\u00e7 var hepsinin fark\u0131nday\u0131z. Yap\u0131lacak yollar\u0131n hepsi, bir program dahilinde yap\u0131l\u0131yor&#8221;&nbsp;<\/strong>diye konu\u015ftu. Toplu ta\u015f\u0131mada da \u00f6nemli ad\u0131mlar att\u0131klar\u0131n\u0131 belirten Se\u00e7er, 272 \u00e7evre dostu otob\u00fcs\u00fc filoya katt\u0131klar\u0131n\u0131 ve bu say\u0131n\u0131n T\u00fcrkiye&#8217;nin en gen\u00e7 toplu ta\u015f\u0131ma filosunu olu\u015fturdu\u011funu ifade ederek, bug\u00fcne kadar gidilmeyen noktalara toplu ta\u015f\u0131ma arac\u0131 hatlar\u0131 koyduklar\u0131ndan bahsetti.<\/p>\n\n\n\n<p><strong>&#8220;\u0130mar olmazsa kent geli\u015fmez, b\u00fcy\u00fcmez, bina, yol ve altyap\u0131 olmaz&#8221;<\/strong><\/p>\n\n\n\n<p>Kentte yapmak istedikleri hizmetlerde siyasi engellerle kar\u015f\u0131la\u015ft\u0131klar\u0131n\u0131n alt\u0131n\u0131 \u00e7izen Se\u00e7er,&nbsp;<strong>&#8220;5 y\u0131l i\u00e7erisinde Mersin merkezin 25-30 y\u0131ld\u0131r tart\u0131\u015ft\u0131\u011f\u0131 1\/5000&#8217;lik ve 1\/1000&#8217;lik imar planlar\u0131 bitti. \u015eehirde yap\u0131la\u015fma, altyap\u0131, yol a\u00e7malar\u0131m\u0131z ba\u015flad\u0131. \u0130mar olmazsa kent geli\u015fmez, b\u00fcy\u00fcmez, bina, yol ve altyap\u0131 olmaz&#8221;<\/strong>&nbsp;diyerek, kentin h\u0131zla g\u00f6\u00e7 ald\u0131\u011f\u0131n\u0131 ve imar \u00e7al\u0131\u015fmalar\u0131 sayesinde kentin bu y\u00fck\u00fc kald\u0131rd\u0131\u011f\u0131n\u0131 ifade etti.<\/p>\n\n\n\n<p><strong>&#8220;6 y\u0131ld\u0131r onlarca hizmet yapt\u0131k&#8221;<\/strong><\/p>\n\n\n\n<p>Tramvay projelerini haz\u0131r ettiklerini ve izinlerinin de al\u0131nd\u0131\u011f\u0131n\u0131 ifade eden Se\u00e7er,&nbsp;<strong>&#8220;Bizim 2 ayr\u0131 tramvay projemiz var. Her biri yakla\u015f\u0131k 10 kilometre. Biri \u015eehir Hastanesi g\u00fczergah\u0131ndan merkez istikametine, di\u011feri ise Fuar Alan\u0131-\u00dcniversite Hastanesi-34. Cadde istikametine olacak. \u015eu anda yat\u0131r\u0131m program\u0131na al\u0131nmas\u0131 i\u00e7in Cumhurba\u015fkan\u0131&#8217;n\u0131n imzas\u0131n\u0131 bekliyoruz. Tarsus Tramvay\u0131 ise Ula\u015ft\u0131rma Bakanl\u0131\u011f\u0131 Altyap\u0131 Genel M\u00fcd\u00fcrl\u00fc\u011f\u00fc&#8217;nden izin a\u015famas\u0131nda&#8221;&nbsp;<\/strong>dedi. G\u00f6revde oldu\u011fu 6 y\u0131l i\u00e7erisinde kamuoyuna yans\u0131yan ve yans\u0131mayan onlarca hizmete imza att\u0131klar\u0131n\u0131n alt\u0131n\u0131 \u00e7izen Se\u00e7er,<strong>&nbsp;&#8220;Bunlar\u0131 \u00e7al\u0131\u015f\u0131p, komisyonlardan ge\u00e7irip, Meclis&#8217;te oy birli\u011fi ile sa\u011flamak bir g\u00fcvenin sonucudur. Kararlar\u0131n oy birli\u011fi ile al\u0131nmas\u0131, benim siyasi g\u00f6r\u00fc\u015f\u00fcmden olmasa da Meclis \u00fcyesinin Ba\u015fkan&#8217;\u0131na olan g\u00fcveninden kaynakl\u0131d\u0131r. \u00c7\u00fcnk\u00fc tam bir demokratik ortam sa\u011fl\u0131yoruz&#8221;<\/strong>&nbsp;ifadelerine yer verdi.<\/p>\n\n\n\n<p><strong>&#8220;MESK\u0130, Mersin tarihinin en b\u00fcy\u00fck yat\u0131r\u0131m\u0131n\u0131 yap\u0131yor&#8221;<\/strong><\/p>\n\n\n\n<p>MESK\u0130&#8217;nin Mersin&#8217;de t\u00fcm tarihlerin en b\u00fcy\u00fck yat\u0131r\u0131m\u0131n\u0131 yapt\u0131\u011f\u0131n\u0131 vurgulayan Se\u00e7er,&nbsp;<strong>&#8220;Yat\u0131r\u0131m miktar\u0131m\u0131z toplam 24,7 milyar lira. Bunun yakla\u015f\u0131k olarak 200 milyon Euro&#8217;luk k\u0131sm\u0131 Pamukluk Baraj\u0131 isale hatt\u0131 ve ar\u0131tmas\u0131 i\u00e7in kullan\u0131lacak. Bu projeyi anla\u015fmam\u0131z gere\u011fi Devlet Su \u0130\u015fleri yap\u0131yor, biz \u00f6d\u00fcyoruz. Bu bor\u00e7lar\u0131 biz kapataca\u011f\u0131z. Altyap\u0131, \u015febeke, kanalizasyon, at\u0131k su ar\u0131tma tesisi projelerimiz var&#8221;<\/strong>&nbsp;diye konu\u015ftu. Ye\u015filovac\u0131k&#8217;tan Yenice&#8217;ye kadar hi\u00e7bir noktada denize bir damla dahi kirli su kar\u0131\u015fmamas\u0131 i\u00e7in gerekli altyap\u0131 \u00e7al\u0131\u015fmalar\u0131n\u0131 yapacaklar\u0131n\u0131 aktaran Se\u00e7er, ilgili projelerin Cumhurba\u015fkanl\u0131\u011f\u0131 Yat\u0131r\u0131m Program\u0131&#8217;na da al\u0131nd\u0131\u011f\u0131n\u0131 vurgulayarak, Tarsus&#8217;tan Anamur&#8217;a kadar kentin altyap\u0131 sorunlar\u0131n\u0131 \u00e7\u00f6zeceklerini ifade etti. Se\u00e7er, ikinci 5 y\u0131l\u0131n sonuna kadar MESK\u0130&#8217;nin projelerinin tamam\u0131n\u0131n bitece\u011fini s\u00f6yledi.<\/p>\n\n\n\n<p><strong>&#8220;Bu toplumu e\u011fitim, muas\u0131r medeniyet seviyesi ve \u00e7a\u011fda\u015fl\u0131k kurtaracak&#8221;<\/strong><\/p>\n\n\n\n<p>B\u00fcy\u00fck\u015fehir olarak toplam 32 adet E\u011fitim ve \u00d6\u011fretimi Destekleme Kurs Merkezi a\u00e7t\u0131klar\u0131n\u0131 ve buralardan yakla\u015f\u0131k 9 bin \u00f6\u011frencinin yararland\u0131\u011f\u0131n\u0131 dile getiren Se\u00e7er, ama\u00e7lar\u0131n\u0131n gen\u00e7lere \u00e7a\u011fda\u015f e\u011fitimin \u0131\u015f\u0131\u011f\u0131nda destek olmak oldu\u011funu kaydetti. E\u011fitimin toplumun gelece\u011fini kurtaracak en \u00f6nemli ad\u0131mlardan birisi oldu\u011funa vurgu yapan Se\u00e7er,&nbsp;<strong>&#8220;Kurs merkezlerimizde gen\u00e7lere \u00e7a\u011fda\u015f bir e\u011fitim veriyoruz. Bu gen\u00e7ler daha iyi liselere ve \u00fcniversitelere gitsin diye \u00e7al\u0131\u015f\u0131yoruz. \u00c7\u00fcnk\u00fc bu toplumu e\u011fitim, muas\u0131r medeniyet seviyesi ve \u00e7a\u011fda\u015fl\u0131k kurtaracak&#8221;<\/strong>&nbsp;dedi.<\/p>\n\n\n\n<p><strong>&#8220;Sa\u011fl\u0131k hizmetlerinde tasarruf g\u00f6zetmiyoruz&#8221;<\/strong><\/p>\n\n\n\n<p>\u00d6zel gereksinimli bireylere ve ya\u015f alm\u0131\u015flara y\u00f6nelik verilen hizmetlerde \u00e7ok hassas davrand\u0131klar\u0131n\u0131n alt\u0131n\u0131 \u00e7izen Se\u00e7er,&nbsp;<strong>&#8220;Bizim tasarruf etmedi\u011fimiz konulardan bir tanesi ya\u015f alm\u0131\u015f ya da hasta vatanda\u015flar\u0131m\u0131z\u0131n bak\u0131m\u0131. \u0130nsanlardan, \u00e7ar\u015f\u0131da veya pazarda dua, te\u015fekk\u00fcr ald\u0131\u011f\u0131m zaman d\u00fcnyan\u0131n en mutlu insan\u0131 oluyorum. Emin olun ambulans, hasta bak\u0131m gibi hizmetler g\u00f6z\u00fcm\u00fcz\u00fc k\u0131rpmadan, herkesin yard\u0131m\u0131na ko\u015ftu\u011fumuz alanlar&#8221;<\/strong>&nbsp;diye konu\u015ftu.<\/p>\n\n\n\n<p><strong>&#8220;Her b\u00f6lgeye, her il\u00e7eye okuma salonlar\u0131 a\u00e7\u0131yoruz&#8221;<\/strong><\/p>\n\n\n\n<p>G\u00f6reve geldi\u011fi 2019 y\u0131l\u0131nda Mersin&#8217;de, B\u00fcy\u00fck\u015fehir Belediyesi&#8217;ne ait sadece 1 adet k\u00fct\u00fcphane oldu\u011funa ve 6 y\u0131l i\u00e7erisinde bu say\u0131y\u0131 13&#8217;e \u00e7\u0131kard\u0131klar\u0131na dikkat \u00e7eken Se\u00e7er,&nbsp;<strong>&#8220;Bunlar\u0131n en reva\u00e7ta olan\u0131 sahilde a\u00e7t\u0131\u011f\u0131m\u0131z Adres Okuma Salonu. Her b\u00f6lgeye, her il\u00e7eye okuma salonlar\u0131 a\u00e7\u0131yoruz. \u00c7ocuklar\u0131n okuma salonlar\u0131na \u00e7ok b\u00fcy\u00fck ihtiyac\u0131 oldu\u011funu g\u00f6rd\u00fck. Kar\u015f\u0131la\u015ft\u0131\u011f\u0131m zaman gen\u00e7ler benden bunu istiyorlar. Onun i\u00e7in say\u0131s\u0131 daha da artacak&#8221;<\/strong>&nbsp;diye konu\u015ftu.<\/p>\n\n\n\n<p><strong>&#8220;\u015eehrin merkezinde temiz hava alaca\u011f\u0131m\u0131z bir meydan olacak&#8221;<\/strong><\/p>\n\n\n\n<p>\u015eehir merkezinde bulunan tarihi yap\u0131lar\u0131n restorasyonlar\u0131n\u0131 yapt\u0131klar\u0131n\u0131 ve baz\u0131lar\u0131n\u0131n tamamlan\u0131p baz\u0131lar\u0131n\u0131n ise devam etti\u011fini aktaran Se\u00e7er, bu \u00e7al\u0131\u015fmalarda her zaman&nbsp;<strong><em>&#8216;halk\u00e7\u0131&#8217;<\/em><\/strong>&nbsp;yakla\u015f\u0131m ile hareket ettiklerini s\u00f6yledi. Se\u00e7er,&nbsp;<strong>&#8220;Bunlar \u00e7ok kolay hareket etti\u011fimiz alanlar de\u011fil. \u00d6zellikle tarihi kent merkezimizde, tarihi binalar\u0131n restorasyonundan baz\u0131 alanlar\u0131n d\u00fczenlenmesine kadar her alanda faaliyetimiz var. K\u0131rm\u0131z\u0131-Lacivert ve \u00d6zel \u0130dare \u0130\u015fhan\u0131&#8217;n\u0131 y\u0131kt\u0131k ve oraya tertemiz bir Kent Meydan\u0131 yap\u0131yoruz. \u015eehrin merkezinde temiz hava alaca\u011f\u0131m\u0131z bir meydan olacak&#8221;<\/strong>&nbsp;dedi.<\/p>\n\n\n\n<p><strong>&#8220;\u0130nsanlar\u0131n ya\u015fam alan\u0131 \u00f6ncelikliyse onu tercih ediyoruz&#8221;<\/strong><\/p>\n\n\n\n<p><strong><em>&#8216;M\u00fcft\u00fc Deresi Ya\u015fam Vadisi Projesi&#8217;<\/em><\/strong>&nbsp;hakk\u0131nda da kat\u0131l\u0131mc\u0131lara bilgi veren Se\u00e7er, 1500 d\u00f6n\u00fcm alan\u0131 kapsayan \u00e7al\u0131\u015fman\u0131n 500 d\u00f6n\u00fcm\u00fcn\u00fcn park, 500 d\u00f6n\u00fcm\u00fcn\u00fcn yollar ve 500 d\u00f6n\u00fcm\u00fcn\u00fcn de dere i\u00e7i k\u0131s\u0131mlardan olu\u015ftu\u011funu aktard\u0131. \u00dclkenin i\u00e7inde bulundu\u011fu ekonomik olumsuzluklar\u0131n d\u00fczelmesinin ard\u0131ndan&nbsp;<strong><em>&#8216;Sosyal Konut Projesi&#8217;<\/em><\/strong>nin de h\u0131zl\u0131ca hayata ge\u00e7irilece\u011fini s\u00f6yleyen Se\u00e7er,&nbsp;<strong>&#8220;Emin olun biz belediye olarak bizim arazilerimizde ranta bakm\u0131yoruz. Elimizde konut arazileri var,&nbsp;<em>&#8216;1000 adet sosyal konut yapaca\u011f\u0131m&#8217;<\/em>&nbsp;diye s\u00f6z verdim. Projeleri dahil her \u015feyi haz\u0131rlad\u0131k. Tarsus&#8217;ta, Toroslar&#8217;da ve Silifke&#8217;de yapaca\u011f\u0131z. Biz belediyemizin rant \u00fczerinden gelirine bakm\u0131yoruz, insanlar\u0131n ya\u015fam alan\u0131 \u00f6ncelikliyse onu tercih ediyoruz&#8221;<\/strong>&nbsp;s\u00f6zlerine yer verdi.&nbsp;<\/p>\n\n\n\n<p><strong>&#8220;Sosyal Politikalar Ofisimizde do\u011fumdan \u00f6l\u00fcme kadar her \u015fey var&#8221;<\/strong><\/p>\n\n\n\n<p>Se\u00e7er, \u00e7ocuklara ve toplumsal risklere y\u00f6nelik y\u00fcr\u00fct\u00fclen projeleri de\u011ferlendirerek, 23 Nisan&#8217;da ger\u00e7ekle\u015ftirilen 2. Uluslararas\u0131 Mersin \u00c7ocuk Festivali&#8217;nin b\u00fcy\u00fck ilgi g\u00f6rd\u00fc\u011f\u00fcn\u00fc ifade etti. Sosyal Politikalar Ofisi&#8217;nin kapsaml\u0131 hizmet sundu\u011funu belirten Se\u00e7er,&nbsp;<strong><em>&#8216;do\u011fumdan \u00f6l\u00fcme kadar&#8217;<\/em><\/strong>&nbsp;anlay\u0131\u015f\u0131yla \u00e7al\u0131\u015ft\u0131klar\u0131n\u0131 ve geni\u015f bir sosyal destek yelpazesi olu\u015fturduklar\u0131n\u0131 s\u00f6yledi. Se\u00e7er, kurulu\u015f temsilcilerine Sosyal Politikalar Ofisi&#8217;ni ziyaret etmeleri \u00f6nerisinde bulunarak,&nbsp;<strong>&#8220;Sizler de sosyal sorumluluk projeleri yap\u0131yorsunuz. Sosyal Politikalar Ofisimizde anne karn\u0131ndan \u00f6l\u00fcme kadar her \u015fey var&#8221;<\/strong>&nbsp;dedi.&nbsp;Se\u00e7er,&nbsp;<strong>&#8220;2024 se\u00e7imleri g\u00f6sterdi ki; belediyeler \u00f6zellikle 2019&#8217;dan bu yana sosyal belediyecilik konusunda \u00e7\u0131\u011f\u0131r a\u00e7t\u0131&#8221;<\/strong>&nbsp;diye konu\u015ftu.<\/p>\n\n\n\n<p><strong>&#8220;Biz deprem b\u00f6lgesi de\u011filiz ama asl\u0131nda afet b\u00f6lgesiyiz&#8221;<\/strong><\/p>\n\n\n\n<p>Afetlere y\u00f6nelik al\u0131nan \u00f6nlemler kapsam\u0131nda kurulan Afet \u0130\u015fleri Dairesi Ba\u015fkanl\u0131\u011f\u0131 ile Mersin&#8217;in afet b\u00f6lgesi ger\u00e7e\u011fini dikkate ald\u0131klar\u0131n\u0131 vurgulayan Se\u00e7er,&nbsp;<strong>&#8220;Biz deprem b\u00f6lgesi de\u011filiz ama asl\u0131nda afet b\u00f6lgesiyiz. Bu kapsamda Afet \u0130\u015fleri Dairesi Ba\u015fkanl\u0131\u011f\u0131&#8217;n\u0131 kurduk. Ada bazl\u0131 kentsel d\u00f6n\u00fc\u015f\u00fcm\u00fc de ilk olarak \u0130hsaniye Mahallesi&#8217;nde ba\u015flat\u0131yoruz&#8221;<\/strong>&nbsp;s\u00f6zlerine yer verdi. Se\u00e7er, Mersin&#8217;in co\u011frafi konumu gere\u011fi risk ta\u015f\u0131yan b\u00f6lge oldu\u011funa ve bu hassasiyetle \u00e7al\u0131\u015ft\u0131klar\u0131na dikkat \u00e7ekerek,<strong>&nbsp;&#8220;Mersin, tsunamiden yang\u0131na, kimyasal n\u00fckleer s\u0131z\u0131nt\u0131lardan sel ta\u015fk\u0131nlar\u0131na ve orman yang\u0131nlar\u0131na kadar farkl\u0131 t\u00fcrdeki afetlerin ya\u015fanma olas\u0131l\u0131\u011f\u0131n\u0131n oldu\u011fu bir kent. Mersin&#8217;in topo\u011frafyas\u0131, yap\u0131s\u0131, co\u011frafyas\u0131 b\u00f6yle. Biz do\u011fal olarak bu i\u015fleri \u00f6nemsiyoruz ve \u00e7ok de\u011ferli \u00e7al\u0131\u015fmalar yap\u0131yoruz. Bir proje kapsam\u0131nda&nbsp;<em>&#8216;Afet Y\u00f6netim Kamp\u00fcs\u00fc&#8217;&nbsp;<\/em>kurduk. Bu se\u00e7im manifestomuzda da var&#8221;&nbsp;<\/strong>diye belirtti.<\/p>\n\n\n\n<p><strong>&#8220;Riskli yap\u0131larda ya\u015fan vatanda\u015flar\u0131m\u0131z\u0131 binalar\u0131n\u0131 yenilemeye te\u015fvik ediyoruz&#8221;<\/strong><\/p>\n\n\n\n<p>B\u00fcy\u00fck\u015fehir Belediye Meclisi&#8217;nin ge\u00e7ti\u011fimiz ay yap\u0131lan toplant\u0131s\u0131nda risk ta\u015f\u0131yan binalar\u0131n m\u00fclk sahiplerine y\u00f6nelik \u00f6nemli bir karar ald\u0131\u011f\u0131n\u0131 aktaran Se\u00e7er, riskli binalarda ikamet etti\u011fini d\u00fc\u015f\u00fcnen yurtta\u015flar\u0131n bu f\u0131rsattan yararlanmas\u0131 gerekti\u011fine dikkat \u00e7ekti. Karar hakk\u0131nda ayr\u0131nt\u0131l\u0131 bilgi veren Se\u00e7er, bir \u00e7ok vatanda\u015f\u0131n y\u0131k\u0131m sonras\u0131nda evinin metrekaresinin k\u00fc\u00e7\u00fclece\u011fi d\u00fc\u015f\u00fcncesi ile tehlike arz eden binalarda ya\u015famay\u0131 g\u00f6ze ald\u0131\u011f\u0131n\u0131 ancak B\u00fcy\u00fck\u015fehir Meclisi&#8217;nin ald\u0131\u011f\u0131 karar ile bu kayb\u0131 ya\u015famayacaklar\u0131n\u0131 s\u00f6yledi. Se\u00e7er,&nbsp;<strong>&#8220;Binan\u0131z risk ta\u015f\u0131yorsa y\u0131k\u0131n yenisini yap\u0131n. Biz o kayb\u0131n\u0131z\u0131 emsal olarak verece\u011fiz. Buna da 5 y\u0131l s\u00fcre koyduk. Yani sizin yan\u0131n\u0131zda yer yapan s\u0131f\u0131r bir arsa bu imk\u00e2nlardan faydalanamaz. Ancak sizin binan\u0131z risk ta\u015f\u0131yan bir binaysa faydalan\u0131r. Bu \u00f6nemli bir maddi kazan\u0131md\u0131r. Asl\u0131nda bir anlamda riskli yap\u0131larda ya\u015fan vatanda\u015flar\u0131m\u0131z\u0131 binalar\u0131n\u0131 yenilemeye te\u015fvik ediyoruz&#8221;<\/strong>&nbsp;dedi.<\/p>\n\n\n\n<p>Mersin B\u00fcy\u00fck\u015fehir olarak T\u00fcrkiye&#8217;nin en de\u011ferli itfaiye te\u015fkilat\u0131 olma yolunda s\u00fcratle ilerlediklerini de kaydeden Se\u00e7er,<strong>&nbsp;&#8220;T\u00fcrkiye&#8217;de belediyelerin belki 1, belki de 2 tanesinde olan e\u011fitim merkezini kurduk. Bu merkezimiz itfaiye erlerini e\u011fitmek i\u00e7in kurulan Toroslar&#8217;daki ATA E\u011fitim Merkezi. \u015eu anda memur stat\u00fcs\u00fcnde 150 yeni itfaiye erimiz var. Al\u0131mlarda asla torpil veya kay\u0131rmac\u0131l\u0131k yok&#8221;&nbsp;<\/strong>diyerek, al\u0131mlar\u0131n tamamen liyakat esas\u0131na dayal\u0131 ve \u015feffaf bir \u015fekilde yap\u0131ld\u0131\u011f\u0131ndan s\u00f6z etti. Se\u00e7er, 90 yeni itfaiye eri i\u00e7in de al\u0131ma \u00e7\u0131kt\u0131klar\u0131n\u0131 belirtti.<\/p>\n\n\n\n<p><strong>Kent dinamikleri, geleneksel olarak devam eden bulu\u015fmalardan memnun&#8230;<\/strong><\/p>\n\n\n\n<p>Giri\u015fimci \u0130nsan Kaynaklar\u0131 Derne\u011fi (G\u0130DER\u0130K) \u00dcyesi ve Bah\u00e7e\u015fehir Koleji Kurumsal \u0130leti\u015fim M\u00fcd\u00fcr\u00fc \u00d6zlem Bora, toplant\u0131ya ilk kez kat\u0131ld\u0131\u011f\u0131n\u0131 belirterek,&nbsp;<strong>&#8220;Mersin&#8217;de Vahap Ba\u015fkan\u0131m\u0131z\u0131n ba\u015fkanl\u0131\u011f\u0131nda halk\u0131n s\u00f6z sahibi olmas\u0131ndan dolay\u0131 son derece mutluyum. Halka sosyal alan tan\u0131nmas\u0131ndan, sosyal tesisler \u00fcretilmesinden, burada birbirimizle Mersin&#8217;i konu\u015farak payla\u015fmaktan son derece memnunum&#8221;<\/strong>&nbsp;s\u00f6zlerine yer verdi.<\/p>\n\n\n\n<p>Ba\u015fkan Se\u00e7er&#8217;in STK&#8217;larla bir araya gelmesinin \u00e7ok k\u0131ymetli oldu\u011funun alt\u0131n\u0131 \u00e7izen \u0130\u00e7el Sanat Kul\u00fcb\u00fc Y\u00f6netim Kurulu Ba\u015fkan\u0131 Fatih Alkar da,&nbsp;<strong>&#8220;Toplant\u0131lar kent k\u00fclt\u00fcr\u00fcn\u00fc geli\u015ftirmek boyutunda \u00e7ok k\u0131ymetli. \u00c7\u00fcnk\u00fc Ba\u015fkan&#8217;\u0131n, kentin sanat\u0131yla, k\u00fclt\u00fcr\u00fcyle ve di\u011fer ilgili birimleriyle i\u00e7 i\u00e7e olmas\u0131 bizleri interaktif olarak dinliyor olmas\u0131, kentin gelece\u011fi ad\u0131na \u00e7ok k\u0131ymetli. Bu t\u00fcr toplant\u0131lar\u0131n periyodik olarak devam etmesi ger\u00e7ekten \u00e7ok anlam kazan\u0131yor&#8221;<\/strong>&nbsp;dedi. Akdeniz Opera Bale Kul\u00fcb\u00fc Derne\u011fi Ba\u015fkan\u0131 Demet \u015eaman Tarlakazan, Ba\u015fkan Se\u00e7er&#8217;in g\u00f6reve geldi\u011finden beri sivil toplum kurulu\u015flar\u0131 ile bir arada oldu\u011funu s\u00f6yleyerek, toplant\u0131n\u0131n faydalar\u0131n\u0131 anlatt\u0131. Tarlakazan,&nbsp;<strong>&#8220;Toplant\u0131lar\u0131n verimli oldu\u011funu; burada g\u00f6r\u00fc\u015f\u00fclen konular\u0131n takip edildi\u011fini ve her seferinde al\u0131nan kararlar\u0131n uyguland\u0131\u011f\u0131n\u0131 g\u00f6r\u00fcyorum&#8221;<\/strong>&nbsp;diyerek, Ba\u015fkan Se\u00e7er&#8217;e te\u015fekk\u00fcr etti.<\/p>\n\n\n\n<p>Bulu\u015fma, toplu foto\u011fraf \u00e7ekimi ile sona erdi. Mersin B\u00fcy\u00fck\u015fehir&#8217;in&nbsp;<strong>&#8216;Kent Kat\u0131l\u0131m\u0131 Bulu\u015fmalar\u0131&#8217;<\/strong>&nbsp; y\u0131l i\u00e7erisinde devam edecek.<\/p>\n","protected":false},"excerpt":{"rendered":"<p>Mersin B\u00fcy\u00fck\u015fehir Belediye Ba\u015fkan\u0131 Vahap Se\u00e7er, g\u00f6reve geldi\u011fi g\u00fcnden bu yana demokratik kitle \u00f6rg\u00fctleri ve sivil toplum kurulu\u015flar\u0131 ile d\u00fczenli toplant\u0131lar yaparak, kenti kat\u0131l\u0131mc\u0131 bir y\u00f6netim anlay\u0131\u015f\u0131yla y\u00f6netiyor. Sivil toplum-belediye i\u015fbirli\u011fi de kent ad\u0131na yap\u0131lan birbirinden g\u00fczel \u00e7al\u0131\u015fmalara olumlu katk\u0131 sunuyor. Ba\u015fkan Se\u00e7er,&nbsp;&#8216;Kente S\u00f6z\u00fcm\u00fcz Var&#8217;&nbsp;slogan\u0131yla Mersin B\u00fcy\u00fck\u015fehir Belediyesi taraf\u0131ndan d\u00fczenlenen&nbsp;&#8216;Kent Kat\u0131l\u0131m\u0131 Bulu\u015fmalar\u0131&#8217;&nbsp;kapsam\u0131nda bu kez de [&hellip;]<\/p>\n","protected":false},"author":2,"featured_media":42347,"comment_status":"closed","ping_status":"closed","sticky":false,"template":"","format":"standard","meta":{"footnotes":""},"categories":[3],"tags":[],"class_list":["post-42346","post","type-post","status-publish","format-standard","has-post-thumbnail","hentry","category-manset"],"views":3,"_links":{"self":[{"href":"https:\/\/mersinkadingazetesi.com\/index.php?rest_route=\/wp\/v2\/posts\/42346"}],"collection":[{"href":"https:\/\/mersinkadingazetesi.com\/index.php?rest_route=\/wp\/v2\/posts"}],"about":[{"href":"https:\/\/mersinkadingazetesi.com\/index.php?rest_route=\/wp\/v2\/types\/post"}],"author":[{"embeddable":true,"href":"https:\/\/mersinkadingazetesi.com\/index.php?rest_route=\/wp\/v2\/users\/2"}],"replies":[{"embeddable":true,"href":"https:\/\/mersinkadingazetesi.com\/index.php?rest_route=%2Fwp%2Fv2%2Fcomments&post=42346"}],"version-history":[{"count":1,"href":"https:\/\/mersinkadingazetesi.com\/index.php?rest_route=\/wp\/v2\/posts\/42346\/revisions"}],"predecessor-version":[{"id":42348,"href":"https:\/\/mersinkadingazetesi.com\/index.php?rest_route=\/wp\/v2\/posts\/42346\/revisions\/42348"}],"wp:featuredmedia":[{"embeddable":true,"href":"https:\/\/mersinkadingazetesi.com\/index.php?rest_route=\/wp\/v2\/media\/42347"}],"wp:attachment":[{"href":"https:\/\/mersinkadingazetesi.com\/index.php?rest_route=%2Fwp%2Fv2%2Fmedia&parent=42346"}],"wp:term":[{"taxonomy":"category","embeddable":true,"href":"https:\/\/mersinkadingazetesi.com\/index.php?rest_route=%2Fwp%2Fv2%2Fcategories&post=42346"},{"taxonomy":"post_tag","embeddable":true,"href":"https:\/\/mersinkadingazetesi.com\/index.php?rest_route=%2Fwp%2Fv2%2Ftags&post=42346"}],"curies":[{"name":"wp","href":"https:\/\/api.w.org\/{rel}","templated":true}]}}