{"id":42352,"date":"2025-05-08T10:32:13","date_gmt":"2025-05-08T07:32:13","guid":{"rendered":"https:\/\/mersinkadingazetesi.com\/?p=42352"},"modified":"2025-05-08T10:32:14","modified_gmt":"2025-05-08T07:32:14","slug":"dogurganlik-hizinin-dususu-beka-sorunu-degildir","status":"publish","type":"post","link":"https:\/\/mersinkadingazetesi.com\/?p=42352","title":{"rendered":"Do\u011furganl\u0131k H\u0131z\u0131n\u0131n D\u00fc\u015f\u00fc\u015f\u00fc Beka Sorunu De\u011fildir"},"content":{"rendered":"\n<p>DEM Parti Mersin Milletvekili Perihan Koca, TBMM\u2019de Yeni Yol grubunun verdi\u011fi \u201cDo\u011furganl\u0131k h\u0131z\u0131n\u0131n d\u00fc\u015f\u00fc\u015f\u00fcn\u00fcn nedenlerinin ara\u015ft\u0131r\u0131lmas\u0131\u201d konusundaki ara\u015ft\u0131rma \u00f6nergesi g\u00fcndeminde konu\u015ftu.<strong> Konu\u015fmadaki vurgular \u015fu \u015fekilde:<\/strong><\/p>\n\n\n\n<p>-\u00d6ncelikle, S\u0131rr\u0131 Ba\u015fkan\u0131m\u0131z, S\u0131rr\u0131 yolda\u015f\u0131m\u0131z i\u00e7in t\u00fcm T\u00fcrkiye halklar\u0131na ba\u015fsa\u011fl\u0131\u011f\u0131 diliyorum. Bizlere b\u0131rakt\u0131\u011f\u0131 bar\u0131\u015f, e\u015fitlik, demokrasi m\u00fccadelesi miras\u0131n\u0131 ileri ta\u015f\u0131yaca\u011f\u0131m\u0131z\u0131n s\u00f6z\u00fcn\u00fc, onun \u00fctopyas\u0131n\u0131n&nbsp;pe\u015finden yol alaca\u011f\u0131m\u0131z\u0131n s\u00f6z\u00fcn\u00fc buradan bir kez daha veriyorum.<\/p>\n\n\n\n<p>-\u0130sterdim ki bu Meclis k\u00fcrs\u00fcs\u00fcnde do\u011furganl\u0131k h\u0131z\u0131n\u0131 de\u011fil de bir t\u00fcrl\u00fc \u00f6n\u00fcne ge\u00e7emedi\u011fimiz kad\u0131n cinayetlerini ve kad\u0131n cinayetlerine dair \u00e7\u00f6z\u00fcm\u00fc, \u00f6nlemleri konu\u015fal\u0131m. \u0130sterdim ki 2025 Nisan ay\u0131nda erkekler taraf\u0131ndan \u00f6ld\u00fcr\u00fclen 29 kad\u0131n\u0131, kad\u0131n karde\u015fimizi konu\u015fal\u0131m.<\/p>\n\n\n\n<p>-Nisan ay\u0131ndaki verilere g\u00f6re katledilen kad\u0131nlar\u0131n y\u00fczde 59&#8217;u evli oldu\u011fu erkekler taraf\u0131ndan katledilmi\u015f mesela, di\u011ferleri abileri, eski ni\u015fanl\u0131lar\u0131, eski e\u015fleri taraf\u0131ndan \u00f6ld\u00fcr\u00fclm\u00fc\u015f mesela ya da buna nas\u0131l engel olabilece\u011fimize dair birlikte sorumluluk alal\u0131m isterdim.<br><br>-El birli\u011fiyle g\u00fc\u00e7lendirmeye \u00e7al\u0131\u015ft\u0131\u011f\u0131n\u0131z aile ger\u00e7ekli\u011finin esas\u0131n\u0131n bu oldu\u011funu, burada yatt\u0131\u011f\u0131n\u0131 konu\u015fal\u0131m isterdim. Bu g\u00fc\u00e7lendirilmesi istenen aile yap\u0131s\u0131n\u0131n kad\u0131nlar\u0131 nas\u0131l bask\u0131 alt\u0131na ald\u0131\u011f\u0131n\u0131, makbul kad\u0131n olmuyorsa e\u011fer \u015fiddetle ya da \u00f6l\u00fcmle nas\u0131l tehdit etti\u011fini, kad\u0131nlara bir cehennemi nas\u0131l reva g\u00f6rd\u00fc\u011f\u00fcn\u00fc konu\u015fal\u0131m isterdim.<br>-D\u00fc\u015fen do\u011furganl\u0131k h\u0131z\u0131 bir y\u0131l\u0131 a\u015fk\u0131nd\u0131r bir beka sorunu olarak, bir tehdit olarak ne yaz\u0131k ki ele al\u0131n\u0131yor. Patriarkan\u0131n devam\u0131, devletin bekas\u0131, ailenin korunmas\u0131 ve kapitalist \u00fcretimin s\u00fcreklili\u011fi kayg\u0131lar\u0131yla asl\u0131nda s\u00fcrekli tart\u0131\u015f\u0131l\u0131yor ama bu endi\u015felerin hedefinde bir kesim var, o da kad\u0131nlar.<br><br>-Ama asl\u0131nda d\u00fc\u015fen do\u011furganl\u0131k h\u0131z\u0131 bizle ilgili de\u011fil, kentle\u015fmeyle ilgili, kent n\u00fcfusunun artmas\u0131yla ilgili, ka\u00e7\u0131n\u0131lmaz modern ya\u015fant\u0131n\u0131n ye\u015fermesiyle ilgili.<\/p>\n","protected":false},"excerpt":{"rendered":"<p>DEM Parti Mersin Milletvekili Perihan Koca, TBMM\u2019de Yeni Yol grubunun verdi\u011fi \u201cDo\u011furganl\u0131k h\u0131z\u0131n\u0131n d\u00fc\u015f\u00fc\u015f\u00fcn\u00fcn nedenlerinin ara\u015ft\u0131r\u0131lmas\u0131\u201d konusundaki ara\u015ft\u0131rma \u00f6nergesi g\u00fcndeminde konu\u015ftu. Konu\u015fmadaki vurgular \u015fu \u015fekilde: -\u00d6ncelikle, S\u0131rr\u0131 Ba\u015fkan\u0131m\u0131z, S\u0131rr\u0131 yolda\u015f\u0131m\u0131z i\u00e7in t\u00fcm T\u00fcrkiye halklar\u0131na ba\u015fsa\u011fl\u0131\u011f\u0131 diliyorum. Bizlere b\u0131rakt\u0131\u011f\u0131 bar\u0131\u015f, e\u015fitlik, demokrasi m\u00fccadelesi miras\u0131n\u0131 ileri ta\u015f\u0131yaca\u011f\u0131m\u0131z\u0131n s\u00f6z\u00fcn\u00fc, onun \u00fctopyas\u0131n\u0131n&nbsp;pe\u015finden yol alaca\u011f\u0131m\u0131z\u0131n s\u00f6z\u00fcn\u00fc buradan bir kez daha [&hellip;]<\/p>\n","protected":false},"author":2,"featured_media":42353,"comment_status":"closed","ping_status":"closed","sticky":false,"template":"","format":"standard","meta":{"footnotes":""},"categories":[3],"tags":[],"class_list":["post-42352","post","type-post","status-publish","format-standard","has-post-thumbnail","hentry","category-manset"],"views":6,"_links":{"self":[{"href":"https:\/\/mersinkadingazetesi.com\/index.php?rest_route=\/wp\/v2\/posts\/42352"}],"collection":[{"href":"https:\/\/mersinkadingazetesi.com\/index.php?rest_route=\/wp\/v2\/posts"}],"about":[{"href":"https:\/\/mersinkadingazetesi.com\/index.php?rest_route=\/wp\/v2\/types\/post"}],"author":[{"embeddable":true,"href":"https:\/\/mersinkadingazetesi.com\/index.php?rest_route=\/wp\/v2\/users\/2"}],"replies":[{"embeddable":true,"href":"https:\/\/mersinkadingazetesi.com\/index.php?rest_route=%2Fwp%2Fv2%2Fcomments&post=42352"}],"version-history":[{"count":1,"href":"https:\/\/mersinkadingazetesi.com\/index.php?rest_route=\/wp\/v2\/posts\/42352\/revisions"}],"predecessor-version":[{"id":42354,"href":"https:\/\/mersinkadingazetesi.com\/index.php?rest_route=\/wp\/v2\/posts\/42352\/revisions\/42354"}],"wp:featuredmedia":[{"embeddable":true,"href":"https:\/\/mersinkadingazetesi.com\/index.php?rest_route=\/wp\/v2\/media\/42353"}],"wp:attachment":[{"href":"https:\/\/mersinkadingazetesi.com\/index.php?rest_route=%2Fwp%2Fv2%2Fmedia&parent=42352"}],"wp:term":[{"taxonomy":"category","embeddable":true,"href":"https:\/\/mersinkadingazetesi.com\/index.php?rest_route=%2Fwp%2Fv2%2Fcategories&post=42352"},{"taxonomy":"post_tag","embeddable":true,"href":"https:\/\/mersinkadingazetesi.com\/index.php?rest_route=%2Fwp%2Fv2%2Ftags&post=42352"}],"curies":[{"name":"wp","href":"https:\/\/api.w.org\/{rel}","templated":true}]}}