{"id":42364,"date":"2025-05-08T12:36:00","date_gmt":"2025-05-08T09:36:00","guid":{"rendered":"https:\/\/mersinkadingazetesi.com\/?p=42364"},"modified":"2025-05-08T12:36:01","modified_gmt":"2025-05-08T09:36:01","slug":"baskan-ozyigit-iklim-degisikligine-direncli-akilli-bir-kent-olusturuyoruz","status":"publish","type":"post","link":"https:\/\/mersinkadingazetesi.com\/?p=42364","title":{"rendered":"Ba\u015fkan \u00d6zyi\u011fit, \u201c\u0130klim de\u011fi\u015fikli\u011fine diren\u00e7li ak\u0131ll\u0131 bir kent olu\u015fturuyoruz\u201d"},"content":{"rendered":"\n<p>Mersin Yeni\u015fehir Belediyesi, \u00c7evre M\u00fchendisleri Odas\u0131 Mersin \u015eubesi ile birlikte Kentsel Alanlarda Yenilik: \u0130klim Dostu, Ak\u0131ll\u0131 \u015eehir Uygulamalar\u0131 Paneli d\u00fczenledi. Yeni\u015fehir Belediye Ba\u015fkan\u0131 Abdullah \u00d6zyi\u011fit, panelde Yeni\u015fehir\u2019de ba\u015flatt\u0131klar\u0131 Dijital \u0130kiz&nbsp; Projesi kapsam\u0131nda yap\u0131lan iklim analizleri ve hayata ge\u00e7irdikleri ak\u0131ll\u0131 \u015fehir uygulamalar\u0131 hakk\u0131nda detayl\u0131 bir sunum yapt\u0131.<\/p>\n\n\n\n<p>Yeni\u015fehir Belediyesi Atat\u00fcrk K\u00fclt\u00fcr Merkezinden d\u00fczenlenen panele,&nbsp; T\u00fcrkiye Cumhuriyeti 50. h\u00fck\u00fcmetinde Ba\u015fbakan Yard\u0131mc\u0131s\u0131, Devlet Bakan\u0131 ve D\u0131\u015fi\u015fleri Bakan\u0131 olarak g\u00f6rev yapan, Sosyal Demokrat Halk\u00e7\u0131 Parti 3. Genel Ba\u015fkan\u0131 ve Yerel Reform Giri\u015fimi Derne\u011fi Kurucu Ba\u015fkan\u0131 Murat Karayal\u00e7\u0131n, Mersin B\u00fcy\u00fck\u015fehir Belediye Ba\u015fkan\u0131 Vahap Se\u00e7er\u2019e vekaleten MBB \u0130klim De\u011fi\u015fikli\u011fi ve S\u0131f\u0131r At\u0131k Dairesi Ba\u015fkan\u0131 Arda Alp, \u00c7evre M\u00fchendisleri Odas\u0131 Mersin \u015eube Ba\u015fkan\u0131 Sinan Can, oda ve sivil toplum kurulu\u015flar\u0131n\u0131n ba\u015fkan ve temsilcileri, meclis \u00fcyeleri ve vatanda\u015flar kat\u0131ld\u0131.&nbsp; Panelde ODT\u00dc \u0130klim Ara\u015ft\u0131rmalar\u0131 ve S\u00fcrd\u00fcr\u00fclebilir Kalk\u0131nma Uygulama ve Ara\u015ft\u0131rma Merkezinde \u00e7al\u0131\u015fmalar y\u00fcr\u00fcten Dr. \u00d6\u011fr. \u00dcyesi Devrim Tezcan, \u201c\u0130klim De\u011fi\u015fikli\u011fine Diren\u00e7li K\u0131y\u0131 Kentleri i\u00e7in Dijital \u0130kizler\u201d, CHP PM \u00dcyesi ve \u0130klim De\u011fi\u015fikli\u011fi Politika ve Ara\u015ft\u0131rma Derne\u011fi Ba\u015fkan\u0131 Dr. Baran Bozo\u011flu, \u201c\u0130klim Dostu S\u00fcrd\u00fcr\u00fclebilir Kentler\u201d, Mersin \u00dcniversitesi Mimarl\u0131k Fak\u00fcltesi \u00d6\u011fretim \u00dcyesi Do\u00e7. Dr. Fikret Zorlu ise \u201cRasyonel \u015eehir Ak\u0131ll\u0131 \u015eehir Ayr\u0131\u015fmas\u0131 ve \u00d6rt\u00fc\u015fmesi\u201d konusunda sunum ger\u00e7ekle\u015ftirdi.<\/p>\n\n\n\n<p><strong>\u0130klim krizine kar\u015f\u0131 ortak m\u00fccadele gereklili\u011fi<\/strong><\/p>\n\n\n\n<p>Yeni\u015fehir Belediye Ba\u015fkan\u0131 Abdullah \u00d6zyi\u011fit, panelin a\u00e7\u0131l\u0131\u015f\u0131nda \u201c\u0130klim De\u011fi\u015fikli\u011fine Diren\u00e7li Yeni\u015fehir\u201d ba\u015fl\u0131kl\u0131 sunum yapt\u0131. &nbsp;Ba\u015fkan\u0131 Abdullah \u00d6zyi\u011fit, konu\u015fmas\u0131n\u0131n ba\u015f\u0131nda iklim krizinin t\u00fcm insanl\u0131k i\u00e7in ta\u015f\u0131d\u0131\u011f\u0131 ya\u015famsal \u00f6neme dikkat \u00e7ekerek, \u201cBaz\u0131 \u015feylerin de\u011ferini kaybedildikten sonra anl\u0131yoruz. Ancak iklim, geri d\u00f6n\u00fc\u015f\u00fc m\u00fcmk\u00fcn olmayan kay\u0131plar ya\u015fatabilir\u201d ifadelerini kulland\u0131. Bu krizin yaln\u0131zca bir \u00fclkenin ya da b\u00f6lgenin \u00e7abas\u0131yla \u00e7\u00f6z\u00fclemeyece\u011fini vurgulayan \u00d6zyi\u011fit, t\u00fcm d\u00fcnyan\u0131n topyek\u00fbn bir davran\u0131\u015f bi\u00e7imi geli\u015ftirmesi gerekti\u011finin alt\u0131n\u0131 \u00e7izdi.<\/p>\n\n\n\n<p><strong>Ekoloji ilkesinden diren\u00e7li kent vizyonuna<\/strong><\/p>\n\n\n\n<p>Ba\u015fkan \u00d6zyi\u011fit, g\u00f6reve geldiklerinde belirledikleri 6 temel ilkeden birinin de \u201cEkoloji\u201d oldu\u011funu hat\u0131rlatarak, bu ba\u015fl\u0131k alt\u0131nda \u00f6nemli ve \u00f6zg\u00fcn projelere imza att\u0131klar\u0131n\u0131 ifade etti. Yeni\u015fehir\u2019i yaln\u0131zca yerel \u00f6l\u00e7ekte d\u00f6n\u00fc\u015ft\u00fcrmekle yetinmediklerini belirten \u00d6zyi\u011fit, bu kenti bir uygulama alan\u0131 olarak g\u00f6r\u00fcp ortaya koyduklar\u0131 \u00f6rneklerin t\u00fcm \u00fclkeye yay\u0131lmas\u0131n\u0131 hedeflediklerini dile getirdi.<\/p>\n\n\n\n<p><strong>Ak\u0131ll\u0131, ye\u015fil ve diren\u00e7li Yeni\u015fehir modeli<\/strong><\/p>\n\n\n\n<p>Yeni\u015fehir Belediyesinin yaln\u0131zca bug\u00fcn\u00fcn de\u011fil, yar\u0131n\u0131n ihtiya\u00e7lar\u0131n\u0131 g\u00f6zeten \u00e7evresel, sosyal ve teknolojik dengeleri g\u00f6zeten bir kent modeli in\u015fa etti\u011fini belirten \u00d6zyi\u011fit, bu kapsamda Birle\u015fmi\u015f Milletler S\u00fcrd\u00fcr\u00fclebilir Kalk\u0131nma Ama\u00e7lar\u0131 do\u011frultusunda hareket ettiklerini s\u00f6yledi.<\/p>\n\n\n\n<p>Belediyenin 2020 y\u0131l\u0131nda Avrupa Belediye Ba\u015fkanlar\u0131 S\u00f6zle\u015fmesi\u2019ne imza atarak, S\u00fcrd\u00fcr\u00fclebilir Enerji ve \u0130klim Eylem Plan\u0131 (SECAP) haz\u0131rlayan ilk belediyelerden biri oldu\u011funu belirten \u00d6zyi\u011fit, 2030 y\u0131l\u0131na kadar karbon sal\u0131m\u0131n\u0131 azaltma, 2050 y\u0131l\u0131na kadar ise n\u00f6tr emisyon hedefi belirlediklerini a\u00e7\u0131klad\u0131. Bu plan\u0131n yaln\u0131zca ka\u011f\u0131t \u00fczerinde kalmad\u0131\u011f\u0131n\u0131, belediyenin t\u00fcm birimlerinde e\u015fg\u00fcd\u00fcmle hayata ge\u00e7irildi\u011fini vurgulad\u0131.<\/p>\n\n\n\n<p><strong>D\u00fcnya Sa\u011fl\u0131k \u00d6rg\u00fct\u00fc Standartlar\u0131na Uygun Kentsel Planlama<\/strong><\/p>\n\n\n\n<p>Yeni\u015fehir Belediyesi\u2019nin D\u00fcnya Sa\u011fl\u0131k \u00d6rg\u00fct\u00fc\u2019n\u00fcn (DS\u00d6) \u201cSa\u011fl\u0131kl\u0131 Kentler\u201d vizyonuna uygun bir kentsel d\u00f6n\u00fc\u015f\u00fcm stratejisi izledi\u011fini belirten Ba\u015fkan \u00d6zyi\u011fit, bu kapsamda kent sa\u011fl\u0131k profilini \u00e7\u0131kard\u0131klar\u0131n\u0131 ifade etti. Yeni projelerde; park, kre\u015f ve ye\u015fil alanlar\u0131n yer se\u00e7iminde DS\u00d6 standartlar\u0131na uygun analizler yapt\u0131klar\u0131n\u0131 belirten \u00d6zyi\u011fit, \u00f6rne\u011fin 400 metrelik ye\u015fil alan eri\u015fim hedefini Yeni\u015fehir\u2019de ortalama 300 metreye kadar d\u00fc\u015f\u00fcrd\u00fcklerini, bu sayede halk\u0131n do\u011faya daha yak\u0131n bir ya\u015fam s\u00fcrmesini sa\u011flad\u0131klar\u0131n\u0131 s\u00f6yledi.<\/p>\n\n\n\n<p><strong>2030 Ak\u0131ll\u0131 \u015eehir Stratejisi ve Dijital \u0130kiz Projesi<\/strong><\/p>\n\n\n\n<p>Yeni\u015fehir Belediyesinin haz\u0131rlad\u0131\u011f\u0131 2030 Ak\u0131ll\u0131 \u015eehirler Stratejik Plan\u0131 ile kentin dijitalle\u015fen d\u00fcnyaya entegre, kapsay\u0131c\u0131 ve s\u00fcrd\u00fcr\u00fclebilir bir yap\u0131ya kavu\u015fturulmas\u0131n\u0131n ama\u00e7land\u0131\u011f\u0131n\u0131 dile getiren \u00d6zyi\u011fit, bu do\u011frultuda Dijital \u0130kiz Projesi ile Yeni\u015fehir\u2019in iklim analizlerini ger\u00e7ekle\u015ftirdiklerini belirtti.<\/p>\n\n\n\n<p>Ayr\u0131ca, Bakanl\u0131\u011f\u0131n A\u00e7\u0131k Veri Platformu \u00fczerinden 117 veri seti y\u00fckleyerek T\u00fcrkiye\u2019de bu alanda en fazla veri payla\u015fan \u00fc\u00e7\u00fcnc\u00fc belediye olduklar\u0131n\u0131, bu sayede t\u00fcm \u00fclke belediyeleriyle deneyim payla\u015f\u0131m\u0131 sa\u011flad\u0131klar\u0131n\u0131 s\u00f6yledi. Ayn\u0131 zamanda Ak\u0131ll\u0131 \u015eehir Ekosistemi Platformu\u2019na y\u00fcklenen 65 projeyle 88 il\u00e7e aras\u0131nda ikinci s\u0131raya yerle\u015ftiklerini ve bu ba\u015far\u0131yla \u201cg\u00fcm\u00fc\u015f rozet\u201de lay\u0131k g\u00f6r\u00fcld\u00fcklerini belirtti.<\/p>\n\n\n\n<p><strong>S\u0131f\u0131r At\u0131k ve \u00c7evreci Halk Kart Projesi<\/strong><\/p>\n\n\n\n<p>S\u0131f\u0131r at\u0131k konusunda ge\u00e7 kal\u0131nmas\u0131na ra\u011fmen Yeni\u015fehir Belediyesi olarak bu konuda \u00f6nc\u00fc ad\u0131mlar att\u0131klar\u0131n\u0131 belirten Ba\u015fkan \u00d6zyi\u011fit, belediye i\u015ftirakiyle bir s\u0131f\u0131r at\u0131k \u015firketi kurduklar\u0131n\u0131 ve bu kapsamda \u00f6nce bilin\u00e7lendirme faaliyetlerine ba\u015flad\u0131klar\u0131n\u0131 s\u00f6yledi. Ev ev gezerek ambalaj at\u0131klar\u0131n\u0131n ayr\u0131\u015ft\u0131r\u0131lmas\u0131 konusunda bilgilendirme yap\u0131ld\u0131\u011f\u0131n\u0131, kurulan At\u0131k Getirme Merkezi\u2019nde bu at\u0131klar\u0131n ayr\u0131\u015ft\u0131r\u0131larak ekonomiye kazand\u0131r\u0131ld\u0131\u011f\u0131n\u0131 aktard\u0131. Ayr\u0131ca, vatanda\u015f\u0131 te\u015fvik etmek amac\u0131yla hayata ge\u00e7irilen \u00c7evreci Halk Kart uygulamas\u0131yla, geri d\u00f6n\u00fc\u015f\u00fcm yapan vatanda\u015flara ekonomik kazan\u00e7 sa\u011fland\u0131\u011f\u0131n\u0131 ve 2.104 ki\u015finin bu uygulamaya dahil oldu\u011funu belirtti.<\/p>\n\n\n\n<p><strong>Yeni\u015fehir Belediyesinin t\u00fcketti\u011fi enerjinin tamam\u0131 yenilenebilir kaynaklardan elde edecek<\/strong><\/p>\n\n\n\n<p>D\u00fcnya Bankas\u0131ndan ald\u0131klar\u0131 kredi ile GES projesini hayata ge\u00e7ireceklerini Yeni\u015fehir Belediyesinin t\u00fcketti\u011fi enerjinin ilk etapta y\u00fczde 60\u2019\u0131n\u0131 daha sonra y\u00fczde 100\u2019\u00fcn\u00fc g\u00fcne\u015ften kar\u015f\u0131layacaklar\u0131n\u0131 ifade eden Ba\u015fkan Abdullah \u00d6zyi\u011fit \u015funlar\u0131 s\u00f6yledi:<strong> \u201cYeni\u015fehir Belediyesi olarak, \u00e7evreyle uyumlu ve s\u00fcrd\u00fcr\u00fclebilir bir ya\u015fam\u0131n temelini olu\u015fturmak i\u00e7in enerji politikam\u0131zdan kentsel planlamaya kadar pek \u00e7ok alanda \u00f6rnek te\u015fkil edecek \u00e7al\u0131\u015fmalara imza at\u0131yoruz. Bu \u00e7al\u0131\u015fmalar\u0131n merkezinde ise yenilenebilir enerji, ye\u015fil altyap\u0131 yat\u0131r\u0131mlar\u0131 ve bilimsel verilere dayal\u0131 karar alma s\u00fcre\u00e7leri yer al\u0131yor. D\u00fcnya Bankas\u0131 kredisiyle ba\u015flatt\u0131\u011f\u0131m\u0131z g\u00fcne\u015f enerjisi santrali (GES) yat\u0131r\u0131m\u0131yla belediyemizin enerji ihtiyac\u0131n\u0131n %60\u2019\u0131n\u0131 kar\u015f\u0131layacak bir sistem kuruyoruz. Hedefimiz bu oran\u0131 %100\u2019e \u00e7\u0131karmak. Bu do\u011frultuda Silifke\u2019nin y\u00fcksek rak\u0131ml\u0131, r\u00fczgar potansiyeli y\u00fcksek alanlar\u0131nda 30 d\u00f6n\u00fcml\u00fck bir sahay\u0131 kiralayarak r\u00fczgar enerjisi (RES) yat\u0131r\u0131m\u0131 ba\u015flatt\u0131k. R\u00fczgar t\u00fcrbinleriyle donataca\u011f\u0131m\u0131z bu alanda \u00fcretece\u011fimiz enerjiyle birlikte, belediyemizin t\u00fcm enerji ihtiyac\u0131n\u0131 yenilenebilir kaynaklardan kar\u015f\u0131lam\u0131\u015f olaca\u011f\u0131z. Bu yat\u0131r\u0131mlar\u0131n yan\u0131 s\u0131ra kent genelinde elektrikli ara\u00e7 \u015farj istasyonlar\u0131 kurduk. Tesislerimize y\u00f6nelik yeni GES yat\u0131r\u0131mlar\u0131n\u0131 da planlad\u0131k. &nbsp;2025 y\u0131l\u0131n\u0131 \u2018Ye\u015fil Yeni\u015fehir \u2013 Ak\u0131ll\u0131 ve S\u00fcrd\u00fcr\u00fclebilir Kent Y\u0131l\u0131\u2019 olarak ilan ettik. Bu vizyon do\u011frultusunda detayl\u0131 bir eylem plan\u0131 haz\u0131rlad\u0131k. Projelerimizin bir aya\u011f\u0131n\u0131 olu\u015fturan ama tek ba\u015f\u0131na yeterli olmayan bu ad\u0131mlar\u0131, ye\u015fil Toroslar ile mavi Akdeniz\u2019i birle\u015ftirecek eksiksiz bir stratejiyle tamaml\u0131yoruz.\u201d<\/strong><\/p>\n\n\n\n<p><strong>Ba\u015fkan \u00d6zyi\u011fit, yapay zeka destekli \u00e7al\u0131\u015fmalar\u0131 anlatt\u0131<\/strong><\/p>\n\n\n\n<p>Dijital \u0130kiz Projesi kapsam\u0131nda yapt\u0131klar\u0131 \u00e7al\u0131\u015fmalar\u0131n T\u00fcrkiye\u2019de ilk oldu\u011funu kaydeden Ba\u015fkan \u00d6zyi\u011fit,<strong> \u201cEn dikkat \u00e7eken projelerimizden biri de, T\u00fcrkiye\u2019de bir ilk olan Yeni\u015fehir Dijital \u0130kiz ve Mikro \u0130klim Modeli. Bina cephe malzemeleri, a\u011fa\u00e7 t\u00fcr ve boy verileri gibi verileri i\u00e7eren 3 boyutlu bir kent modeli olu\u015fturduk. Bu model \u00fczerinde yapay zeka destekli sim\u00fclasyonlarla; y\u00fczey s\u0131cakl\u0131\u011f\u0131, yap\u0131 morfolojisinin hava ak\u0131\u015f\u0131na etkisi, s\u0131cakl\u0131k stresleri gibi bir\u00e7ok de\u011fi\u015fkeni analiz ediyoruz. \u00d6rne\u011fin, farkl\u0131 yap\u0131 tiplerinin (al\u00e7ak katl\u0131 &#8211; y\u00fcksek katl\u0131) kentteki s\u0131cakl\u0131k ve r\u00fczgar hareketine etkisini \u00f6l\u00e7t\u00fck. Y\u00fcksek yap\u0131lar r\u00fczgar ak\u0131\u015f\u0131n\u0131 engelleyip, \u00e7evre s\u0131cakl\u0131\u011f\u0131n\u0131 yer yer 1 derece art\u0131rabiliyor. Bu verileri kullanarak vatanda\u015flar\u0131m\u0131z\u0131n imar taleplerine bilimsel temelli yan\u0131tlar veriyoruz. Bir ba\u015fka \u00f6rnek: Ye\u015fil alan yo\u011funlu\u011fu art\u0131r\u0131ld\u0131\u011f\u0131nda hava s\u0131cakl\u0131\u011f\u0131 ortalama 0.5 derece d\u00fc\u015f\u00fcyor ve karbon tutma kapasitesi %70 art\u0131yor. Ancak bu art\u0131\u015f do\u011frusal de\u011fil; iki kat a\u011fa\u00e7, iki kat karbon tutmuyor. Bu gibi analizlerle imar planlar\u0131na y\u00f6n veriyoruz. Yine bu modelle, \u00e7at\u0131 zorunlulu\u011funa y\u00f6nelik meclis karar\u0131m\u0131z\u0131 da bilimsel temellere dayand\u0131rd\u0131k. Yal\u0131t\u0131ml\u0131 \u00e7at\u0131 sistemleriyle i\u00e7 ortam s\u0131cakl\u0131\u011f\u0131nda g\u00fcnd\u00fcz saatlerinde 2.3 dereceye kadar d\u00fc\u015f\u00fc\u015f sa\u011flanabiliyor. Ayn\u0131 zamanda bu \u00e7at\u0131 sistemleri, bina \u00e7evresindeki \u0131s\u0131 stresini de azalt\u0131yor. \u0130mar parsellerinde ise her 15 metrelik alan i\u00e7in bir a\u011fa\u00e7 dikilmesini zorunlu k\u0131lan bir uygulama getirdik. Bu, mevcut yasal zorunlulu\u011fun iki kat\u0131 ve kentteki karbon tutulumunu \u00f6nemli \u00f6l\u00e7\u00fcde art\u0131r\u0131yor. A\u011fa\u00e7lar\u0131n, zemin s\u0131cakl\u0131\u011f\u0131n\u0131 ve bina cephelerinin \u0131s\u0131nmas\u0131n\u0131 azaltarak hem do\u011frudan hem dolayl\u0131 yollarla \u00e7evreye katk\u0131s\u0131 oldu\u011funu tespit ettik. Bu yakla\u015f\u0131mlar\u0131n okul yap\u0131lar\u0131nda da etkisini g\u00f6rmek m\u00fcmk\u00fcn. Yeni\u015fehir\u2019deki BETEM (Beceri Temelli E\u011fitim Merkezi) okulumuz, ye\u015fil bina standartlar\u0131na uygun olarak in\u015fa edildi. Geleneksel okul binalar\u0131yla kar\u015f\u0131la\u015ft\u0131r\u0131ld\u0131\u011f\u0131nda ye\u015fil binalar\u0131n i\u00e7 ortam s\u0131cakl\u0131\u011f\u0131nda ciddi iyile\u015fmeler sa\u011flad\u0131\u011f\u0131n\u0131, enerji t\u00fcketimini azaltt\u0131\u011f\u0131n\u0131 ve \u00f6\u011frencilerin konforunu art\u0131rd\u0131\u011f\u0131n\u0131 g\u00f6zlemledik. Bu nedenle ye\u015fil bina in\u015fa eden m\u00fcteahhitlere y\u00f6nelik te\u015fvikler geli\u015ftirdik, onlar\u0131n \u00f6n\u00fcn\u00fc a\u00e7maya \u00e7al\u0131\u015ft\u0131k. T\u00fcm bu projeler, yaln\u0131zca \u00e7evreyi korumakla kalm\u0131yor, ayn\u0131 zamanda insan sa\u011fl\u0131\u011f\u0131na da do\u011frudan etki ediyor. \u0130klim de\u011fi\u015fikli\u011fiyle birlikte ortaya \u00e7\u0131kan s\u0131cak hava dalgalar\u0131, \u00f6zellikle ya\u015fl\u0131lar, \u00e7ocuklar ve kronik hastal\u0131\u011f\u0131 olanlar i\u00e7in b\u00fcy\u00fck risk olu\u015fturuyor. D\u00fcnya genelinde her y\u0131l yakla\u015f\u0131k 489 bin ki\u015finin a\u015f\u0131r\u0131 s\u0131caklar nedeniyle hayat\u0131n\u0131 kaybetti\u011fi, bu \u00f6l\u00fcmlerin b\u00fcy\u00fck b\u00f6l\u00fcm\u00fcn\u00fcn Asya ve Avrupa\u2019da ger\u00e7ekle\u015fti\u011fi tespit edildi. Kentimizi iklim krizine kar\u015f\u0131 diren\u00e7li hale getirmek i\u00e7in \u00e7al\u0131\u015fmalar\u0131m\u0131za bilimsel ve kararl\u0131 bir \u015fekilde devam ediyoruz. Yeni\u015fehir Belediyesi olarak yaln\u0131zca bug\u00fcn\u00fc de\u011fil, yar\u0131n\u0131 da d\u00fc\u015f\u00fcnen ve planlayan bir anlay\u0131\u015fla ilerliyoruz.\u201d<\/strong><\/p>\n\n\n\n<p><strong>\u201cPalmiye a\u011fa\u00e7lar\u0131n\u0131n Mersin\u2019e bir faydas\u0131 yok\u201d<\/strong><\/p>\n\n\n\n<p>Ba\u015fkan Abdullah \u00d6zyi\u011fit, Mersin k\u0131y\u0131 \u015feridinde yapt\u0131klar\u0131 mikro iklimsel analiz \u00e7al\u0131\u015fmas\u0131na ili\u015fkin \u00e7arp\u0131c\u0131 veriler payla\u015ft\u0131. Mersin \u0130dman Yurdu Meydan\u0131 ile Hilton Oteli aras\u0131ndaki alanda y\u00fcr\u00fct\u00fclen \u00e7al\u0131\u015fman\u0131n sonu\u00e7lar\u0131n\u0131n, kentsel peyzaj planlamas\u0131 a\u00e7\u0131s\u0131ndan \u00f6nemli ipu\u00e7lar\u0131 sundu\u011funu vurgulayan \u00d6zyi\u011fit, <strong>&#8220;Mersin&#8217;in sembollerinden biri olan palmiyenin, kente d\u00fc\u015f\u00fcnd\u00fc\u011f\u00fcm\u00fcz\u00fcn aksine ciddi zararlar verdi\u011fini bu \u00e7al\u0131\u015fmayla g\u00f6rm\u00fc\u015f olduk. E\u011fer palmiyeler yerine ke\u00e7iboynuzu, \u00e7am t\u00fcrleri ya da jakaranda gibi g\u00f6lge veren a\u011fa\u00e7lar\u0131 dikmi\u015f olsayd\u0131k, \u00e7ok daha serin bir \u015fehir manzaras\u0131yla kar\u015f\u0131 kar\u015f\u0131ya olacakt\u0131k\u201d<\/strong> dedi. \u00d6zyi\u011fit, sim\u00fclasyon sonu\u00e7lar\u0131na g\u00f6re bu a\u011fa\u00e7lar\u0131n 1.7 dereceye kadar ortam s\u0131cakl\u0131\u011f\u0131n\u0131 d\u00fc\u015f\u00fcrd\u00fc\u011f\u00fcn\u00fc s\u00f6yledi. &nbsp;A\u011fa\u00e7lar\u0131n dikim a\u00e7\u0131s\u0131n\u0131n bile iklimi etkileyebildi\u011fine dikkat \u00e7eken \u00d6zyi\u011fit, <strong>\u201c\u0130ki ayr\u0131 senaryoda ayn\u0131 t\u00fcr ve say\u0131da a\u011fa\u00e7la \u00e7al\u0131\u015ft\u0131k; birinde k\u0131y\u0131ya 90 derece, di\u011ferinde 45 derece a\u00e7\u0131yla dikim yapt\u0131k. Yaln\u0131zca dikim a\u00e7\u0131s\u0131n\u0131 de\u011fi\u015ftirerek yer yer 1.5 dereceye varan s\u0131cakl\u0131k farklar\u0131 elde ettik. Bu \u00e7ok \u00f6nemli bir veri. A\u011fa\u00e7 sadece g\u00f6lge vermez, ayn\u0131 zamanda r\u00fczg\u00e2r\u0131n y\u00f6n\u00fcn\u00fc ve hava ak\u0131m\u0131n\u0131 da de\u011fi\u015ftirir\u201d <\/strong>dedi. G\u00f6lge veren a\u011fa\u00e7lar\u0131n hissedilen s\u0131cakl\u0131k \u00fczerindeki etkisinin daha da b\u00fcy\u00fck oldu\u011funu vurgulayan \u00d6zyi\u011fit, <strong>\u201cBaz\u0131 noktalarda hissedilen s\u0131cakl\u0131k, palmiye yerine g\u00f6lge veren a\u011fa\u00e7lar dikildi\u011finde 7 ila 10 derece daha d\u00fc\u015f\u00fck \u00e7\u0131k\u0131yor. \u0130\u015fte bu fark, kamusal alanlar\u0131n yaz aylar\u0131nda nas\u0131l nefes al\u0131nabilir hale gelece\u011fini g\u00f6steriyor\u201d<\/strong> diye konu\u015ftu.<\/p>\n\n\n\n<p><strong>\u00c7evreci asfalt i\u00e7in ilk ad\u0131m at\u0131ld\u0131<\/strong><\/p>\n\n\n\n<p>Ba\u015fkan \u00d6zyi\u011fit, kentte ba\u015flatt\u0131klar\u0131 \u00e7evreci asfalt uygulamas\u0131na da de\u011findi. Yeni\u015fehir\u2019de 350 metrelik bir alanda su ge\u00e7iren, ge\u00e7irgen yap\u0131l\u0131 asfalt \u00f6rnek \u00e7al\u0131\u015fmas\u0131 yapt\u0131klar\u0131n\u0131 belirten \u00d6zyi\u011fit, <strong>\u201cG\u00f6rsel olarak \u00e7ok estetik durmuyor olabilir ama bu sistem ya\u011fmur suyunun topra\u011fa kar\u0131\u015fmas\u0131n\u0131 sa\u011fl\u0131yor. Bu anlamda s\u00fcrd\u00fcr\u00fclebilir bir kentsel altyap\u0131n\u0131n par\u00e7as\u0131. E\u011fer olumlu sonu\u00e7lar al\u0131rsak yayg\u0131nla\u015ft\u0131raca\u011f\u0131z\u201d <\/strong>dedi.<\/p>\n\n\n\n<p><strong>Farkl\u0131 de\u011fi\u015fkenlere g\u00f6re a\u011fa\u00e7 dikimleri yap\u0131l\u0131yor<\/strong><\/p>\n\n\n\n<p>Ekolojik planlaman\u0131n bir di\u011fer \u00f6rne\u011fini de \u00d6ks\u00fcz Deresi \u00e7evresinde y\u00fcr\u00fctt\u00fckleri a\u011fa\u00e7land\u0131rma \u00e7al\u0131\u015fmalar\u0131yla verdiklerini ifade eden Ba\u015fkan \u00d6zyi\u011fit, <strong>\u201cDere kenar\u0131na a\u011fa\u00e7 dikecektik. Arkada\u015flar\u0131m\u0131z yine sim\u00fclasyonlarla hangi t\u00fcrlerin o alanda en iyi etkiyi yarataca\u011f\u0131n\u0131 \u00e7al\u0131\u015ft\u0131. Jakaranda, ke\u00e7iboynuzu, defne ve \u0130skenderun kau\u00e7u\u011fu a\u011fa\u00e7lar\u0131n\u0131 kar\u015f\u0131la\u015ft\u0131rd\u0131k. Bu bilimsel yakla\u015f\u0131m sayesinde do\u011faya ve iklime en uyumlu olan\u0131 tercih ettik\u201d <\/strong>dedi. Ba\u015fkan \u00d6zyi\u011fit, Yeni\u015fehir Belediyesinin y\u00fcr\u00fctt\u00fc\u011f\u00fc t\u00fcm ye\u015fil alan \u00e7al\u0131\u015fmalar\u0131nda art\u0131k bu bilimsel altyap\u0131y\u0131 zorunlu k\u0131ld\u0131klar\u0131n\u0131 belirterek, <strong>\u201cArt\u0131k hi\u00e7bir a\u011fac\u0131 rastgele dikmiyoruz. Hangi a\u011fa\u00e7, nereye, ne kadar g\u00fcne\u015f, ne kadar r\u00fczg\u00e2r al\u0131yor; hepsine bak\u0131yoruz. \u00c7\u00fcnk\u00fc biz sadece bug\u00fcn\u00fcn de\u011fil, yar\u0131n\u0131n da Mersin\u2019ini planl\u0131yoruz\u201d<\/strong> ifadelerini kulland\u0131.<\/p>\n","protected":false},"excerpt":{"rendered":"<p>Mersin Yeni\u015fehir Belediyesi, \u00c7evre M\u00fchendisleri Odas\u0131 Mersin \u015eubesi ile birlikte Kentsel Alanlarda Yenilik: \u0130klim Dostu, Ak\u0131ll\u0131 \u015eehir Uygulamalar\u0131 Paneli d\u00fczenledi. Yeni\u015fehir Belediye Ba\u015fkan\u0131 Abdullah \u00d6zyi\u011fit, panelde Yeni\u015fehir\u2019de ba\u015flatt\u0131klar\u0131 Dijital \u0130kiz&nbsp; Projesi kapsam\u0131nda yap\u0131lan iklim analizleri ve hayata ge\u00e7irdikleri ak\u0131ll\u0131 \u015fehir uygulamalar\u0131 hakk\u0131nda detayl\u0131 bir sunum yapt\u0131. Yeni\u015fehir Belediyesi Atat\u00fcrk K\u00fclt\u00fcr Merkezinden d\u00fczenlenen panele,&nbsp; T\u00fcrkiye Cumhuriyeti [&hellip;]<\/p>\n","protected":false},"author":2,"featured_media":42365,"comment_status":"closed","ping_status":"closed","sticky":false,"template":"","format":"standard","meta":{"footnotes":""},"categories":[3],"tags":[],"class_list":["post-42364","post","type-post","status-publish","format-standard","has-post-thumbnail","hentry","category-manset"],"views":4,"_links":{"self":[{"href":"https:\/\/mersinkadingazetesi.com\/index.php?rest_route=\/wp\/v2\/posts\/42364"}],"collection":[{"href":"https:\/\/mersinkadingazetesi.com\/index.php?rest_route=\/wp\/v2\/posts"}],"about":[{"href":"https:\/\/mersinkadingazetesi.com\/index.php?rest_route=\/wp\/v2\/types\/post"}],"author":[{"embeddable":true,"href":"https:\/\/mersinkadingazetesi.com\/index.php?rest_route=\/wp\/v2\/users\/2"}],"replies":[{"embeddable":true,"href":"https:\/\/mersinkadingazetesi.com\/index.php?rest_route=%2Fwp%2Fv2%2Fcomments&post=42364"}],"version-history":[{"count":1,"href":"https:\/\/mersinkadingazetesi.com\/index.php?rest_route=\/wp\/v2\/posts\/42364\/revisions"}],"predecessor-version":[{"id":42366,"href":"https:\/\/mersinkadingazetesi.com\/index.php?rest_route=\/wp\/v2\/posts\/42364\/revisions\/42366"}],"wp:featuredmedia":[{"embeddable":true,"href":"https:\/\/mersinkadingazetesi.com\/index.php?rest_route=\/wp\/v2\/media\/42365"}],"wp:attachment":[{"href":"https:\/\/mersinkadingazetesi.com\/index.php?rest_route=%2Fwp%2Fv2%2Fmedia&parent=42364"}],"wp:term":[{"taxonomy":"category","embeddable":true,"href":"https:\/\/mersinkadingazetesi.com\/index.php?rest_route=%2Fwp%2Fv2%2Fcategories&post=42364"},{"taxonomy":"post_tag","embeddable":true,"href":"https:\/\/mersinkadingazetesi.com\/index.php?rest_route=%2Fwp%2Fv2%2Ftags&post=42364"}],"curies":[{"name":"wp","href":"https:\/\/api.w.org\/{rel}","templated":true}]}}