{"id":42367,"date":"2025-05-08T12:37:03","date_gmt":"2025-05-08T09:37:03","guid":{"rendered":"https:\/\/mersinkadingazetesi.com\/?p=42367"},"modified":"2025-05-08T12:37:04","modified_gmt":"2025-05-08T09:37:04","slug":"carettalar-bahcesehir-deplasmanina-hazir","status":"publish","type":"post","link":"https:\/\/mersinkadingazetesi.com\/?p=42367","title":{"rendered":"CARETTALAR BAH\u00c7E\u015eEH\u0130R DEPLASMANINA HAZIR"},"content":{"rendered":"\n<p>T\u00fcrkiye Sigorta Basketbol S\u00fcper Ligi&#8217;nde m\u00fccadele eden ve sezon boyunca ald\u0131\u011f\u0131 14 galibiyet ile toplad\u0131\u011f\u0131 42 puan\u0131n ard\u0131ndan 7. s\u0131rada bulunan Mersin Spor Kul\u00fcb\u00fc (MSK) Erkek Basketbol Tak\u0131m\u0131, As\u0131m Pars sezonu 29. hafta m\u00fccadelesinde deplasmanda oynayaca\u011f\u0131 Bah\u00e7e\u015fehir Koleji ma\u00e7\u0131n\u0131n haz\u0131rl\u0131klar\u0131n\u0131 tamamlad\u0131.<\/p>\n\n\n\n<p>Ge\u00e7ti\u011fimiz hafta al\u0131nan Bursaspor galibiyetinin ard\u0131ndan Bah\u00e7e\u015fehir Koleji ma\u00e7\u0131n\u0131n haz\u0131rl\u0131klar\u0131na ba\u015flayan Carettalar, Ba\u015fantren\u00f6r Can Sevim y\u00f6netiminde Servet Tazeg\u00fcl Spor Salonu&#8217;nda yapt\u0131\u011f\u0131 antrenmanlar\u0131n ard\u0131ndan, kar\u015f\u0131la\u015fman\u0131n oynanaca\u011f\u0131 \u0130stanbul&#8217;a gitti.<\/p>\n\n\n\n<p>Sevim: &#8220;Kendi g\u00f6be\u011fimizi kendimiz kesmek istiyoruz&#8221;<\/p>\n\n\n\n<p>Bah\u00e7e\u015fehir Koleji&#8217;nin EuroCup&#8217;ta yer alan geni\u015f rotasyonlu bir ekip oldu\u011funa dikkat \u00e7eken Ba\u015fantren\u00f6r Can Sevim, rakiplerinin g\u00fcc\u00fcne kar\u015f\u0131n kendilerinin de sahaya kazanmak i\u00e7in \u00e7\u0131kan bir tak\u0131m olduklar\u0131n\u0131n alt\u0131n\u0131 \u00e7izdi. Do\u011frudan play-off&#8217;a kalmak istediklerini belirten Sevim, &#8220;\u00d6n\u00fcm\u00fczde 2 ma\u00e7\u0131m\u0131z kald\u0131. 2&#8217;sini de kazand\u0131\u011f\u0131m\u0131z zaman b\u00fcy\u00fck ihtimalle do\u011frudan 6. olarak play-off&#8217;a girece\u011fiz. Tabi ki rakiplerimizin oynayaca\u011f\u0131 ma\u00e7lar da \u00f6nemli ancak biz 2 ma\u00e7\u0131 da kazand\u0131\u011f\u0131m\u0131z takdirde 6. olmam\u0131z \u00e7ok b\u00fcy\u00fck olas\u0131l\u0131k gibi g\u00f6z\u00fck\u00fcyor. Bu y\u00fczden kendi g\u00f6be\u011fimizi kendimiz kesmek istiyoruz&#8221; dedi.<\/p>\n\n\n\n<p>&#8220;Herkes elinden gelenin en iyisini yapacakt\u0131r&#8221;<\/p>\n\n\n\n<p>Play-off yolunda ilk hedeflerinin Bah\u00e7e\u015fehir Koleji ma\u00e7\u0131n\u0131 kazanmak, sonras\u0131nda ise Mersinli basketbolseverlerin de deste\u011fi ile Dar\u00fc\u015f\u015fafaka ma\u00e7\u0131n\u0131 kazanarak 2&#8217;de 2 yapmay\u0131 planlad\u0131klar\u0131n\u0131 aktaran Sevim, &#8220;Play-off&#8217;a do\u011frudan kat\u0131lmam\u0131z i\u00e7in bir galibiyetin de yetebilme ihtimali var. O a\u00e7\u0131dan deplasmanda oynayaca\u011f\u0131m\u0131z Bah\u00e7e\u015fehir Koleji ma\u00e7\u0131 bizim i\u00e7in her t\u00fcrl\u00fc \u00e7ok \u00f6nemli bir ma\u00e7 olacak. Bah\u00e7e\u015fehir, EuroCup tak\u0131m\u0131 ve \u00e7ok geni\u015f bir kadrolar\u0131 var. 12 ki\u015filik rotasyonla oynuyorlar. Bizim ise hasta olan ve sakatl\u0131k ya\u015fayan oyuncular\u0131m\u0131z var ama ben eminim ki sahada kim olursa olsun, ne kadar s\u00fcre almas\u0131 gerekirse gereksin, herkes pozisyonumuzun bilincinde olarak elinden gelenin en iyisini yapacakt\u0131r&#8221; diye konu\u015ftu.<\/p>\n\n\n\n<p>Manek: &#8220;Tak\u0131m halinde m\u00fccadele edip, istedi\u011fimiz sonucu almak istiyoruz&#8221;<\/p>\n\n\n\n<p>Carettalar\u0131n ge\u00e7ti\u011fimiz haftalarda kadrosuna katt\u0131\u011f\u0131 Amerikal\u0131 forvet Brady Manek ise tak\u0131ma k\u0131sa s\u00fcre i\u00e7erisinde uyum sa\u011flad\u0131\u011f\u0131n\u0131 vurgulayarak, &#8220;Benim i\u00e7in tekrardan sahada olmak ve basketbol oynamak \u00e7ok \u00f6nemli ve de\u011ferli. Daha \u00f6nce beraber oynad\u0131\u011f\u0131m tak\u0131m arkada\u015flar\u0131m\u0131z da var. B\u00fct\u00fcn arkada\u015flar\u0131mla beraber \u00e7ok mutluyum. Bu ma\u00e7ta tak\u0131m halinde m\u00fccadele edip, istedi\u011fimiz sonucu almak istiyoruz&#8221; ifadelerini kulland\u0131.<\/p>\n\n\n\n<p>9 May\u0131s Cuma g\u00fcn\u00fc \u0130stanbul Sinan Erdem Spor Salonu&#8217;nda oynanacak olan kar\u015f\u0131la\u015fma saat 19.00 ba\u015flayacak.<\/p>\n","protected":false},"excerpt":{"rendered":"<p>T\u00fcrkiye Sigorta Basketbol S\u00fcper Ligi&#8217;nde m\u00fccadele eden ve sezon boyunca ald\u0131\u011f\u0131 14 galibiyet ile toplad\u0131\u011f\u0131 42 puan\u0131n ard\u0131ndan 7. s\u0131rada bulunan Mersin Spor Kul\u00fcb\u00fc (MSK) Erkek Basketbol Tak\u0131m\u0131, As\u0131m Pars sezonu 29. hafta m\u00fccadelesinde deplasmanda oynayaca\u011f\u0131 Bah\u00e7e\u015fehir Koleji ma\u00e7\u0131n\u0131n haz\u0131rl\u0131klar\u0131n\u0131 tamamlad\u0131. Ge\u00e7ti\u011fimiz hafta al\u0131nan Bursaspor galibiyetinin ard\u0131ndan Bah\u00e7e\u015fehir Koleji ma\u00e7\u0131n\u0131n haz\u0131rl\u0131klar\u0131na ba\u015flayan Carettalar, Ba\u015fantren\u00f6r Can [&hellip;]<\/p>\n","protected":false},"author":2,"featured_media":42368,"comment_status":"closed","ping_status":"closed","sticky":false,"template":"","format":"standard","meta":{"footnotes":""},"categories":[3,10],"tags":[],"class_list":["post-42367","post","type-post","status-publish","format-standard","has-post-thumbnail","hentry","category-manset","category-spor"],"views":12,"_links":{"self":[{"href":"https:\/\/mersinkadingazetesi.com\/index.php?rest_route=\/wp\/v2\/posts\/42367"}],"collection":[{"href":"https:\/\/mersinkadingazetesi.com\/index.php?rest_route=\/wp\/v2\/posts"}],"about":[{"href":"https:\/\/mersinkadingazetesi.com\/index.php?rest_route=\/wp\/v2\/types\/post"}],"author":[{"embeddable":true,"href":"https:\/\/mersinkadingazetesi.com\/index.php?rest_route=\/wp\/v2\/users\/2"}],"replies":[{"embeddable":true,"href":"https:\/\/mersinkadingazetesi.com\/index.php?rest_route=%2Fwp%2Fv2%2Fcomments&post=42367"}],"version-history":[{"count":1,"href":"https:\/\/mersinkadingazetesi.com\/index.php?rest_route=\/wp\/v2\/posts\/42367\/revisions"}],"predecessor-version":[{"id":42369,"href":"https:\/\/mersinkadingazetesi.com\/index.php?rest_route=\/wp\/v2\/posts\/42367\/revisions\/42369"}],"wp:featuredmedia":[{"embeddable":true,"href":"https:\/\/mersinkadingazetesi.com\/index.php?rest_route=\/wp\/v2\/media\/42368"}],"wp:attachment":[{"href":"https:\/\/mersinkadingazetesi.com\/index.php?rest_route=%2Fwp%2Fv2%2Fmedia&parent=42367"}],"wp:term":[{"taxonomy":"category","embeddable":true,"href":"https:\/\/mersinkadingazetesi.com\/index.php?rest_route=%2Fwp%2Fv2%2Fcategories&post=42367"},{"taxonomy":"post_tag","embeddable":true,"href":"https:\/\/mersinkadingazetesi.com\/index.php?rest_route=%2Fwp%2Fv2%2Ftags&post=42367"}],"curies":[{"name":"wp","href":"https:\/\/api.w.org\/{rel}","templated":true}]}}