{"id":42370,"date":"2025-05-08T15:09:18","date_gmt":"2025-05-08T12:09:18","guid":{"rendered":"https:\/\/mersinkadingazetesi.com\/?p=42370"},"modified":"2025-05-08T15:09:18","modified_gmt":"2025-05-08T12:09:18","slug":"deva-partili-ekmen-hsk-secimleri-hem-anayasaya-hem-de-ic-tuzuge-aykiri","status":"publish","type":"post","link":"https:\/\/mersinkadingazetesi.com\/?p=42370","title":{"rendered":"DEVA Partili Ekmen: HSK se\u00e7imleri hem anayasaya hem de i\u00e7 t\u00fcz\u00fc\u011fe ayk\u0131r\u0131\u00a0"},"content":{"rendered":"\n<p><strong>DEVA Partisi Genel Ba\u015fkan Yard\u0131mc\u0131s\u0131 ve Mersin Milletvekili Mehmet Emin Ekmen, T\u00fcrkiye B\u00fcy\u00fck Millet Meclisi Genel Kurulunda s\u00f6z alarak, H\u00e2kimler ve Savc\u0131lar Kurulu aday se\u00e7imleri hakk\u0131nda konu\u015ftu.<\/strong><\/p>\n\n\n\n<p><strong>Bu usulle se\u00e7ilen HSK&#8217;n\u0131n ba\u011f\u0131ms\u0131z olmas\u0131 beklenemez<\/strong><\/p>\n\n\n\n<p>H\u00e2kimler ve Savc\u0131lar Kurulu (HSK) \u00fcye se\u00e7imleri hakk\u0131nda da konu\u015fan Ekmen, &#8220;HSK i\u00e7in se\u00e7im s\u00fcreci ba\u015flad\u0131. Meclis\u2019teki se\u00e7imler Anayasa\u2019n\u0131n 159\u2019uncu maddesine uygun \u015fekilde yap\u0131lmal\u0131d\u0131r. Maddeye g\u00f6re ilk iki turda bir konsens\u00fcs aranmas\u0131 gerekiyor. E\u011fer bu konsens\u00fcs sa\u011flanamazsa \u00fc\u00e7\u00fcnc\u00fc turda kura \u00e7ekilmesi \u00f6ng\u00f6r\u00fcl\u00fcyor. Ancak ge\u00e7ti\u011fimiz g\u00fcnlerdeki Karma Komisyonun \u00e7al\u0131\u015fmalar\u0131nda, T\u00fcrkiye&#8217;nin ihtiyac\u0131 olan ger\u00e7ek anlamda yarg\u0131 eti\u011fine ba\u011fl\u0131, tarafs\u0131z, kamu hizmeti anlay\u0131\u015f\u0131yla hizmet edecek \u00fcye se\u00e7iminden uzak bir yerde oldu\u011fumuzu<strong>&nbsp;<\/strong>g\u00f6r\u00fcyoruz. Her \u015feyden \u00f6nce, ba\u015fvurucular\u0131n birer<strong>&nbsp;<\/strong>\u00f6zge\u00e7mi\u015fi Karma Komisyon \u00fcyelerine da\u011f\u0131t\u0131ld\u0131. Ancak bizim komisyon \u00fcyelerimiz \u0130dris \u015eahin ve Sadullah Ergin\u2019e -baz\u0131 arkada\u015flar\u0131m\u0131zda oldu\u011fu gibi- devlet kurumlar\u0131ndan \u00f6zel notlar gelmiyor, gelmesine de gerek yok. Bu ki\u015filerin mesleki ge\u00e7mi\u015fi hakk\u0131nda \u00f6zel bilgi sahibi de\u011filler ama hi\u00e7 olmazsa bu ki\u015fileri Karma Komisyonun huzurunda bir \u00e7ay ikram etmek suretiyle daha yak\u0131ndan tan\u0131mak ve memleketin bu yarg\u0131ya g\u00fcveninin en d\u00fc\u015f\u00fck oldu\u011fu zaman diliminde, i\u00e7inde bulundu\u011fu yarg\u0131 krizinden nas\u0131l \u00e7\u0131kart\u0131laca\u011f\u0131 hususunda g\u00f6r\u00fc\u015flerini \u00f6\u011frenme hususunda bir hassasiyet olmal\u0131yd\u0131. Ama Karma Komisyon \u00fcyelerinden bu hak esirgendi, \u00fcyeler \u00f6nce iktidar partisinin sonra da bir uzla\u015fma olur diye ana muhalefet partisinin Grup Ba\u015fkanvekilleri nezdinde bir s\u00fcre\u00e7 y\u00fcr\u00fctmeye kalkt\u0131lar. Bu durumda ba\u011f\u0131ms\u0131z bir HSK varl\u0131\u011f\u0131ndan s\u00f6z edilebilir mi?\u201d ifadelerini kulland\u0131.<\/p>\n\n\n\n<p><strong>DEVA Partisi olarak toplant\u0131y\u0131 terk ettik<\/strong><\/p>\n\n\n\n<p>Ekmen, yarg\u0131 sorunlar\u0131na dair \u00e7\u00f6z\u00fcm \u00f6nerilerini dile getirerek, &#8220;Buradaki be\u015fte 3 ya da \u00fc\u00e7te 2 \u00e7o\u011funluk T\u00fcrkiye B\u00fcy\u00fck Millet Meclisi \u00fcyelerinin her t\u00fcrl\u00fc siyasal angajmandan uzak bir \u015fekilde karar verebilmesi ve bu b\u00fcy\u00fck konsens\u00fcs\u00fc sa\u011flamak i\u00e7in \u00fcretilmi\u015f bir orand\u0131r, bir rakamd\u0131r. Yoksa burada b\u00fcy\u00fck gruplar belli ki\u015filer \u00fczerinde karar k\u0131ls\u0131nlar, milletvekilleri de oy versinler, her siyasi partiyi temsilen birisi oraya gitsin diye de\u011fil. Bu \u00e7o\u011funluk ve ard\u0131ndan kura usul\u00fc her siyasi partinin ve her milletvekilinin i\u00e7ine sinen insanlar se\u00e7ilsin diye konulmu\u015ftur. Mevcut yap\u0131ya bakt\u0131\u011f\u0131m\u0131z zaman da maalesef Karma Komisyonda eylemli olarak \u0130\u00e7 T\u00fcz\u00fck ihlali ya\u015fanm\u0131\u015ft\u0131r. Bu se\u00e7imde \u0130\u00e7 T\u00fcz\u00fck ihlaline tepki g\u00f6stermek i\u00e7in Karma Komisyon \u00fcyesi arkada\u015flar\u0131m\u0131z Say\u0131n \u0130dris \u015eahin ve Say\u0131n Sadullah Ergin oylamadan \u00e7ekilmi\u015flerdir. CHP&#8217;li vekiller de benzer tepkiyi g\u00f6stermi\u015ftir. T\u00fcrkiye&#8217;nin bu kadar \u00e7ok yarg\u0131 sorunuyla kar\u015f\u0131 kar\u015f\u0131ya kald\u0131\u011f\u0131 bir d\u00f6nemde \u2018Team\u00fcl var b\u00f6yle devam etmeli\u2019 diyerek Anayasaya ayk\u0131r\u0131 \u015fekilde \u00fc\u00e7\u00fcnc\u00fc bir oylama yap\u0131lmak istenmesi asla kabul edilemez. H\u00e2kim ve Savc\u0131lar Kuruluna \u00fcye se\u00e7iminde Anayasa\u2019n\u0131n ruhuna uygun, yarg\u0131 camias\u0131n\u0131n ihtiyac\u0131 olan bir usulle ilerlemesi noktas\u0131nda kararl\u0131l\u0131\u011fa ihtiya\u00e7 var\u201d dedi.<\/p>\n","protected":false},"excerpt":{"rendered":"<p>DEVA Partisi Genel Ba\u015fkan Yard\u0131mc\u0131s\u0131 ve Mersin Milletvekili Mehmet Emin Ekmen, T\u00fcrkiye B\u00fcy\u00fck Millet Meclisi Genel Kurulunda s\u00f6z alarak, H\u00e2kimler ve Savc\u0131lar Kurulu aday se\u00e7imleri hakk\u0131nda konu\u015ftu. Bu usulle se\u00e7ilen HSK&#8217;n\u0131n ba\u011f\u0131ms\u0131z olmas\u0131 beklenemez H\u00e2kimler ve Savc\u0131lar Kurulu (HSK) \u00fcye se\u00e7imleri hakk\u0131nda da konu\u015fan Ekmen, &#8220;HSK i\u00e7in se\u00e7im s\u00fcreci ba\u015flad\u0131. Meclis\u2019teki se\u00e7imler Anayasa\u2019n\u0131n 159\u2019uncu maddesine [&hellip;]<\/p>\n","protected":false},"author":2,"featured_media":42171,"comment_status":"closed","ping_status":"closed","sticky":false,"template":"","format":"standard","meta":{"footnotes":""},"categories":[3],"tags":[],"class_list":["post-42370","post","type-post","status-publish","format-standard","has-post-thumbnail","hentry","category-manset"],"views":3,"_links":{"self":[{"href":"https:\/\/mersinkadingazetesi.com\/index.php?rest_route=\/wp\/v2\/posts\/42370"}],"collection":[{"href":"https:\/\/mersinkadingazetesi.com\/index.php?rest_route=\/wp\/v2\/posts"}],"about":[{"href":"https:\/\/mersinkadingazetesi.com\/index.php?rest_route=\/wp\/v2\/types\/post"}],"author":[{"embeddable":true,"href":"https:\/\/mersinkadingazetesi.com\/index.php?rest_route=\/wp\/v2\/users\/2"}],"replies":[{"embeddable":true,"href":"https:\/\/mersinkadingazetesi.com\/index.php?rest_route=%2Fwp%2Fv2%2Fcomments&post=42370"}],"version-history":[{"count":1,"href":"https:\/\/mersinkadingazetesi.com\/index.php?rest_route=\/wp\/v2\/posts\/42370\/revisions"}],"predecessor-version":[{"id":42371,"href":"https:\/\/mersinkadingazetesi.com\/index.php?rest_route=\/wp\/v2\/posts\/42370\/revisions\/42371"}],"wp:featuredmedia":[{"embeddable":true,"href":"https:\/\/mersinkadingazetesi.com\/index.php?rest_route=\/wp\/v2\/media\/42171"}],"wp:attachment":[{"href":"https:\/\/mersinkadingazetesi.com\/index.php?rest_route=%2Fwp%2Fv2%2Fmedia&parent=42370"}],"wp:term":[{"taxonomy":"category","embeddable":true,"href":"https:\/\/mersinkadingazetesi.com\/index.php?rest_route=%2Fwp%2Fv2%2Fcategories&post=42370"},{"taxonomy":"post_tag","embeddable":true,"href":"https:\/\/mersinkadingazetesi.com\/index.php?rest_route=%2Fwp%2Fv2%2Ftags&post=42370"}],"curies":[{"name":"wp","href":"https:\/\/api.w.org\/{rel}","templated":true}]}}