{"id":42372,"date":"2025-05-08T15:10:43","date_gmt":"2025-05-08T12:10:43","guid":{"rendered":"https:\/\/mersinkadingazetesi.com\/?p=42372"},"modified":"2025-05-08T15:10:44","modified_gmt":"2025-05-08T12:10:44","slug":"toroslar-belediyesi-68liler-baris-ormaninda-anneler-gunu-etkinligi-duzenliyor","status":"publish","type":"post","link":"https:\/\/mersinkadingazetesi.com\/?p=42372","title":{"rendered":"TOROSLAR BELED\u0130YES\u0130 68&#8217;L\u0130LER BARI\u015e ORMANI&#8217;NDA ANNELER G\u00dcN\u00dc ETK\u0130NL\u0130\u011e\u0130 D\u00dcZENL\u0130YOR"},"content":{"rendered":"\n<p>Toroslar Belediyesi, Anneler G\u00fcn\u00fc&#8217;n\u00fc co\u015fkulu ve renkli bir etkinlikle kutlamaya haz\u0131rlan\u0131yor. 10 May\u0131s Cumartesi g\u00fcn\u00fc \u00c7a\u011fda\u015fkent Mahallesi&#8217;nde bulunan 68&#8217;liler Bar\u0131\u015f Orman\u0131&#8217;nda ger\u00e7ekle\u015fecek olan programda, anneler ve \u00e7ocuklar i\u00e7in birbirinden renkli aktiviteler yer alacak.<\/p>\n\n\n\n<p>Etkinlik, 10.00 ile 16.00 saatleri aras\u0131nda ger\u00e7ekle\u015fecek. Etkinlikte, \u00fcretici kad\u0131nlar\u0131n stantlar\u0131 ziyaret\u00e7ilerle bulu\u015facak. Ritim grubu g\u00f6sterisi, palya\u00e7olar, y\u00fcz boyama, sosis balon, anne-\u00e7ocuk bileklik at\u00f6lyesi, G\u00fczel Sanatlar Lisesi \u00f6\u011frencilerinin m\u00fczik dinletisi gibi etkinliklerle g\u00fcn boyunca keyifli anlar ya\u015fanacak.<\/p>\n\n\n\n<p>Misafirlere \u00e7i\u00e7ek da\u011f\u0131t\u0131m\u0131 yap\u0131lacak programda ayr\u0131ca halat \u00e7ekme yar\u0131\u015f\u0131 ve dart turnuvas\u0131 d\u00fczenlenecek. Kat\u0131l\u0131mc\u0131lar, Anneler G\u00fcn\u00fc temal\u0131 foto\u011fraf panosunda hat\u0131ra foto\u011fraf\u0131 \u00e7ektirme imkan\u0131 da bulacak.<\/p>\n\n\n\n<p>Huzurevi&#8217;nden davet edilen anneler ile koruyucu ailelerin de kat\u0131l\u0131m sa\u011flayaca\u011f\u0131 program, ku\u015faklar aras\u0131 dayan\u0131\u015fmay\u0131 ve sevgi ba\u011flar\u0131n\u0131 g\u00fc\u00e7lendirmeyi ama\u00e7l\u0131yor.<\/p>\n\n\n\n<p><strong>YILDIZ&#8217;DAN ETK\u0130NL\u0130\u011eE DAVET<\/strong><\/p>\n\n\n\n<p>Toroslar Belediye Ba\u015fkan\u0131 Abdurrahman Y\u0131ld\u0131z, &#8220;10 May\u0131s Cumartesi g\u00fcn\u00fc 68&#8217;liler Bar\u0131\u015f Orman\u0131&#8217;nda d\u00fczenleyece\u011fimiz Anneler G\u00fcn\u00fc etkinli\u011finde; do\u011fan\u0131n i\u00e7inde, ne\u015fe dolu bir ortamda bir araya gelece\u011fiz. Arkada\u015flar\u0131m\u0131z, hem yeti\u015fkinlerin hem \u00e7ocuklar\u0131n g\u00fczel vakit ge\u00e7irece\u011fi bir program haz\u0131rlad\u0131. T\u00fcm halk\u0131m\u0131z\u0131 bu anlaml\u0131 bulu\u015fmaya davet ediyorum&#8221; dedi.<\/p>\n","protected":false},"excerpt":{"rendered":"<p>Toroslar Belediyesi, Anneler G\u00fcn\u00fc&#8217;n\u00fc co\u015fkulu ve renkli bir etkinlikle kutlamaya haz\u0131rlan\u0131yor. 10 May\u0131s Cumartesi g\u00fcn\u00fc \u00c7a\u011fda\u015fkent Mahallesi&#8217;nde bulunan 68&#8217;liler Bar\u0131\u015f Orman\u0131&#8217;nda ger\u00e7ekle\u015fecek olan programda, anneler ve \u00e7ocuklar i\u00e7in birbirinden renkli aktiviteler yer alacak. Etkinlik, 10.00 ile 16.00 saatleri aras\u0131nda ger\u00e7ekle\u015fecek. Etkinlikte, \u00fcretici kad\u0131nlar\u0131n stantlar\u0131 ziyaret\u00e7ilerle bulu\u015facak. Ritim grubu g\u00f6sterisi, palya\u00e7olar, y\u00fcz boyama, sosis balon, anne-\u00e7ocuk [&hellip;]<\/p>\n","protected":false},"author":2,"featured_media":42373,"comment_status":"closed","ping_status":"closed","sticky":false,"template":"","format":"standard","meta":{"footnotes":""},"categories":[3],"tags":[],"class_list":["post-42372","post","type-post","status-publish","format-standard","has-post-thumbnail","hentry","category-manset"],"views":8,"_links":{"self":[{"href":"https:\/\/mersinkadingazetesi.com\/index.php?rest_route=\/wp\/v2\/posts\/42372"}],"collection":[{"href":"https:\/\/mersinkadingazetesi.com\/index.php?rest_route=\/wp\/v2\/posts"}],"about":[{"href":"https:\/\/mersinkadingazetesi.com\/index.php?rest_route=\/wp\/v2\/types\/post"}],"author":[{"embeddable":true,"href":"https:\/\/mersinkadingazetesi.com\/index.php?rest_route=\/wp\/v2\/users\/2"}],"replies":[{"embeddable":true,"href":"https:\/\/mersinkadingazetesi.com\/index.php?rest_route=%2Fwp%2Fv2%2Fcomments&post=42372"}],"version-history":[{"count":1,"href":"https:\/\/mersinkadingazetesi.com\/index.php?rest_route=\/wp\/v2\/posts\/42372\/revisions"}],"predecessor-version":[{"id":42374,"href":"https:\/\/mersinkadingazetesi.com\/index.php?rest_route=\/wp\/v2\/posts\/42372\/revisions\/42374"}],"wp:featuredmedia":[{"embeddable":true,"href":"https:\/\/mersinkadingazetesi.com\/index.php?rest_route=\/wp\/v2\/media\/42373"}],"wp:attachment":[{"href":"https:\/\/mersinkadingazetesi.com\/index.php?rest_route=%2Fwp%2Fv2%2Fmedia&parent=42372"}],"wp:term":[{"taxonomy":"category","embeddable":true,"href":"https:\/\/mersinkadingazetesi.com\/index.php?rest_route=%2Fwp%2Fv2%2Fcategories&post=42372"},{"taxonomy":"post_tag","embeddable":true,"href":"https:\/\/mersinkadingazetesi.com\/index.php?rest_route=%2Fwp%2Fv2%2Ftags&post=42372"}],"curies":[{"name":"wp","href":"https:\/\/api.w.org\/{rel}","templated":true}]}}