{"id":42375,"date":"2025-05-08T16:19:23","date_gmt":"2025-05-08T13:19:23","guid":{"rendered":"https:\/\/mersinkadingazetesi.com\/?p=42375"},"modified":"2025-05-08T16:19:24","modified_gmt":"2025-05-08T13:19:24","slug":"veriden-karara-ulusal-yapay-zeka-zirvesi-duzenlendi","status":"publish","type":"post","link":"https:\/\/mersinkadingazetesi.com\/?p=42375","title":{"rendered":"&#8220;VER\u0130DEN KARARA ULUSAL YAPAY ZEKA Z\u0130RVES\u0130\u201d D\u00dcZENLEND\u0130"},"content":{"rendered":"\n<p>T\u00fcrkiye B\u00fcy\u00fck Millet Meclisi\u2019nde \u2018Veriden Karara Ulusal Yapay Zeka Zirvesi\u2019 d\u00fczenlendi. Zirvenin \u2018Yapay Zeka Hayat\u0131m\u0131z\u0131 Nas\u0131l De\u011fi\u015ftirecek? Yapay Zekaya Dair Gelecek Senaryolar\u0131\u2019 panelinin moderat\u00f6rl\u00fc\u011f\u00fcn\u00fc TBMM Yapay Zeka Ara\u015ft\u0131rma Komisyonu Katip \u00dcyesi, MHP Mersin Milletvekili Dr. Levent Uysal \u00fcstlendi. Milletvekili Uysal \u201cYapay zeka ve dijital d\u00f6n\u00fc\u015f\u00fcmle \u00fclkeler pek \u00e7ok alan\u0131 yeniden \u015fekillendiriyor ve art\u0131lar\u0131n\u0131 topluma entegre ediyor. Olu\u015fabilecek tehlikelere kar\u015f\u0131 da \u00f6nlem al\u0131yor.\u201d \u015feklinde konu\u015ftu.<\/p>\n\n\n\n<p>\u2018Veriden Karara Ulusal Yapay Zeka Zirvesi\u2019 be\u015f panel \u015feklinde T\u00fcrkiye B\u00fcy\u00fck Millet Meclisi\u2019nde ger\u00e7ekle\u015ftirildi. Yapay zeka konulu sinevizyon g\u00f6sterisinin izlenimiyle ba\u015flayan zirvede; TBMM Yapay Zeka Ara\u015ft\u0131rma Komisyonu Ba\u015fkan\u0131 Fatih D\u00f6nmez, Cumhurba\u015fkan\u0131 Yard\u0131mc\u0131s\u0131 Cevdet Y\u0131lmaz ve TBMM Ba\u015fkan\u0131 Numan Kurtulmu\u015f a\u00e7\u0131l\u0131\u015f konu\u015fmas\u0131 ger\u00e7ekle\u015ftirdi. Zirvenin ilk paneli \u2018Yapay Zeka ve Siyaset\u2019 konusu oldu. Grubu olan siyasi partilerin ilgili genel ba\u015fkan yard\u0131mc\u0131lar\u0131, yapay zekan\u0131n siyasete etkilerini de\u011ferlendirdi.<\/p>\n\n\n\n<p>\u2018Yapay Zeka Hayat\u0131m\u0131z\u0131 Nas\u0131l De\u011fi\u015ftirecek? Yapay Zekaya Dair Gelecek Senaryolar\u0131\u2019 konulu ikinci panelin moderat\u00f6rl\u00fc\u011f\u00fcn\u00fc TBMM Yapay Zeka Ara\u015ft\u0131rma Komisyonu Katip \u00dcyesi ve MHP Mersin Milletvekili Dr. Levent Uysal yapt\u0131. Uysal, Turkcell Yapay Zeka Direkt\u00f6r\u00fc Yusuf Yi\u011fit\u2019e \u201cDeep Seek adl\u0131 \u00c7inli yapay zeka asistan\u0131 neden bu kadar \u00f6ne \u00e7\u0131kt\u0131? 5G ile yapay zekan\u0131n hayat\u0131m\u0131zdaki rol\u00fc ne olacak? Turkcell yapay zekada ne yap\u0131yor?\u201d sorular\u0131n\u0131 y\u00f6neltti.<\/p>\n\n\n\n<p>Turkcell YZ direkt\u00f6r\u00fc Yusuf Yi\u011fit ise Deep Seek adl\u0131 yapay zeka asistan\u0131n\u0131n d\u00fc\u015f\u00fck maliyetle, daha az enerjiyle, daha h\u0131zl\u0131 \u00e7al\u0131\u015ft\u0131\u011f\u0131n\u0131 ve veri gizlili\u011finin tart\u0131\u015fmal\u0131 olsa dahi rekabeti art\u0131rd\u0131\u011f\u0131n\u0131 belirtti. Yi\u011fit \u201c5G, cihazlar\u0131n birbiriyle anl\u0131k ileti\u015fimini sa\u011flayacak. Uzaktan ameliyat\u0131, uzaktan in\u015faat yapabilecek. Turkcell olarak 35 bin baz istasyonunu yapay zeka ile y\u00f6netiyoruz. G\u00fcnde 200 bin ki\u015fiye hizmet veren yapay zeka asistan\u0131m\u0131z var. Giri\u015fimcilere maddi ve teknik destek de sunuyoruz.\u201d bilgilerini payla\u015ft\u0131.<\/p>\n\n\n\n<p>Yapay zekan\u0131n \u00f6zellikle sa\u011fl\u0131k alan\u0131nda \u00f6nemli bir yer tuttu\u011funu ifade eden Milletvekili Uysal, Profes\u00f6r Doktor Beyin Cerrah\u0131 \u0130smail Hakk\u0131 Ayd\u0131n\u2019a ise \u201cSa\u011fl\u0131kta yapay zeka ne kadar ilerledi? Yapay zeka bilin\u00e7 kazanabilir mi? Yapay zeka doktorlar\u0131n yerini alacak m\u0131?\u201d sorular\u0131n\u0131 sordu. Prof. Dr. Ayd\u0131n, yapay zeka sayesinde sa\u011fl\u0131kta erken te\u015fhisin kolayla\u015ft\u0131\u011f\u0131n\u0131 ifade ederek \u201cErken te\u015fhis, ak\u0131ll\u0131 ila\u00e7lar ve yeni tedaviler m\u00fcmk\u00fcn. T\u00fcrk Beyin Projesi sayesinde 1 dakikada t\u00fcm\u00f6r te\u015fhisi yap\u0131labiliyor. Yapay zeka veriyle \u00e7al\u0131\u015f\u0131r, kendi fikrini \u00fcretebilir. Zihinle cihaz kontrol\u00fc art\u0131k m\u00fcmk\u00fcn. Beyinle do\u011frudan ba\u011flant\u0131 kuran sistemler geli\u015fiyor.\u201d \u015feklinde konu\u015ftu. Yapay zekan\u0131n doktorlar\u0131n yerini alamayaca\u011f\u0131n\u0131n alt\u0131n\u0131 \u00e7izen Prof. Dr. Beyin Cerrah\u0131 \u0130smail Hakk\u0131 Ayd\u0131n \u201cYapay zeka doktorlar\u0131n yerini alamaz. Hekim ve yapay zeka ortak \u00e7al\u0131\u015fmal\u0131. Yapay zeka, karar destek arac\u0131 olmal\u0131, hata ve etik ilkeler dikkate al\u0131nmal\u0131.\u201d dedi.<\/p>\n\n\n\n<p>Uysal, T\u00fcrkiye Yapay Zeka \u0130nisiyatifi (TRAI) Kurucusu Halil Aksu\u2019ya \u201cTRAI olarak ne yap\u0131yorsunuz? Dijital d\u00f6n\u00fc\u015f\u00fcm destekleri hakk\u0131nda ne d\u00fc\u015f\u00fcn\u00fcyorsunuz? Yapay zeka i\u015fsizlik mi yoksa yeni i\u015f imkanlar\u0131 m\u0131 yaratacak?\u201d sorular\u0131n\u0131 y\u00f6neltti. TRAI kurucusu Halil Aksu, 400 yapay zeka firmas\u0131na destek verdiklerini ve her y\u0131l T\u00fcrkiye Yapay Zeka Zirvesi d\u00fczenlendiklerini ifade ederek \u201cT\u00fcrkiye\u2019de bu y\u0131l d\u00fczenleyece\u011fimiz yapay zeka zirvesi 23 Ekim\u2019de \u0130stanbul\u2019da olacak. Dijital d\u00f6n\u00fc\u015f\u00fcm destekleri noktas\u0131nda \u015funu s\u00f6ylemek gerekir ki devlet destekleri artt\u0131. Dijital Olgunluk Endeksi\u2019ne g\u00f6re te\u015fvikler veriliyor ve bu d\u00f6n\u00fc\u015f\u00fcm i\u00e7in b\u00fcy\u00fck f\u0131rsat. Ayr\u0131ca yapay zeka ile 85 milyon i\u015f kayb\u0131 fakat 100 milyon yeni i\u015f ilan\u0131 olaca\u011f\u0131n\u0131 s\u00f6ylemekte yarar var. Yeni meslekler geliyor ve e\u011fitim sistemi yeniden \u015fekillenmeli.\u201d a\u00e7\u0131klamas\u0131nda bulundu.<\/p>\n\n\n\n<p>Panelistlere te\u015fekk\u00fcr eden T\u00fcrkiye B\u00fcy\u00fck Millet Meclisi Yapay Zeka Ara\u015ft\u0131rma Komisyonu Katip \u00dcyesi, Milliyet\u00e7i Hareket Partisi ve MYK \u00dcyesi Dr. Levent Uysal \u201cYapay zeka; hayat\u0131m\u0131z\u0131, i\u015f ya\u015fant\u0131m\u0131z\u0131 elbette de\u011fi\u015ftirecek. Ancak yapay zekay\u0131 verimli ve \u00e7\u00f6z\u00fcm odakl\u0131 kullanmak gerekiyor. Teknoloji geli\u015fiyor, \u00e7a\u011f de\u011fi\u015fiyor; \u00f6z de\u011ferlerimizi yitirmeden bu geli\u015fime ayak uydurmal\u0131y\u0131z.\u201d \u015feklinde konu\u015ftu.<\/p>\n\n\n\n<p>Daha sonra zirvede \u201cYapay Zekada Hukuki \u00c7er\u00e7eve ve Etik D\u00fczenlemeler, Yapay Zekan\u0131n \u0130\u015fg\u00fcc\u00fc Piyasas\u0131ndaki Etkileri ve Sekt\u00f6rel Uygulamalar\u0131, Yapay Zeka Ekosistemi\u201d ba\u015fl\u0131klar\u0131nda da paneller d\u00fczenlendi.<\/p>\n","protected":false},"excerpt":{"rendered":"<p>T\u00fcrkiye B\u00fcy\u00fck Millet Meclisi\u2019nde \u2018Veriden Karara Ulusal Yapay Zeka Zirvesi\u2019 d\u00fczenlendi. Zirvenin \u2018Yapay Zeka Hayat\u0131m\u0131z\u0131 Nas\u0131l De\u011fi\u015ftirecek? Yapay Zekaya Dair Gelecek Senaryolar\u0131\u2019 panelinin moderat\u00f6rl\u00fc\u011f\u00fcn\u00fc TBMM Yapay Zeka Ara\u015ft\u0131rma Komisyonu Katip \u00dcyesi, MHP Mersin Milletvekili Dr. Levent Uysal \u00fcstlendi. Milletvekili Uysal \u201cYapay zeka ve dijital d\u00f6n\u00fc\u015f\u00fcmle \u00fclkeler pek \u00e7ok alan\u0131 yeniden \u015fekillendiriyor ve art\u0131lar\u0131n\u0131 topluma entegre [&hellip;]<\/p>\n","protected":false},"author":2,"featured_media":42376,"comment_status":"closed","ping_status":"closed","sticky":false,"template":"","format":"standard","meta":{"footnotes":""},"categories":[3],"tags":[],"class_list":["post-42375","post","type-post","status-publish","format-standard","has-post-thumbnail","hentry","category-manset"],"views":3,"_links":{"self":[{"href":"https:\/\/mersinkadingazetesi.com\/index.php?rest_route=\/wp\/v2\/posts\/42375"}],"collection":[{"href":"https:\/\/mersinkadingazetesi.com\/index.php?rest_route=\/wp\/v2\/posts"}],"about":[{"href":"https:\/\/mersinkadingazetesi.com\/index.php?rest_route=\/wp\/v2\/types\/post"}],"author":[{"embeddable":true,"href":"https:\/\/mersinkadingazetesi.com\/index.php?rest_route=\/wp\/v2\/users\/2"}],"replies":[{"embeddable":true,"href":"https:\/\/mersinkadingazetesi.com\/index.php?rest_route=%2Fwp%2Fv2%2Fcomments&post=42375"}],"version-history":[{"count":1,"href":"https:\/\/mersinkadingazetesi.com\/index.php?rest_route=\/wp\/v2\/posts\/42375\/revisions"}],"predecessor-version":[{"id":42377,"href":"https:\/\/mersinkadingazetesi.com\/index.php?rest_route=\/wp\/v2\/posts\/42375\/revisions\/42377"}],"wp:featuredmedia":[{"embeddable":true,"href":"https:\/\/mersinkadingazetesi.com\/index.php?rest_route=\/wp\/v2\/media\/42376"}],"wp:attachment":[{"href":"https:\/\/mersinkadingazetesi.com\/index.php?rest_route=%2Fwp%2Fv2%2Fmedia&parent=42375"}],"wp:term":[{"taxonomy":"category","embeddable":true,"href":"https:\/\/mersinkadingazetesi.com\/index.php?rest_route=%2Fwp%2Fv2%2Fcategories&post=42375"},{"taxonomy":"post_tag","embeddable":true,"href":"https:\/\/mersinkadingazetesi.com\/index.php?rest_route=%2Fwp%2Fv2%2Ftags&post=42375"}],"curies":[{"name":"wp","href":"https:\/\/api.w.org\/{rel}","templated":true}]}}