{"id":42386,"date":"2025-05-09T09:31:14","date_gmt":"2025-05-09T06:31:14","guid":{"rendered":"https:\/\/mersinkadingazetesi.com\/?p=42386"},"modified":"2025-05-09T09:31:15","modified_gmt":"2025-05-09T06:31:15","slug":"baskan-secer-her-canlinin-belediye-baskaniyiz","status":"publish","type":"post","link":"https:\/\/mersinkadingazetesi.com\/?p=42386","title":{"rendered":"BA\u015eKAN SE\u00c7ER: &#8220;HER CANLININ BELED\u0130YE BA\u015eKANIYIZ&#8221;"},"content":{"rendered":"\n<p>Her canl\u0131n\u0131n ya\u015fam hakk\u0131n\u0131 g\u00f6zeten bir belediyecilik anlay\u0131\u015f\u0131yla \u00e7al\u0131\u015fmalar y\u00fcr\u00fcten Mersin B\u00fcy\u00fck\u015fehir Belediyesi taraf\u0131ndan&nbsp;<strong><em>&#8216;Patik\u00f6y Do\u011fal Ya\u015fam Alan\u0131 ve Sahiplendirme Merkezi&#8217;<\/em><\/strong>&nbsp;a\u00e7\u0131ld\u0131.&nbsp;Mersin B\u00fcy\u00fck\u015fehir Belediye Ba\u015fkan\u0131 Vahap Se\u00e7er ve hayvanseverler taraf\u0131ndan a\u00e7\u0131l\u0131\u015f\u0131 ger\u00e7ekle\u015ftirilen Patik\u00f6y Do\u011fal Ya\u015fam Alan\u0131 ve Sahiplendirme Merkezi; sahipsiz hayvanlara g\u00fcvenli, sa\u011fl\u0131kl\u0131 ve do\u011fal bir ya\u015fam alan\u0131 sunmak i\u00e7in kurulan \u00f6rnek bir merkez durumunda.<\/p>\n\n\n\n<p><strong>Patili dostlara umut: &#8216;Patik\u00f6y Do\u011fal Ya\u015fam Alan\u0131 ve Sahiplendirme Merkezi&#8217;<\/strong><\/p>\n\n\n\n<p>Mersin B\u00fcy\u00fck\u015fehir Belediyesi Veteriner \u0130\u015fleri Dairesi Ba\u015fkanl\u0131\u011f\u0131 taraf\u0131ndan a\u00e7\u0131lan Patik\u00f6y Do\u011fal Ya\u015fam Alan\u0131 ve Sahiplendirme Merkezi, sokaktaki canlar i\u00e7in bar\u0131nmadan \u00f6te bir ya\u015fam alan\u0131 sunarken, B\u00fcy\u00fck\u015fehir bu sayede, hayvanlar\u0131n ya\u015fam hakk\u0131n\u0131 g\u00f6zeten, sistemli ve kapsay\u0131c\u0131 bir merkez kurmu\u015f oldu. Patik\u00f6y, sokaktaki patili dostlara umut olacak.<\/p>\n\n\n\n<p>Mersin B\u00fcy\u00fck\u015fehir&#8217;in;&nbsp;<strong><em>&#8216;Ya\u015fas\u0131n Patili Dostlar&#8217;<\/em><\/strong>&nbsp;slogan\u0131yla,&nbsp;<strong><em>&#8216;Patili Dostlar\u0131m\u0131z Do\u011fayla \u0130\u00e7 \u0130\u00e7e ve G\u00fcvende&#8217;<\/em><\/strong>&nbsp;diyerek a\u00e7t\u0131\u011f\u0131&nbsp;<strong><em>&#8216;Patik\u00f6y Do\u011fal Ya\u015fam Alan\u0131 ve Sahiplendirme Merkezi&#8217;<\/em><\/strong>nin a\u00e7\u0131l\u0131\u015f\u0131nda; Mersin B\u00fcy\u00fck\u015fehir Belediye Ba\u015fkan\u0131 Vahap Se\u00e7er, Cumhuriyet Halk Partisi (CHP) Mersin \u0130l Ba\u015fkan\u0131 Koral \u00d6m\u00fcr, Toroslar Belediye Ba\u015fkan\u0131 Abdurrahman Y\u0131ld\u0131z, Yeni\u015fehir Belediye Ba\u015fkan Vekili Cafer Karabulut, CHP MYK \u00dcyesi Hatice Us, CHP Mersin \u0130l Gen\u00e7lik Kollar\u0131 Ba\u015fkan\u0131 Okan Kaya, Mersin Veteriner Hekimler Odas\u0131 Ba\u015fkan\u0131 Bekta\u015f \u015eenay, Hayvanlar\u0131n Ya\u015fam Haklar\u0131 Konfederasyonu (HAYKONFED) Mersin \u0130l Temsilcisi Ayhan Demir, Mersin Ziraat Odas\u0131 Ba\u015fkan\u0131 Musa Y\u0131lmaz, siyasi parti temsilcileri, Meclis \u00fcyeleri, dernek ve sivil toplum kurulu\u015flar\u0131n\u0131n temsilcileri, muhtarlar, hayvanseverler ve B\u00fcy\u00fck\u015fehir Belediyesi b\u00fcrokratlar\u0131 yer ald\u0131. A\u00e7\u0131l\u0131\u015f program\u0131; sayg\u0131 duru\u015fu ve \u0130stiklal Mar\u015f\u0131&#8217;n\u0131n okunmas\u0131n\u0131n ard\u0131ndan, video g\u00f6sterimi ile ba\u015flad\u0131.<\/p>\n\n\n\n<p><strong>Se\u00e7er&#8217;den can dostlar i\u00e7in sahiplendirme \u00e7a\u011fr\u0131s\u0131<\/strong><\/p>\n\n\n\n<p>Ba\u015fkan Se\u00e7er, a\u00e7\u0131l\u0131\u015fta yapt\u0131\u011f\u0131 konu\u015fmada, hem \u015fehirdeki mevcut sokak hayvanlar\u0131 durumuna dair veriler payla\u015ft\u0131 hem de yeni yasal d\u00fczenlemelere dikkat \u00e7ekti. Se\u00e7er, Mersin&#8217;de 2014&#8217;ten bu yana toplam 33 bin 300 k\u00f6pe\u011fin k\u0131s\u0131rla\u015ft\u0131r\u0131ld\u0131\u011f\u0131n\u0131 s\u00f6yledi. Mersin B\u00fcy\u00fck\u015fehir Belediyesi olarak b\u00fct\u00fcn yurtta\u015flar\u0131 memnun edecek \u00e7al\u0131\u015fmalar i\u00e7erisinde olduklar\u0131n\u0131 ifade eden Se\u00e7er, 2 A\u011fustos&#8217;ta y\u00fcr\u00fcrl\u00fc\u011fe giren yeni yasaya da de\u011finerek, art\u0131k k\u0131s\u0131rla\u015ft\u0131r\u0131lan k\u00f6peklerin sokaklara geri b\u0131rak\u0131lmad\u0131\u011f\u0131n\u0131, bunun yerine do\u011fal ya\u015fam alanlar\u0131nda ya da sahiplendirilerek hayatlar\u0131na devam edeceklerini hat\u0131rlatt\u0131. Se\u00e7er,&nbsp;<strong>&#8220;Patik\u00f6y Do\u011fal Ya\u015fam Alan\u0131 ve Sahiplendirme Merkezi&#8217;nde can dostlar\u0131m\u0131z\u0131n do\u011fal ya\u015fam alanlar\u0131nda hayatlar\u0131n\u0131 s\u00fcrd\u00fcrmelerini sa\u011flayaca\u011f\u0131z ya da onlar\u0131 sahiplendirece\u011fiz&#8221;&nbsp;<\/strong>diye konu\u015ftu. Se\u00e7er, yeni d\u00fczenlemenin uygulanmas\u0131nda kamu kurumlar\u0131n\u0131n ve yurtta\u015flar\u0131n i\u015f birli\u011finin \u00f6nemine de dikkat \u00e7ekerek,&nbsp;<strong>&#8220;Bu noktada ba\u015fta belediyeler olmak \u00fczere kamunun t\u00fcm kurumlar\u0131n\u0131n ve yurtta\u015flar\u0131m\u0131z\u0131n i\u015f birli\u011fine ihtiyac\u0131m\u0131z var. T\u00fcm vatanda\u015flar\u0131m\u0131z\u0131 ve hem\u015fehrilerimizi can dostlar\u0131m\u0131za katk\u0131ya, onlar\u0131 sahiplenmeye davet etmek istiyorum&#8221;&nbsp;<\/strong>s\u00f6zlerine yer verdi.<\/p>\n\n\n\n<p><strong>Se\u00e7er,&nbsp;<em>&#8216;Ya\u015fam\u0131 Sahiplen, Destek B\u00fcy\u00fck\u015fehir&#8217;den&#8217;<\/em>&nbsp;kampanyas\u0131n\u0131 anlatt\u0131<\/strong><\/p>\n\n\n\n<p><strong><em>&#8216;Ya\u015fam\u0131 Sahiplen, Destek B\u00fcy\u00fck\u015fehir&#8217;den&#8217;&nbsp;<\/em><\/strong>kampanyas\u0131 kapsam\u0131nda vatanda\u015flara dijital platform \u00fczerinden sahiplendirme imk\u00e2n\u0131 sunduklar\u0131n\u0131 anlatan Se\u00e7er, B\u00fcy\u00fck\u015fehir Belediyesi&#8217;nden sahiplenilen hayvanlar i\u00e7in \u00fccretsiz mama, a\u015f\u0131 ve parazit uygulamalar\u0131 gibi \u00e7e\u015fitli destekler verdiklerini belirtti. Se\u00e7er,&nbsp;<strong>&#8220;Biz bu yasadan sonra sizlerin de deste\u011fiyle, &#8216;<em>Ya\u015fam\u0131 Sahiplen, Destek B\u00fcy\u00fck\u015fehir&#8217;den&#8217;<\/em>&nbsp;kampanyas\u0131n\u0131 ba\u015flatt\u0131k. Kampanya ile hedefimiz, can dostlar\u0131m\u0131z\u0131n bak\u0131mevlerimizde k\u0131s\u0131rla\u015ft\u0131r\u0131lmas\u0131 ve vatanda\u015flar\u0131m\u0131z taraf\u0131ndan sahiplenilmesiydi. Biz bu konuda,&nbsp;<em>&#8216;sahiplen.mersin.bel.tr&#8217;<\/em>&nbsp;adresinden dijital ortamda sahiplenme imk\u00e2n\u0131 sunduk. Vatanda\u015flar\u0131m\u0131za;&nbsp;<em>&#8216;Siz bu can dostlar\u0131m\u0131z\u0131 sahiplenin. Biz size 2 y\u0131l boyunca kuru mama deste\u011fi, 3 ayda bir i\u00e7-d\u0131\u015f parazit uygulamas\u0131, 6 ayda bir pet kuaf\u00f6r uygulamas\u0131, y\u0131lda 1 kez kuduz a\u015f\u0131s\u0131n\u0131 \u00fccretsiz olarak yapal\u0131m. 1 ya\u015f\u0131na gelen kedi ve k\u00f6peklerin k\u0131s\u0131rla\u015ft\u0131r\u0131lmas\u0131n\u0131 da \u00fccretsiz yapal\u0131m&#8217;&nbsp;<\/em>dedik&#8221;&nbsp;<\/strong>ifadelerine yer verdi. Se\u00e7er, kampanyaya destek sunan Mersin Veteriner Hekimler Odas\u0131&#8217;na da te\u015fekk\u00fcr ederek, Oda&#8217;n\u0131n Mersin B\u00fcy\u00fck\u015fehir&#8217;den sahiplenilmi\u015f hayvanlara yapt\u0131klar\u0131 hizmetlere y\u00fczde 25 indirim uygulad\u0131klar\u0131n\u0131 belirtti.<\/p>\n\n\n\n<p><strong>&#8220;Bizlere, yapt\u0131\u011f\u0131m\u0131z pelet mamalar i\u00e7in destek verin&#8221;<\/strong><\/p>\n\n\n\n<p>B\u00fcy\u00fck\u015fehir&#8217;in att\u0131\u011f\u0131 bu ad\u0131ma destek olmak isteyen yurtta\u015flara&nbsp;<strong><em>&#8216;birizberaberiz.org&#8217;<\/em><\/strong>&nbsp;adresini i\u015faret eden Se\u00e7er,&nbsp;<strong>&#8220;Vatanda\u015flar\u0131m\u0131z, birizberaberiz.org \u00fczerinden kul\u00fcbe, kuru mama, k\u0131s\u0131rla\u015ft\u0131rma deste\u011fi yapabilirler&#8221;<\/strong>&nbsp;dedi. Kampanyan\u0131n ba\u015flad\u0131\u011f\u0131 g\u00fcnden bu yana 71&#8217;i kurum ve kurulu\u015flar taraf\u0131ndan olmak \u00fczere toplam 781 hayvan\u0131 sahiplendirdiklerini belirten Se\u00e7er, pelet mama yap\u0131m\u0131 i\u00e7in ise b\u00fcy\u00fck yemekhanesi olan kurum ve kurulu\u015flara seslenerek artan yemeklerin B\u00fcy\u00fck\u015fehir&#8217;e verilmesi \u00e7a\u011fr\u0131s\u0131 yapt\u0131.<\/p>\n\n\n\n<p><strong>Her canl\u0131 \u00f6zg\u00fcrce ya\u015fas\u0131n diye hi\u00e7bir detay unutulmad\u0131<\/strong><\/p>\n\n\n\n<p>Patik\u00f6y Do\u011fal Ya\u015fam Alan\u0131 ve Sahiplendirme Merkezi&#8217;nin sevimli bir yer oldu\u011funa dikkat \u00e7eken Se\u00e7er,&nbsp;<strong>&#8220;Burada kafeterya, yavru, k\u00fc\u00e7\u00fck ve b\u00fcy\u00fck \u0131rk k\u00f6pek b\u00f6l\u00fcmleri, koruma ama\u00e7l\u0131 k\u00f6pek ve kedi alanlar\u0131, k\u00f6pek gezdirme alan\u0131 mevcut.&nbsp;<em>&#8216;sahiplen.mersin.bel.tr&#8217;<\/em>&nbsp;adresinden can dostlar\u0131m\u0131z\u0131 sahiplenebilirsiniz&#8221;<\/strong>&nbsp;dedi. Alan\u0131n 30 d\u00f6n\u00fcm \u00fczerinde bulundu\u011funu ve \u0131rk, miza\u00e7 ve b\u00fcy\u00fckl\u00fc\u011fe g\u00f6re k\u00f6peklerin yerle\u015ftirildi\u011fini ifade eden Se\u00e7er,&nbsp;<strong>&#8220;8 b\u00f6l\u00fcme ayr\u0131lm\u0131\u015f, otomatik yemlik, suluk, s\u00fcrekli mama ve temiz su sa\u011flama \u00fcnitelerimizin hepsi m\u00fckemmel bir \u015fekilde yap\u0131ld\u0131. Her b\u00f6l\u00fcmde serinlemeye y\u00f6nelik havuzlar in\u015fa edildi. \u015eu anda Do\u011fal Ya\u015fam Alan\u0131&#8217;nda 695 can dostumuz var. Bu say\u0131 her ge\u00e7en g\u00fcn artacak ve 3 bine yak\u0131n can dostumuza ya\u015fam alan\u0131 sunaca\u011f\u0131z. Do\u011fal Ya\u015fam Alan\u0131 i\u00e7erisinde Engelsiz Do\u011fal Ya\u015fam Alan\u0131 var. Bu alan, ya\u015fl\u0131 ve engelli k\u00f6pekler i\u00e7in 4 b\u00f6l\u00fcmden olu\u015fuyor. Her b\u00f6l\u00fcm 144 metrekare ve 12-14 aras\u0131nda can dost orada ya\u015fam \u015fans\u0131 buluyor&#8221;<\/strong>&nbsp;diye anlatt\u0131. Mezitli&#8217;de Ocak ay\u0131nda Kedi K\u0131s\u0131rla\u015ft\u0131rma Merkezi a\u00e7t\u0131klar\u0131n\u0131 da konu\u015fmas\u0131na ekleyen Se\u00e7er, Anamur ve Bozyaz\u0131&#8217;da bulunan Koordinasyon M\u00fcd\u00fcrl\u00fc\u011f\u00fc yerle\u015fkelerinde de Kedi K\u0131s\u0131rla\u015ft\u0131rma Merkezi kurarak, yak\u0131n zamanda hizmete a\u00e7acaklar\u0131n\u0131 kaydetti.<\/p>\n\n\n\n<p><strong>&#8220;Her canl\u0131n\u0131n Belediye Ba\u015fkan\u0131y\u0131z&#8221;<\/strong><\/p>\n\n\n\n<p>Mersin Valisi Atilla Toros ba\u015fkanl\u0131\u011f\u0131nda yap\u0131lan \u0130l Hayvanlar\u0131 Koruma Kurulu Toplant\u0131s\u0131&#8217;na kat\u0131ld\u0131\u011f\u0131n\u0131 s\u00f6yleyen Se\u00e7er, konuya \u00e7ok \u00f6nem verdi\u011fine vurgu yaparak,&nbsp;<strong>&#8220;Say\u0131n Valimiz de, ben de bu konuyu \u00e7ok \u00f6nemsiyoruz. Mersin&#8217;in bu anlamda T\u00fcrkiye&#8217;ye \u00f6rnek bir \u015fehir olmas\u0131n\u0131 istiyoruz. Bu nedenle asl\u0131nda bu \u00e7al\u0131\u015fmalar i\u00e7erisinde il\u00e7e belediyelerimizin de bizlerin de kar\u015f\u0131la\u015ft\u0131klar\u0131 baz\u0131 ge\u00e7ici s\u0131k\u0131nt\u0131lar\u0131 a\u015fma noktas\u0131nda i\u015f birli\u011fi yapmaya a\u00e7\u0131\u011f\u0131z. Say\u0131n Valimiz de bu konuda bize yard\u0131mc\u0131 oluyor. Ona da buradan huzurlar\u0131n\u0131zda te\u015fekk\u00fcr ediyoruz. Her zaman mottomuz \u015fu;&nbsp;<em>&#8216;Herkesin, her canl\u0131n\u0131n Belediye Ba\u015fkan\u0131y\u0131z.&#8217;<\/em>&nbsp;Biz herkesi seviyoruz. Bizim kalbimizde, literat\u00fcr\u00fcm\u00fczde, siyasetimizde ve insana bak\u0131\u015f a\u00e7\u0131m\u0131zda ayr\u0131mc\u0131l\u0131k ve \u00f6tekile\u015ftirme yok&#8221;<\/strong>&nbsp;ifadelerine yer verdi.<\/p>\n\n\n\n<p><strong>&#8220;Patik\u00f6y, bir bak\u0131mevinden ziyade bir ya\u015fam alan\u0131&#8221;<\/strong><\/p>\n\n\n\n<p>Yak\u0131n zamanda Veteriner \u0130\u015fleri Dairesi Ba\u015fkanl\u0131\u011f\u0131&#8217;n\u0131 kurduklar\u0131n\u0131 belirten Se\u00e7er, dairenin alan\u0131nda uzman 246 personel ile hizmet verdi\u011fini kaydetti. Hizmete a\u00e7\u0131lan Patik\u00f6y&#8217;\u00fcn bir bak\u0131mevi olmaktan ziyade bir ya\u015fam alan\u0131 oldu\u011funun alt\u0131n\u0131 \u00e7izen Se\u00e7er,&nbsp;<strong>&#8220;Patik\u00f6y di\u011fer belediyelerimize de g\u00fczel bir \u00f6rnek olacak. Engelsiz Patik\u00f6y&#8217;\u00fc de \u00e7ok \u00f6nemsiyorum. Bu \u00e7ok \u00f6nemli bir ayr\u0131nt\u0131. Nas\u0131l \u015fehirde \u00f6zel gereksinimli bireyler i\u00e7in&nbsp;<em>&#8216;Engelsiz Bir Mersin&#8217;<\/em>&nbsp;yaratmaya \u00e7al\u0131\u015f\u0131yorsak; can dostlar\u0131m\u0131za da engelsiz bir ya\u015fam alan\u0131 sunuyoruz&#8221;&nbsp;<\/strong>diyerek konu\u015fmas\u0131n\u0131 sonland\u0131rd\u0131.<\/p>\n\n\n\n<p><strong>Ba\u015fkan Y\u0131ld\u0131z: &#8220;Patik\u00f6y \u00e7ok \u00f6nemli bir hizmet&#8221;<\/strong><\/p>\n\n\n\n<p>\u0130ktidar\u0131n sokak hayvanlar\u0131 i\u00e7in \u00e7\u0131karm\u0131\u015f oldu\u011fu yasan\u0131n kar\u015f\u0131s\u0131nda durduklar\u0131n\u0131 belirten Toroslar Belediye Ba\u015fkan\u0131 Abdurrahman Y\u0131ld\u0131z,&nbsp;<strong>&#8220;Say\u0131n Ba\u015fkan\u0131m\u0131z\u0131n dedi\u011fi gibi;&nbsp;<em>&#8216;Biz b\u00fct\u00fcn canl\u0131lar\u0131n belediye ba\u015fkan\u0131y\u0131z.&#8217;&nbsp;<\/em>Bu kapsamda kentte ya\u015fayan b\u00fct\u00fcn canl\u0131lara sahip \u00e7\u0131kmal\u0131y\u0131z. Patik\u00f6y&#8217;de hayvanlar do\u011fal ya\u015famlar\u0131n\u0131 devam ettirecekler&#8221;&nbsp;<\/strong>dedi. Y\u0131ld\u0131z, konu\u015fmas\u0131n\u0131 hayvanlar i\u00e7in do\u011fal ya\u015fam alanlar\u0131n\u0131n art\u0131r\u0131labilmesi i\u00e7in h\u00fck\u00fcmetin il ve il\u00e7e belediyelerine b\u00fct\u00e7e ve arazi noktas\u0131nda destek sa\u011flamas\u0131 gerekti\u011fini s\u00f6zlerine ekledi.<\/p>\n\n\n\n<p><strong>Demir: &#8220;Patik\u00f6y, T\u00fcrkiye&#8217;ye \u00f6rnek olacak bir proje&#8221;<\/strong><\/p>\n\n\n\n<p>Hayvanlar\u0131n Ya\u015fam Haklar\u0131 Konfederasyonu (HAYKONFED) Mersin \u0130l Temsilcisi Ayhan Demir,&nbsp;<strong>&#8220;Bu anlaml\u0131 g\u00fcnde burada olmak bizim i\u00e7in bir onur. Biliyorsunuz baz\u0131 belediyelerin yapamad\u0131\u011f\u0131n\u0131 Mersin B\u00fcy\u00fck\u015fehir, Vahap Se\u00e7er&#8217;le ba\u015farm\u0131\u015f bir belediye. Mersin&#8217;de olmak, Mersinli olmak, Vahap Se\u00e7er gibi bir ba\u015fkan\u0131m\u0131zla birlikte olmak bizim i\u00e7in onur verici&#8221;&nbsp;<\/strong>dedi. Mersin&#8217;de sokak hayvanlar\u0131n\u0131n toplat\u0131lmamas\u0131 ve \u015fiddet g\u00f6rmemesinin kendilerini mutlu etti\u011fini ifade eden Demir, Ba\u015fkan Se\u00e7er&#8217;in hayvanseverlerin fikirlerine \u00f6nem verdi\u011fini kaydetti. Demir, Mersin B\u00fcy\u00fck\u015fehir Belediyesi&#8217;nin hayvan bak\u0131mevlerinin herkese a\u00e7\u0131k olmas\u0131n\u0131n da ayr\u0131ca \u00f6nemli oldu\u011funa vurgu yaparak, T\u00fcrkiye&#8217;ye \u00f6rnek olacak bu proje i\u00e7in te\u015fekk\u00fcrlerini iletti.<\/p>\n\n\n\n<p>Programda ayr\u0131ca; Mersin Veteriner Hekimler Odas\u0131 Ba\u015fkan\u0131 Bekta\u015f \u015eenay da bir konu\u015fma yapt\u0131. Konu\u015fmalar\u0131n ard\u0131ndan Ba\u015fkan Se\u00e7er, protokol \u00fcyeleri ve hayvanseverler taraf\u0131ndan&nbsp;<strong><em>&#8216;Patik\u00f6y Do\u011fal Ya\u015fam Alan\u0131 ve Sahiplendirme Merkezi&#8217;<\/em><\/strong>nin a\u00e7\u0131l\u0131\u015f\u0131 ger\u00e7ekle\u015ftirildi. Daha sonras\u0131nda ise Se\u00e7er, protokol \u00fcyeleri ve hayvanseverler taraf\u0131ndan merkez gezildi.<\/p>\n\n\n\n<p><strong>&#8216;Patik\u00f6y Do\u011fal Ya\u015fam Alan\u0131&#8217; hakk\u0131nda&#8230;<\/strong><\/p>\n\n\n\n<p><strong><em>&#8216;Patik\u00f6y Do\u011fal Ya\u015fam Alan\u0131 ve Sahiplendirme Merkezi&#8217;<\/em><\/strong>, Toroslar \u0130l\u00e7esi \u00c7aml\u0131dere Mahallesi G\u00f6zne Yolu \u00fczerinde yer alan Mersin B\u00fcy\u00fck\u015fehir Belediyesi Ka\u015fl\u0131 Hayvan Bak\u0131mevi ve Do\u011fal Ya\u015fam Alan\u0131 i\u00e7erinde yer al\u0131yor.&nbsp;<strong><em>&#8216;Patik\u00f6y Do\u011fal Ya\u015fam Alan\u0131&#8217;<\/em><\/strong>, Ka\u015fl\u0131 Hayvan Bak\u0131mevi ve Do\u011fal Ya\u015fam Alan\u0131&#8217;nda 30 d\u00f6n\u00fcm \u00fczerine 3 bin hayvan kapasiteli alana kuruldu. K\u00f6pekler; \u0131rk, miza\u00e7 ve b\u00fcy\u00fckl\u00fc\u011fe g\u00f6re 8 b\u00f6l\u00fcme ayr\u0131l\u0131rken, her b\u00f6l\u00fcm 2.60 m y\u00fcksekli\u011finde panel \u00e7it ile \u00e7evrildi. Otomatik yemlik ve suluklarla s\u00fcrekli mama ve temiz su sa\u011flan\u0131yor. Her b\u00f6l\u00fcmde serinlemeye y\u00f6nelik havuzlar in\u015fa edildi. K\u00f6pekler rehabilitasyon i\u015flemleri tamamland\u0131ktan sonra alana al\u0131n\u0131yor. Patik\u00f6y Do\u011fal Ya\u015fam Alan\u0131&#8217;nda \u015fu anda 695 k\u00f6pek ya\u015f\u0131yor.<\/p>\n","protected":false},"excerpt":{"rendered":"<p>Her canl\u0131n\u0131n ya\u015fam hakk\u0131n\u0131 g\u00f6zeten bir belediyecilik anlay\u0131\u015f\u0131yla \u00e7al\u0131\u015fmalar y\u00fcr\u00fcten Mersin B\u00fcy\u00fck\u015fehir Belediyesi taraf\u0131ndan&nbsp;&#8216;Patik\u00f6y Do\u011fal Ya\u015fam Alan\u0131 ve Sahiplendirme Merkezi&#8217;&nbsp;a\u00e7\u0131ld\u0131.&nbsp;Mersin B\u00fcy\u00fck\u015fehir Belediye Ba\u015fkan\u0131 Vahap Se\u00e7er ve hayvanseverler taraf\u0131ndan a\u00e7\u0131l\u0131\u015f\u0131 ger\u00e7ekle\u015ftirilen Patik\u00f6y Do\u011fal Ya\u015fam Alan\u0131 ve Sahiplendirme Merkezi; sahipsiz hayvanlara g\u00fcvenli, sa\u011fl\u0131kl\u0131 ve do\u011fal bir ya\u015fam alan\u0131 sunmak i\u00e7in kurulan \u00f6rnek bir merkez durumunda. Patili dostlara [&hellip;]<\/p>\n","protected":false},"author":2,"featured_media":42387,"comment_status":"closed","ping_status":"closed","sticky":false,"template":"","format":"standard","meta":{"footnotes":""},"categories":[3],"tags":[],"class_list":["post-42386","post","type-post","status-publish","format-standard","has-post-thumbnail","hentry","category-manset"],"views":9,"_links":{"self":[{"href":"https:\/\/mersinkadingazetesi.com\/index.php?rest_route=\/wp\/v2\/posts\/42386"}],"collection":[{"href":"https:\/\/mersinkadingazetesi.com\/index.php?rest_route=\/wp\/v2\/posts"}],"about":[{"href":"https:\/\/mersinkadingazetesi.com\/index.php?rest_route=\/wp\/v2\/types\/post"}],"author":[{"embeddable":true,"href":"https:\/\/mersinkadingazetesi.com\/index.php?rest_route=\/wp\/v2\/users\/2"}],"replies":[{"embeddable":true,"href":"https:\/\/mersinkadingazetesi.com\/index.php?rest_route=%2Fwp%2Fv2%2Fcomments&post=42386"}],"version-history":[{"count":1,"href":"https:\/\/mersinkadingazetesi.com\/index.php?rest_route=\/wp\/v2\/posts\/42386\/revisions"}],"predecessor-version":[{"id":42388,"href":"https:\/\/mersinkadingazetesi.com\/index.php?rest_route=\/wp\/v2\/posts\/42386\/revisions\/42388"}],"wp:featuredmedia":[{"embeddable":true,"href":"https:\/\/mersinkadingazetesi.com\/index.php?rest_route=\/wp\/v2\/media\/42387"}],"wp:attachment":[{"href":"https:\/\/mersinkadingazetesi.com\/index.php?rest_route=%2Fwp%2Fv2%2Fmedia&parent=42386"}],"wp:term":[{"taxonomy":"category","embeddable":true,"href":"https:\/\/mersinkadingazetesi.com\/index.php?rest_route=%2Fwp%2Fv2%2Fcategories&post=42386"},{"taxonomy":"post_tag","embeddable":true,"href":"https:\/\/mersinkadingazetesi.com\/index.php?rest_route=%2Fwp%2Fv2%2Ftags&post=42386"}],"curies":[{"name":"wp","href":"https:\/\/api.w.org\/{rel}","templated":true}]}}