{"id":42398,"date":"2025-05-09T09:38:09","date_gmt":"2025-05-09T06:38:09","guid":{"rendered":"https:\/\/mersinkadingazetesi.com\/?p=42398"},"modified":"2025-05-09T09:38:10","modified_gmt":"2025-05-09T06:38:10","slug":"tupras-iscisinin-direnisini-tbmmye-tasidi-iscilere-dayatilan-sefalet-zammi-kabul-edilemez","status":"publish","type":"post","link":"https:\/\/mersinkadingazetesi.com\/?p=42398","title":{"rendered":"T\u00dcPRA\u015e \u0130\u015f\u00e7isinin Direni\u015fini TBMM\u2019ye Ta\u015f\u0131d\u0131: \u0130\u015f\u00e7ilere Dayat\u0131lan Sefalet Zamm\u0131 Kabul Edilemez"},"content":{"rendered":"\n<p>DEM Parti Mersin Milletvekili Perihan KOCA TBMM genel kurulunda yapt\u0131\u011f\u0131 konu\u015fmay\u0131 T\u00dcPRA\u015e i\u015f\u00e7ilerinin toplu s\u00f6zle\u015fme eylemlerine ay\u0131rd\u0131. T\u00dcPRA\u015e i\u015f\u00e7ilerini temsil eden Petrol-\u0130\u015f sendikas\u0131 ile T\u00dcPRA\u015e aras\u0131nda imzalanan toplu s\u00f6zle\u015fmenin i\u00e7eri\u011fi T\u00dcPRA\u015e rafinerilerinde \u00e7al\u0131\u015fan i\u015f\u00e7ileri soka\u011fa d\u00f6kt\u00fc. S\u00f6zle\u015fmenin sefalet s\u00f6zle\u015fmesi oldu\u011funu belirten i\u015f\u00e7iler \u00e7e\u015fitli eylemlerle tepkilerini dile getirdi.<\/p>\n\n\n\n<p>Konu ile ilgili konu\u015fan Perihan Koca konu\u015fmas\u0131nda \u015fu ifadelere yer verdi:<\/p>\n\n\n\n<p><em>De\u011ferli arkada\u015flar, d\u00fcnyan\u0131n en b\u00fcy\u00fck yalanlar\u0131 listesine ilk s\u0131radan girecek bir patron d\u00fczeni yalan\u0131 vard\u0131r, hepiniz bilirsiniz. \u0130\u015f\u00e7iyi cay\u0131r cay\u0131r cehennem ate\u015finde yakan<br><br>her k\u00e2rl\u0131 \u015firket cebini doldururken asl\u0131nda bu kli\u015fe yalana sar\u0131l\u0131r ve derler ki: &#8220;Biz bir aileyiz.&#8221; Ama i\u015f\u00e7iler &#8220;Biz bir aileyiz.&#8221; martaval\u0131n\u0131n ne anlama geldi\u011fini ya\u015fam ko\u015fullar\u0131ndan, \u00e7al\u0131\u015fma ko\u015fullar\u0131ndan, i\u015f ve ekmek m\u00fccadelelerinden \u00e7ok iyi bilirler. Sermayenin, patronunun ve i\u015f birlik\u00e7i iktidar\u0131n \u00e7\u00fcnk\u00fc tek bir ailesi vard\u0131r; kendi mutlu zengin az\u0131nl\u0131\u011f\u0131, kendi \u015f\u00fcrek\u00e2s\u0131. Bunun d\u0131\u015f\u0131nda gerisi ne yaz\u0131k ki laf\u00fcg\u00fczaft\u0131r.&nbsp;<\/em><\/p>\n\n\n\n<p><em>Biliyoruz ki i\u015f\u00e7i havzalar\u0131n\u0131n bir\u00e7ok b\u00f6lgesine yay\u0131lan eylemler grev yasaklamalar\u0131yla, polis bask\u0131lar\u0131yla, i\u015f birlik\u00e7i sendika oyunlar\u0131yla s\u00f6nd\u00fcr\u00fclmeye, bitirilmeye \u00e7al\u0131\u015f\u0131l\u0131yor. D\u00fcn bunlar\u0131n hepsini ayn\u0131 anda T\u00dcPRA\u015e s\u00f6zle\u015fmesinde hepimizin g\u00f6zleri \u00f6n\u00fcnde bir kez daha g\u00f6rm\u00fc\u015f olduk. \u0130\u015f\u00e7i s\u0131n\u0131f\u0131n\u0131n \u00f6fkesini dizginlemek i\u00e7in i\u015f birlik\u00e7i sendika gizli kapakl\u0131 i\u015fler \u00e7evirerek ilk alt\u0131 ay i\u00e7in y\u00fczde 35, ikinci alt\u0131 ay i\u00e7in y\u00fczde 24&#8217;l\u00fck zamm\u0131 i\u00e7eren teklifi imzalay\u0131verdi ve i\u015f\u00e7ilerin k\u0131dem fark\u0131 d\u00e2hil hi\u00e7bir talepleri yoktu. Bu sat\u0131\u015f s\u00f6zle\u015fmesinin imzalanmas\u0131n\u0131n ard\u0131ndan ise bir kez daha talimatlar verildi ve i\u015f\u00e7ilere polisle, kolluk g\u00fcc\u00fcyle, biber gaz\u0131yla sald\u0131r\u0131ld\u0131.&nbsp;<\/em><\/p>\n\n\n\n<p><em>Biz buradan bir kez daha ifade edelim, i\u015f\u00e7ilere dayat\u0131lan sefalet zamm\u0131n\u0131 kabul etmiyoruz. T\u00dcPRA\u015e i\u015f\u00e7isinin hakl\u0131 m\u00fccadelesi \u015fiddetle, sar\u0131 sendika oyunlar\u0131yla karalanamaz. \u0130\u015f\u00e7ilerin talepleri nettir, i\u015f\u00e7ilerin talepleri bellidir; y\u00fczde 85 zam, iki y\u0131ll\u0131k s\u00f6zle\u015fme talepleri derh\u00e2l kar\u015f\u0131lanmal\u0131d\u0131r.<\/em><\/p>\n","protected":false},"excerpt":{"rendered":"<p>DEM Parti Mersin Milletvekili Perihan KOCA TBMM genel kurulunda yapt\u0131\u011f\u0131 konu\u015fmay\u0131 T\u00dcPRA\u015e i\u015f\u00e7ilerinin toplu s\u00f6zle\u015fme eylemlerine ay\u0131rd\u0131. T\u00dcPRA\u015e i\u015f\u00e7ilerini temsil eden Petrol-\u0130\u015f sendikas\u0131 ile T\u00dcPRA\u015e aras\u0131nda imzalanan toplu s\u00f6zle\u015fmenin i\u00e7eri\u011fi T\u00dcPRA\u015e rafinerilerinde \u00e7al\u0131\u015fan i\u015f\u00e7ileri soka\u011fa d\u00f6kt\u00fc. S\u00f6zle\u015fmenin sefalet s\u00f6zle\u015fmesi oldu\u011funu belirten i\u015f\u00e7iler \u00e7e\u015fitli eylemlerle tepkilerini dile getirdi. Konu ile ilgili konu\u015fan Perihan Koca konu\u015fmas\u0131nda \u015fu [&hellip;]<\/p>\n","protected":false},"author":2,"featured_media":42353,"comment_status":"closed","ping_status":"closed","sticky":false,"template":"","format":"standard","meta":{"footnotes":""},"categories":[3],"tags":[],"class_list":["post-42398","post","type-post","status-publish","format-standard","has-post-thumbnail","hentry","category-manset"],"views":8,"_links":{"self":[{"href":"https:\/\/mersinkadingazetesi.com\/index.php?rest_route=\/wp\/v2\/posts\/42398"}],"collection":[{"href":"https:\/\/mersinkadingazetesi.com\/index.php?rest_route=\/wp\/v2\/posts"}],"about":[{"href":"https:\/\/mersinkadingazetesi.com\/index.php?rest_route=\/wp\/v2\/types\/post"}],"author":[{"embeddable":true,"href":"https:\/\/mersinkadingazetesi.com\/index.php?rest_route=\/wp\/v2\/users\/2"}],"replies":[{"embeddable":true,"href":"https:\/\/mersinkadingazetesi.com\/index.php?rest_route=%2Fwp%2Fv2%2Fcomments&post=42398"}],"version-history":[{"count":1,"href":"https:\/\/mersinkadingazetesi.com\/index.php?rest_route=\/wp\/v2\/posts\/42398\/revisions"}],"predecessor-version":[{"id":42399,"href":"https:\/\/mersinkadingazetesi.com\/index.php?rest_route=\/wp\/v2\/posts\/42398\/revisions\/42399"}],"wp:featuredmedia":[{"embeddable":true,"href":"https:\/\/mersinkadingazetesi.com\/index.php?rest_route=\/wp\/v2\/media\/42353"}],"wp:attachment":[{"href":"https:\/\/mersinkadingazetesi.com\/index.php?rest_route=%2Fwp%2Fv2%2Fmedia&parent=42398"}],"wp:term":[{"taxonomy":"category","embeddable":true,"href":"https:\/\/mersinkadingazetesi.com\/index.php?rest_route=%2Fwp%2Fv2%2Fcategories&post=42398"},{"taxonomy":"post_tag","embeddable":true,"href":"https:\/\/mersinkadingazetesi.com\/index.php?rest_route=%2Fwp%2Fv2%2Ftags&post=42398"}],"curies":[{"name":"wp","href":"https:\/\/api.w.org\/{rel}","templated":true}]}}