{"id":42420,"date":"2025-05-09T13:24:50","date_gmt":"2025-05-09T10:24:50","guid":{"rendered":"https:\/\/mersinkadingazetesi.com\/?p=42420"},"modified":"2025-05-09T13:24:51","modified_gmt":"2025-05-09T10:24:51","slug":"baskan-secer-minikler-ve-aileleri-ile-serginin-acilisini-yapti","status":"publish","type":"post","link":"https:\/\/mersinkadingazetesi.com\/?p=42420","title":{"rendered":"BA\u015eKAN SE\u00c7ER, M\u0130N\u0130KLER VE A\u0130LELER\u0130 \u0130LE SERG\u0130&#8217;N\u0130N A\u00c7ILI\u015eINI YAPTI"},"content":{"rendered":"\n<p>Mersin B\u00fcy\u00fck\u015fehir Belediyesi Kad\u0131n ve Aile Hizmetleri Dairesi Ba\u015fkanl\u0131\u011f\u0131&#8217;n\u0131n&nbsp;<strong>&#8216;Anneler G\u00fcn\u00fc&#8217;<\/strong>&nbsp;etkinlikleri kapsam\u0131nda d\u00fczenledi\u011fi ve Mersin B\u00fcy\u00fck\u015fehir Belediyesi \u00c7ocuk Geli\u015fim Merkezleri&#8217;nden faydalanan \u00e7ocuklar\u0131n eserlerinin yer ald\u0131\u011f\u0131&nbsp;<strong>&#8216;T\u00fckenmeyen Sevgiler, D\u00f6n\u00fc\u015fen Eserler Sergisi&#8217;<\/strong>&nbsp;a\u00e7\u0131ld\u0131. Serginin a\u00e7\u0131l\u0131\u015f\u0131n\u0131 Mersin B\u00fcy\u00fck\u015fehir Belediye Ba\u015fkan\u0131 Vahap Se\u00e7er; minikler, aileleri ve \u00f6\u011fretmenler e\u015fli\u011finde ger\u00e7ekle\u015ftirdi. Mersin B\u00fcy\u00fck\u015fehir&#8217;in g\u00fcvenli, sevgi dolu ve geli\u015fimi \u00f6nceleyen \u00c7ocuk Geli\u015fim Merkezleri&#8217;nden faydalanan minikler, eserleri ile adeta harikalar yaratt\u0131. Sergide; M\u00fcnir \u00d6zkul ile Halkkent \u00c7ocuk Geli\u015fim Merkezi&#8217;nden faydalanan yakla\u015f\u0131k 90 \u00f6\u011frencinin 210 eseri yer ald\u0131.<\/p>\n\n\n\n<p>Mersin B\u00fcy\u00fck\u015fehir Belediyesi Hizmet Binas\u0131&#8217;nda yap\u0131lan sergi a\u00e7\u0131l\u0131\u015f\u0131nda; Mersin B\u00fcy\u00fck\u015fehir Belediye Ba\u015fkan\u0131 Vahap Se\u00e7er,&nbsp;B\u00fcy\u00fck\u015fehir Belediyesi b\u00fcrokratlar\u0131, Mersin B\u00fcy\u00fck\u015fehir Belediyesi \u00c7ocuk Geli\u015fim Merkezleri&#8217;nden faydalanan \u00e7ocuklar, aileleri ve \u00f6\u011fretmenler ile B\u00fcy\u00fck\u015fehir Belediyesi personeli yer ald\u0131. Ba\u015fkan Se\u00e7er, \u00e7ocuklar ve aileleri taraf\u0131ndan ne\u015fe ile kar\u015f\u0131land\u0131. \u00c7ocuk Korosu; danslar\u0131 ile birlikte&nbsp;<strong><em>&#8216;Anne&#8217;<\/em><\/strong>&nbsp;\u015fark\u0131lar\u0131n\u0131 seslendirdi ve Ba\u015fkan Se\u00e7er de minikleri b\u00fcy\u00fck bir keyifle dinledi.<\/p>\n\n\n\n<p><strong>Minikler; tarihte yank\u0131 uyand\u0131ran sanat\u00e7\u0131lar\u0131 ve eserlerini canland\u0131rd\u0131<\/strong><\/p>\n\n\n\n<p>Sergide minikler taraf\u0131ndan; Meksikal\u0131 ressam Frida Kahlo, s\u00fcrrealist ressam Salvador Dali, \u0130spanyol ressam, heykelt\u0131ra\u015f, sahne tasar\u0131mc\u0131s\u0131, \u015fair ve oyun yazar\u0131 Pablo Picasso ile Hollandal\u0131 ressam Johannes Vermeer&#8217;in ba\u015fyap\u0131tlar\u0131ndan biri olan \u0130nci K\u00fcpeli K\u0131z da canland\u0131r\u0131ld\u0131.<\/p>\n\n\n\n<p><strong>Miniklerin ortaya \u00e7\u0131kard\u0131\u011f\u0131 harika eserler, B\u00fcy\u00fck\u015fehir&#8217;in Hizmet Binas\u0131&#8217;nda sergileniyor<\/strong><\/p>\n\n\n\n<p>Sergide; B\u00fcy\u00fck\u015fehir&#8217;in \u00c7ocuk Geli\u015fim Merkezleri&#8217;ne devam eden&nbsp;36-66 ay aras\u0131 \u00e7ocuklar\u0131n haz\u0131rlad\u0131\u011f\u0131 eserler yer al\u0131yor. \u00c7ocuk Geli\u015fim Merkezleri ile minikler, kentte aktif olarak sanat \u00e7al\u0131\u015fmalar\u0131na, sergi ve m\u00fczelere g\u00f6t\u00fcr\u00fcl\u00fcrken, \u00e7evre fark\u0131ndal\u0131k bilinci sanatla ba\u011fda\u015ft\u0131r\u0131larak \u00e7al\u0131\u015f\u0131l\u0131yor. \u00c7ocuklar sergide yer alan eserlerinde, \u00f6\u011frendikleri ve tarihte b\u00fcy\u00fck yank\u0131 uyand\u0131ran sanat\u00e7\u0131lara yer verdi. \u00c7ocuklar eserlerinde duygular\u0131n\u0131, ileri d\u00f6n\u00fc\u015f\u00fcm ve s\u00fcrd\u00fcr\u00fclebilirlik d\u00fc\u015f\u00fcncesi ile yans\u0131tt\u0131.&nbsp;B\u00fcy\u00fck\u015fehir, bu merkezler ile sadece bir bak\u0131m hizmeti de\u011fil; \u00e7ocuklar\u0131n geli\u015fimini ve annelerin hayat\u0131n\u0131 da destekleyen b\u00fct\u00fcnl\u00fckl\u00fc bir yap\u0131 kurmu\u015f oldu.&nbsp;B\u00fcy\u00fck\u015fehir&#8217;in \u00c7ocuk Geli\u015fim Merkezleri&#8217;nde minikler;&nbsp;sanatla, do\u011fayla, m\u00fczikle ve bilimle b\u00fcy\u00fcyor. B\u00fcy\u00fck\u015fehir bu kenti kad\u0131n\u0131 da \u00e7ocu\u011fu da destekleyen bir belediyecilik anlay\u0131\u015f\u0131yla y\u00f6netiyor ve \u00e7ocuklarla birlikte d\u00fc\u015fleyip, kad\u0131nlarla birlikte in\u015fa ediyor.<\/p>\n\n\n\n<p><strong>Se\u00e7er: &#8220;Uygulad\u0131\u011f\u0131m\u0131z projelerle annelere yard\u0131mc\u0131 oluyor, onlar\u0131n y\u00fck\u00fcn\u00fc hafifletiyoruz&#8221;<\/strong><\/p>\n\n\n\n<p><strong><em>&#8216;T\u00fckenmeyen Sevgiler, D\u00f6n\u00fc\u015fen Eserler Sergisi&#8217;<\/em><\/strong>nde \u00e7ocuklarla ve anneleriyle bir araya gelen Ba\u015fkan Se\u00e7er annelere seslenerek;&nbsp;<strong>&#8220;Anneler G\u00fcn\u00fc&#8217;n\u00fcz kutlu olsun. Annelerimiz iyi ki varlar. Onlar bizler i\u00e7in \u00e7ok de\u011ferli ve bizim her \u015feyimiz. Annelerimiz, evimizin bereketi ve mutlulu\u011fu. Ailelerimiz huzur i\u00e7erisinde olsun. Dualar\u0131m\u0131z ve \u00e7al\u0131\u015fmalar\u0131m\u0131z da bu y\u00f6nde. Bu nedenle ben ve \u00e7al\u0131\u015fma arkada\u015flar\u0131m uygulad\u0131\u011f\u0131m\u0131z projelerle annelerimize yard\u0131mc\u0131 olmaya, onlar\u0131n y\u00fck\u00fcn\u00fc hafifletmeye \u00e7al\u0131\u015f\u0131yoruz&#8221;&nbsp;<\/strong>dedi.<\/p>\n\n\n\n<p>B\u00fcy\u00fck\u015fehir&#8217;in \u00c7ocuk Geli\u015fim Merkezleri hakk\u0131nda ailelerden olumlu d\u00f6n\u00fc\u015f ald\u0131k\u00e7a \u00e7ok mutlu oldu\u011funu ifade eden Se\u00e7er,<strong>&nbsp;&#8220;\u00d6\u011fretmenlerimizden memnunuz ve herkes de memnun. \u00c7ar\u015f\u0131da, sokakta gezdi\u011fimde sohbet etti\u011fim insanlardan \u00e7ocuklar\u0131 \u00c7ocuk Geli\u015fim Merkezlerimize ya da Kurs Merkezlerimize gidenler oldu\u011funda onlara ilk olarak;&nbsp;<em>&#8216;\u00d6\u011fretmenlerimizden memnun musunuz?&#8217;<\/em>&nbsp;diye soruyorum. Vatanda\u015flar memnuniyet duyunca ben de gururlan\u0131yor ve \u00e7ok mutlu oluyorum. \u00c7ocuklar\u0131m\u0131za verdikleri katk\u0131lardan dolay\u0131 \u00f6\u011fretmenlerimize te\u015fekk\u00fcr ediyoruz. Annelerimizi \u00e7ok seviyoruz&#8221;&nbsp;<\/strong>diye konu\u015ftu.Se\u00e7er, konu\u015fmas\u0131n\u0131n ard\u0131ndan sergiyi miniklerle birlikte el ele gezdi.<\/p>\n\n\n\n<p><strong>Se\u00e7er, gen\u00e7 piyanist G\u00fcndo\u011fdu&#8217;yu ilgiyle dinledi<\/strong><\/p>\n\n\n\n<p>Konu\u015fmalar\u0131n ard\u0131ndan sergi;&nbsp;B\u00fcy\u00fck\u015fehir Belediyesi Kent Orkestras\u0131&#8217;nda g\u00f6rev yapan gen\u00e7 piyanist Cem G\u00f6rkem G\u00fcndo\u011fdu&#8217;nun piyano dinletisi e\u015fli\u011finde gezildi. Ba\u015fkan Se\u00e7er, gen\u00e7 piyanist G\u00fcndo\u011fdu taraf\u0131ndan \u00e7al\u0131nan muhte\u015fem eserleri ilgiyle dinledi. Program; Se\u00e7er&#8217;in \u00e7ocuklar ve aileleri ile foto\u011fraf \u00e7ektirmesinin ard\u0131ndan sona erdi.<\/p>\n\n\n\n<p><strong>Anneler, \u00e7ocuklar\u0131n\u0131 duygu dolu g\u00f6zlerle izledi&#8230;<\/strong><\/p>\n\n\n\n<p>Etkinli\u011fin \u00e7ok g\u00fczel oldu\u011funu belirterek, emek verenlere te\u015fekk\u00fcr eden anne Merve \u00c7al\u0131k,&nbsp;<strong>&#8220;Ba\u015fkan\u0131m\u0131za \u00e7ok te\u015fekk\u00fcr ederiz. Bizim i\u00e7in \u00e7ok g\u00fczel bir etkinlikti. Biz e\u011fitimlerden ve \u00f6\u011fretmenlerden \u00e7ok memnunuz. \u00c7ocu\u011fum da bug\u00fcn Picasso oldu<\/strong>&#8221; dedi. 5 ya\u015f\u0131ndaki \u00e7ocu\u011funun \u00e7izdi\u011fi resminin sergilenmesinden memnun oldu\u011funu ifade eden \u00c7al\u0131k,&nbsp;<strong>&#8220;\u00d6\u011fretmenlerimiz, \u00e7ocuklar\u0131m\u0131z\u0131n geli\u015fimlerine yard\u0131mc\u0131 olduklar\u0131 i\u00e7in bu \u00fcr\u00fcnler ortaya \u00e7\u0131kt\u0131 ve ben \u00e7ok mutluyum&#8221;&nbsp;<\/strong>s\u00f6zlerine yer verdi. Picasso&#8217;yu canland\u0131ran \u00c7\u0131nar \u00c7al\u0131k ise annesinin Anneler G\u00fcn\u00fc&#8217;n\u00fc kutlad\u0131. \u00c7ocuklar\u0131 kalpten ve mutlulukla izlediklerini s\u00f6yleyen anne Nazmiye Akkaya,&nbsp;<strong>&#8220;Her \u015fey \u00e7ok g\u00fczeldi. \u00c7ocuklar\u0131m\u0131z\u0131n yapt\u0131\u011f\u0131 etkinlikleri g\u00f6rd\u00fck, piyano e\u015fli\u011finde sergiyi gezdik. Duygusal bir ortamd\u0131. O\u011flumun bana yapt\u0131\u011f\u0131 her \u015feyi kalpten dinledim ve izledim&#8221;<\/strong>&nbsp;diyerek, emek veren herkese te\u015fekk\u00fcr etti.<\/p>\n\n\n\n<p><strong>\u00c7ocuklar, annelerine olan sevgilerini eserleriyle ve danslar\u0131yla g\u00f6sterdi<\/strong><\/p>\n\n\n\n<p>\u00c7ocu\u011fu, M\u00fcnir \u00d6zkul \u00c7ocuk Geli\u015fim Merkezi&#8217;ne giden anne Esma \u00d6cal da,&nbsp;<strong>&#8220;\u00c7ocuklar\u0131m\u0131z\u0131n ve \u00f6\u011fretmenlerimizin ortaya \u00e7\u0131kard\u0131\u011f\u0131 emekleri g\u00f6rd\u00fck. Her \u015fey \u00e7ok g\u00fczeldi. \u00c7ocuk Geli\u015fim Merkezi o\u011flumun ikinci evi gibi. Gayet mutluyuz ve huzurluyuz&#8221;<\/strong>&nbsp;dedi. O\u011flu Ali Burak \u00d6cal ise \u015fark\u0131lar s\u00f6ylediklerini ve dans ettiklerini belirterek,&nbsp;<strong>&#8220;Annemi \u00e7ok seviyorum&#8221;<\/strong>&nbsp;dedi.<\/p>\n\n\n\n<p>Hollandal\u0131 ressam Johannes Vermeer&#8217;in ba\u015fyap\u0131tlar\u0131ndan \u0130nci K\u00fcpeli K\u0131z&#8217;\u0131 canland\u0131ran Alya Dalg\u0131\u00e7,&nbsp;<strong>&#8220;Burada dans ettik, sergiyi gezdik. Eserlerimi can\u0131m annem i\u00e7in yapt\u0131m. Hayalim \u0130nci K\u00fcpeli K\u0131z olmakt\u0131 ve b\u00fct\u00fcn k\u0131z \u00e7ocuklar\u0131n\u0131n \u00f6zg\u00fcrce oyun oynamas\u0131n\u0131 istiyorum&#8221;<\/strong>&nbsp;ifadelerini kulland\u0131.&nbsp;&nbsp;S\u00fcrrealist ressam Salvador Dali&#8217;yi canland\u0131ran Demir Alp, dans edip sergiyi gezdi\u011fini belirterek,&nbsp;<strong>&#8220;Annemi \u00e7ok seviyorum&#8221;<\/strong>&nbsp;dedi. Meksikal\u0131 ressam Frida Kahlo&#8217;yu canland\u0131ran Hazal Karda\u015f da dans g\u00f6sterisi yapt\u0131klar\u0131n\u0131 belirterek annesine;&nbsp;<strong>&#8220;Annecim, seni \u00e7ok seviyorum&#8221;<\/strong>&nbsp;diye seslendi.<\/p>\n\n\n\n<p>Sergi, 16 May\u0131s Cuma g\u00fcn\u00fcne kadar 1 hafta boyunca Mersin B\u00fcy\u00fck\u015fehir Belediyesi Hizmet Binas\u0131&#8217;nda ziyaret\u00e7ilere a\u00e7\u0131k olacak.<\/p>\n","protected":false},"excerpt":{"rendered":"<p>Mersin B\u00fcy\u00fck\u015fehir Belediyesi Kad\u0131n ve Aile Hizmetleri Dairesi Ba\u015fkanl\u0131\u011f\u0131&#8217;n\u0131n&nbsp;&#8216;Anneler G\u00fcn\u00fc&#8217;&nbsp;etkinlikleri kapsam\u0131nda d\u00fczenledi\u011fi ve Mersin B\u00fcy\u00fck\u015fehir Belediyesi \u00c7ocuk Geli\u015fim Merkezleri&#8217;nden faydalanan \u00e7ocuklar\u0131n eserlerinin yer ald\u0131\u011f\u0131&nbsp;&#8216;T\u00fckenmeyen Sevgiler, D\u00f6n\u00fc\u015fen Eserler Sergisi&#8217;&nbsp;a\u00e7\u0131ld\u0131. Serginin a\u00e7\u0131l\u0131\u015f\u0131n\u0131 Mersin B\u00fcy\u00fck\u015fehir Belediye Ba\u015fkan\u0131 Vahap Se\u00e7er; minikler, aileleri ve \u00f6\u011fretmenler e\u015fli\u011finde ger\u00e7ekle\u015ftirdi. Mersin B\u00fcy\u00fck\u015fehir&#8217;in g\u00fcvenli, sevgi dolu ve geli\u015fimi \u00f6nceleyen \u00c7ocuk Geli\u015fim Merkezleri&#8217;nden faydalanan minikler, [&hellip;]<\/p>\n","protected":false},"author":2,"featured_media":42421,"comment_status":"closed","ping_status":"closed","sticky":false,"template":"","format":"standard","meta":{"footnotes":""},"categories":[3],"tags":[],"class_list":["post-42420","post","type-post","status-publish","format-standard","has-post-thumbnail","hentry","category-manset"],"views":5,"_links":{"self":[{"href":"https:\/\/mersinkadingazetesi.com\/index.php?rest_route=\/wp\/v2\/posts\/42420"}],"collection":[{"href":"https:\/\/mersinkadingazetesi.com\/index.php?rest_route=\/wp\/v2\/posts"}],"about":[{"href":"https:\/\/mersinkadingazetesi.com\/index.php?rest_route=\/wp\/v2\/types\/post"}],"author":[{"embeddable":true,"href":"https:\/\/mersinkadingazetesi.com\/index.php?rest_route=\/wp\/v2\/users\/2"}],"replies":[{"embeddable":true,"href":"https:\/\/mersinkadingazetesi.com\/index.php?rest_route=%2Fwp%2Fv2%2Fcomments&post=42420"}],"version-history":[{"count":1,"href":"https:\/\/mersinkadingazetesi.com\/index.php?rest_route=\/wp\/v2\/posts\/42420\/revisions"}],"predecessor-version":[{"id":42422,"href":"https:\/\/mersinkadingazetesi.com\/index.php?rest_route=\/wp\/v2\/posts\/42420\/revisions\/42422"}],"wp:featuredmedia":[{"embeddable":true,"href":"https:\/\/mersinkadingazetesi.com\/index.php?rest_route=\/wp\/v2\/media\/42421"}],"wp:attachment":[{"href":"https:\/\/mersinkadingazetesi.com\/index.php?rest_route=%2Fwp%2Fv2%2Fmedia&parent=42420"}],"wp:term":[{"taxonomy":"category","embeddable":true,"href":"https:\/\/mersinkadingazetesi.com\/index.php?rest_route=%2Fwp%2Fv2%2Fcategories&post=42420"},{"taxonomy":"post_tag","embeddable":true,"href":"https:\/\/mersinkadingazetesi.com\/index.php?rest_route=%2Fwp%2Fv2%2Ftags&post=42420"}],"curies":[{"name":"wp","href":"https:\/\/api.w.org\/{rel}","templated":true}]}}