{"id":42440,"date":"2025-05-11T00:26:09","date_gmt":"2025-05-10T21:26:09","guid":{"rendered":"https:\/\/mersinkadingazetesi.com\/?p=42440"},"modified":"2025-05-11T00:26:10","modified_gmt":"2025-05-10T21:26:10","slug":"anneler-gunu-toroslarda-coskuyla-kutlandi","status":"publish","type":"post","link":"https:\/\/mersinkadingazetesi.com\/?p=42440","title":{"rendered":"ANNELER G\u00dcN\u00dc TOROSLAR&#8217;DA CO\u015eKUYLA KUTLANDI"},"content":{"rendered":"\n<p>Toroslar Belediyesince Anneler G\u00fcn\u00fc dolay\u0131s\u0131yla d\u00fczenlenen etkinlik dolu dolu ge\u00e7ti, her ya\u015ftan, her kesimden kad\u0131nlar ve \u00e7ocuklar g\u00f6n\u00fcllerince e\u011flendi. Etkinli\u011fe kat\u0131lan Toroslar Belediye Ba\u015fkan\u0131 Abdurrahman Y\u0131ld\u0131z, &#8220;Annelerimizi takvimler hat\u0131rlat\u0131yor ama onlar\u0131n sevgisi her g\u00fcn yan\u0131m\u0131zda&#8221; diyerek Anneler G\u00fcn\u00fc&#8217;n\u00fc kutlad\u0131.<\/p>\n\n\n\n<p>Toroslar Belediyesi, Anneler G\u00fcn\u00fc&#8217;n\u00fc rengarenk ve co\u015fku dolu bir etkinlikle kutlad\u0131. 68&#8217;liler Bar\u0131\u015f Orman\u0131&#8217;nda d\u00fczenlenen programa y\u00fczlerce kad\u0131n ve \u00e7ocuk kat\u0131ld\u0131.<\/p>\n\n\n\n<p>Kad\u0131nlar, Anneler G\u00fcn\u00fc&#8217;nde hem piknik yapt\u0131 hem de e\u011flenceli etkinliklerle g\u00fcn\u00fcn tad\u0131n\u0131 \u00e7\u0131kard\u0131. Sabah erken saatlerde ba\u015flay\u0131p ak\u015fama dek s\u00fcren programda, \u00fcretici kad\u0131n stantlar\u0131ndan ritim grubu g\u00f6sterilerine, palya\u00e7olardan y\u00fcz boyama ve sosis balon etkinliklerine kadar pek \u00e7ok renkli aktivite yer ald\u0131.<\/p>\n\n\n\n<p>Anne-\u00e7ocuk bileklik at\u00f6lyesi, G\u00fczel Sanatlar Lisesi \u00f6\u011frencilerinin m\u00fczik dinletisi ve tematik foto\u011fraf panolar\u0131 ile kat\u0131l\u0131mc\u0131lar unutulmaz anlar ya\u015fad\u0131.<\/p>\n\n\n\n<p>Misafirlere Toroslar Belediyesi seras\u0131nda \u00fcretilen \u00e7i\u00e7ek da\u011f\u0131t\u0131ld\u0131. Halat \u00e7ekme yar\u0131\u015f\u0131 ve dart turnuvas\u0131 da b\u00fcy\u00fck ilgi g\u00f6rd\u00fc.<\/p>\n\n\n\n<p>Etkinlikte konu\u015fan Toroslar Belediye Ba\u015fkan\u0131 Abdurrahman Y\u0131ld\u0131z \u015funlar\u0131 s\u00f6yledi:<\/p>\n\n\n\n<p>&#8220;Anneler G\u00fcn\u00fc etkinli\u011fimize ho\u015f geldiniz, sefalar getirdiniz, \u015feref verdiniz. Maalesef bizde hep b\u00f6yle oluyor; k\u0131ymet verdi\u011fimiz \u015feyleri ancak belirli takvim sayfalar\u0131na g\u00f6re anl\u0131yoruz. Oysa her birimiz biliyoruz ki, d\u00fcnyada bizi en \u00e7ok anlayan ki\u015fi bizim annemizdir. \u00c7o\u011fu zaman onlar\u0131n k\u0131ymetini ya kaybetti\u011fimizde ya da \u00e7ok uzak kald\u0131\u011f\u0131m\u0131zda anl\u0131yoruz. Bu \u00e7er\u00e7evede, hepimiz i\u00e7in en k\u0131ymetli olan, k\u0131ymetini bilmesek de mutlaka bir g\u00fcn anlayaca\u011f\u0131m\u0131z t\u00fcm annelerimizin Anneler G\u00fcn\u00fc&#8217;n\u00fc kutluyorum.&#8221;<\/p>\n\n\n\n<p>Etkinliklerde \u00e7ocuklar\u0131yla birlikte doyas\u0131ya e\u011flenen kad\u0131nlar, kendilerine \u00f6zel olarak d\u00fczenlenen bu program i\u00e7in Toroslar Belediye Ba\u015fkan\u0131 Abdurrahman Y\u0131ld\u0131z&#8217;a te\u015fekk\u00fcr etti.<\/p>\n\n\n\n<p>Renkli g\u00f6r\u00fcnt\u00fclere sahne olan kutlama, kat\u0131l\u0131mc\u0131lar\u0131n mutluluk dolu an\u0131lar\u0131yla sona erdi.<\/p>\n","protected":false},"excerpt":{"rendered":"<p>Toroslar Belediyesince Anneler G\u00fcn\u00fc dolay\u0131s\u0131yla d\u00fczenlenen etkinlik dolu dolu ge\u00e7ti, her ya\u015ftan, her kesimden kad\u0131nlar ve \u00e7ocuklar g\u00f6n\u00fcllerince e\u011flendi. Etkinli\u011fe kat\u0131lan Toroslar Belediye Ba\u015fkan\u0131 Abdurrahman Y\u0131ld\u0131z, &#8220;Annelerimizi takvimler hat\u0131rlat\u0131yor ama onlar\u0131n sevgisi her g\u00fcn yan\u0131m\u0131zda&#8221; diyerek Anneler G\u00fcn\u00fc&#8217;n\u00fc kutlad\u0131. Toroslar Belediyesi, Anneler G\u00fcn\u00fc&#8217;n\u00fc rengarenk ve co\u015fku dolu bir etkinlikle kutlad\u0131. 68&#8217;liler Bar\u0131\u015f Orman\u0131&#8217;nda d\u00fczenlenen programa [&hellip;]<\/p>\n","protected":false},"author":2,"featured_media":42441,"comment_status":"closed","ping_status":"closed","sticky":false,"template":"","format":"standard","meta":{"footnotes":""},"categories":[3,5],"tags":[],"class_list":["post-42440","post","type-post","status-publish","format-standard","has-post-thumbnail","hentry","category-manset","category-mersin"],"views":5,"_links":{"self":[{"href":"https:\/\/mersinkadingazetesi.com\/index.php?rest_route=\/wp\/v2\/posts\/42440"}],"collection":[{"href":"https:\/\/mersinkadingazetesi.com\/index.php?rest_route=\/wp\/v2\/posts"}],"about":[{"href":"https:\/\/mersinkadingazetesi.com\/index.php?rest_route=\/wp\/v2\/types\/post"}],"author":[{"embeddable":true,"href":"https:\/\/mersinkadingazetesi.com\/index.php?rest_route=\/wp\/v2\/users\/2"}],"replies":[{"embeddable":true,"href":"https:\/\/mersinkadingazetesi.com\/index.php?rest_route=%2Fwp%2Fv2%2Fcomments&post=42440"}],"version-history":[{"count":1,"href":"https:\/\/mersinkadingazetesi.com\/index.php?rest_route=\/wp\/v2\/posts\/42440\/revisions"}],"predecessor-version":[{"id":42442,"href":"https:\/\/mersinkadingazetesi.com\/index.php?rest_route=\/wp\/v2\/posts\/42440\/revisions\/42442"}],"wp:featuredmedia":[{"embeddable":true,"href":"https:\/\/mersinkadingazetesi.com\/index.php?rest_route=\/wp\/v2\/media\/42441"}],"wp:attachment":[{"href":"https:\/\/mersinkadingazetesi.com\/index.php?rest_route=%2Fwp%2Fv2%2Fmedia&parent=42440"}],"wp:term":[{"taxonomy":"category","embeddable":true,"href":"https:\/\/mersinkadingazetesi.com\/index.php?rest_route=%2Fwp%2Fv2%2Fcategories&post=42440"},{"taxonomy":"post_tag","embeddable":true,"href":"https:\/\/mersinkadingazetesi.com\/index.php?rest_route=%2Fwp%2Fv2%2Ftags&post=42440"}],"curies":[{"name":"wp","href":"https:\/\/api.w.org\/{rel}","templated":true}]}}