{"id":42446,"date":"2025-05-11T10:52:37","date_gmt":"2025-05-11T07:52:37","guid":{"rendered":"https:\/\/mersinkadingazetesi.com\/?p=42446"},"modified":"2025-05-11T10:52:37","modified_gmt":"2025-05-11T07:52:37","slug":"ab-gununde-atik-ozellikleri-mersinde-sanata-donustu","status":"publish","type":"post","link":"https:\/\/mersinkadingazetesi.com\/?p=42446","title":{"rendered":"AB G\u00fcn\u00fcnde &#8216;at\u0131k \u00f6zellikleri&#8217; Mersin&#8217;de sanata d\u00f6n\u00fc\u015ft\u00fc"},"content":{"rendered":"\n<p>Mersin Ticaret ve Sanayi Odas\u0131 Avrupa Birli\u011fi Bilgi Merkezi, 9 May\u0131s Avrupa G\u00fcn\u00fc&#8217;n\u00fc Nevid Kodall\u0131 G\u00fczel Sanatlar Lisesi&#8217;nde d\u00fczenleyen bir dizi etkinli\u011fiyle kutlad\u0131. Mersin \u0130l Milli E\u011fitim Mesleki ve Teknik E\u011fitim \u015eube M\u00fcd\u00fcrl\u00fc\u011f\u00fc i\u015fbirli\u011fi ve Mersin B\u00fcy\u00fck\u015fehir Belediyesi&#8217;nin katk\u0131lar\u0131yla 9 ve 10&#8217;uncu s\u0131n\u0131flara y\u00f6nelik &#8216;S\u00fcrd\u00fcr\u00fclebilirlik Konferans\u0131&#8217; ile at\u0131k ve at\u0131l \u015firketler \u015firketi &#8216;Geri D\u00f6n\u00fc\u015f\u00fcm Sanat At\u00f6lyesi&#8217; d\u00fczenlendi. At\u0131k i\u015flem y\u00f6ntemleri Avrupal\u0131 \u200b\u200bve T\u00fcrk ressamlara ait \u00fcnl\u00fc eserlerden tam olarak al\u0131namad\u0131.&nbsp;<\/p>\n\n\n\n<p>Mesleki ve Teknik Liselerde e\u011fitim g\u00f6renlerle Nevid Kodall\u0131 G\u00fczel Sanatlar Lisesi&#8217;nin ba\u015flang\u0131c\u0131 Mersin B\u00fcy\u00fck\u015fehir Belediyesi \u00c7evre Koruma ve Kontrol Dairesi Ba\u015fkan\u0131 Dr. B\u00fclent Halisdemir taraf\u0131ndan verilen S\u00fcrd\u00fcr\u00fclebilirlik Konferans\u0131 ile ard\u0131ndan Geri D\u00f6n\u00fc\u015f\u00fcm Sanat At\u00f6lyesi&#8217;ne kat\u0131ld\u0131. Etkinlikte at\u0131k ve at\u0131l malzemeleri kullanarak Avrupal\u0131 \u200b\u200bve T\u00fcrk ressamlara ait \u00fcnl\u00fc eserler haz\u0131rland\u0131.\u00a0<br>Konferansta \u00f6zg\u00fcrl\u00fck \u00e7evre bilincinin kazand\u0131r\u0131p s\u0131n\u0131rlar\u0131 s\u0131n\u0131rlar\u0131na mesafe g\u00f6stermenin, gelecek nesiller i\u00e7in dayan\u0131kl\u0131l\u0131\u011f\u0131n korunmas\u0131n\u0131n geni\u015fletilmesinin vurguland\u0131\u011f\u0131n\u0131 vurgulayan Dr. B\u00fclent Halisdemir, aktard\u0131\u011f\u0131 bilgilerle s\u00fcrd\u00fcr\u00fclebilirlik bilgisinin \u00e7o\u011falt\u0131lmas\u0131na katk\u0131 sundu. Konferans sonras\u0131nda s\u00fcrd\u00fcr\u00fclebilirlik ba\u011flant\u0131s\u0131n\u0131n peki\u015ftirilmesi hedefiyle &#8216;Geri D\u00f6n\u00fc\u015f\u00fcm Sanat At\u00f6lyesi&#8217;ne ge\u00e7ildi. \u00d6\u011frencilerin evlerinden ve \u00e7evreden toplad\u0131klar\u0131 kuma\u015f par\u00e7alar\u0131, plastik malzemeler, cd, pipet, tel, kablo, karton, gazete yaz\u0131lar\u0131 gibi \u00e7e\u015fitli malzemeler sanat \u00fcr\u00fcnlerine d\u00f6n\u00fc\u015ft\u00fcr\u00fcld\u00fc.\u00a0<br>\u00d6\u011frencilerin g\u00fcn boyu s\u00fcren etkinlikte Norve\u00e7li Ressam Edvard Much&#8217;un \u00c7\u0131\u011fl\u0131k, \u0130spanyol Ressamlar Salvador Dali&#8217;nin Uyku ve Pablo Picasso&#8217;nun Gitar, Ya\u015fl\u0131 Gitarist ile Guernica, Frans\u0131z Ressam Henri Matise&#8217;nin Madam Matisse, Avusturyal\u0131 Ressamlar Gustav Klimt&#8217;in \u00d6p\u00fcc\u00fck ve Adel Bloch Bauer ile Egon \u015eile&#8217;nin \u00d6l\u00fcm ve K\u0131z, T\u00fcrk Ressam Ne\u015fet G\u00fcnal&#8217;\u0131n K\u00f6yl\u00fc olmak \u00fczere toplam 10 eseri haz\u0131rland\u0131.\u00a0<\/p>\n\n\n\n<p><strong>\u201cAvrupa, 75 ya\u015f\u0131nda\u201d<\/strong><br>Her y\u0131l 9 May\u0131s&#8217;ta Avrupa G\u00fcn\u00fc kapsam\u0131nda Avrupa&#8217;da bar\u0131\u015f ve birlik kutlamaktad\u0131r. T\u00fcrkiye&#8217;de bu y\u0131l Avrupa G\u00fcn\u00fc, May\u0131s ay\u0131 boyunca \u00fclkenin farkl\u0131 k\u00f6\u015felerinde d\u00fczenlenen konserler ve k\u00fclt\u00fcrel etkinlikler kutlan\u0131yor. Bu \u00f6nemli y\u0131ld\u00f6n\u00fcm\u00fcnde, Avrupa Birli\u011fi T\u00fcrkiye Delegasyonu Ba\u015fkan\u0131 B\u00fcy\u00fckel\u00e7i Thomas Ossowski yay\u0131n mesaj\u0131nda \u200b\u200b\u015funu s\u00f6yledi:<br>&#8220;Bundan 75 y\u0131l \u00f6nce, Avrupa bir fikirle do\u011fdu. Ve bu tatilden de\u011fil, yeni bir \u015fey in\u015fa etme cesaretinden do\u011fuyordu. Bar\u0131\u015f\u0131n, ortakl\u0131\u011f\u0131n ve e\u015fit f\u0131rsatlarn h\u00fck\u00fcm s\u00fcresice\u011fi ve sosyal bir Avrupa fikri. Bug\u00fcn bu fikri daha da ba\u015far\u0131l\u0131 oluyoruz. Gelece\u011fi birlikte \u015fekillendiriyoruz. Do\u011fum g\u00fcn\u00fcn kutlu olsun Avrupa!&#8221; &nbsp;&nbsp;<\/p>\n\n\n\n<p><strong>\u00c7ak\u0131r: \u201cAvrupa&#8217;n\u0131n y\u00fccelten de\u011ferleri iyi incelemeli ve uygulamal\u0131y\u0131z\u201d<\/strong><br>AB&#8217;nin 75&#8217;inci y\u0131l\u0131n\u0131 kutlayan Mersin Ticaret ve Sanayi Odas\u0131 (MTSO) Y\u00f6netim Kurulu Ba\u015fkan\u0131 Hakan Sefa \u00c7ak\u0131r ise \u015funu s\u00f6yledi:&nbsp;<br>\u201cR\u00f6nesans ya\u015fayana kadar, y\u0131llar boyunca siyasal, mezhepsel ve ekonomik olarak ekonomik durumda olan bir Avrupa, 20&#8217;inci y\u0131ldaa kadar k\u00fcresel ve zamanla, ortak hareket etme ve bunu y\u00fccelme gayesiyle bir birlik kurdu. Y\u0131llar \u00f6nce farkl\u0131 isimlerle ba\u015flayan bu birlik, sonunda Avrupa Birli\u011fi&#8217;ne d\u00f6n\u00fc\u015ft\u00fc. kadar tam bir ilerleme ortakl\u0131\u011f\u0131 olarak g\u00f6r\u00fcyoruz. Mersin Ticaret ve Sanayi Odas\u0131 olarak t\u00fcm projelerimizde etkin i\u015fbirli\u011fi sergiliyor ve AB Bilgi Merkezimizle bu i\u015fbirli\u011finin etkin \u00e7al\u0131\u015fmas\u0131n\u0131 birlikte y\u00fcr\u00fct\u00fcyoruz. Bu f\u0131rsatla, AB&#8217;nin 75&#8217;inci ya\u015f\u0131n\u0131 kutluyor, T\u00fcrkiye olarak, sadece AB ili\u015fkilerinden tek yard\u0131mlardan faydalanmaya de\u011fil, aksine T\u00fcrkiye olarak, AB&#8217;ye b\u00fcy\u00fck \u015feylere kat\u0131laca\u011f\u0131m\u0131za.\u201d&nbsp;<\/p>\n","protected":false},"excerpt":{"rendered":"<p>Mersin Ticaret ve Sanayi Odas\u0131 Avrupa Birli\u011fi Bilgi Merkezi, 9 May\u0131s Avrupa G\u00fcn\u00fc&#8217;n\u00fc Nevid Kodall\u0131 G\u00fczel Sanatlar Lisesi&#8217;nde d\u00fczenleyen bir dizi etkinli\u011fiyle kutlad\u0131. Mersin \u0130l Milli E\u011fitim Mesleki ve Teknik E\u011fitim \u015eube M\u00fcd\u00fcrl\u00fc\u011f\u00fc i\u015fbirli\u011fi ve Mersin B\u00fcy\u00fck\u015fehir Belediyesi&#8217;nin katk\u0131lar\u0131yla 9 ve 10&#8217;uncu s\u0131n\u0131flara y\u00f6nelik &#8216;S\u00fcrd\u00fcr\u00fclebilirlik Konferans\u0131&#8217; ile at\u0131k ve at\u0131l \u015firketler \u015firketi &#8216;Geri D\u00f6n\u00fc\u015f\u00fcm Sanat [&hellip;]<\/p>\n","protected":false},"author":2,"featured_media":42447,"comment_status":"closed","ping_status":"closed","sticky":false,"template":"","format":"standard","meta":{"footnotes":""},"categories":[3],"tags":[],"class_list":["post-42446","post","type-post","status-publish","format-standard","has-post-thumbnail","hentry","category-manset"],"views":4,"_links":{"self":[{"href":"https:\/\/mersinkadingazetesi.com\/index.php?rest_route=\/wp\/v2\/posts\/42446"}],"collection":[{"href":"https:\/\/mersinkadingazetesi.com\/index.php?rest_route=\/wp\/v2\/posts"}],"about":[{"href":"https:\/\/mersinkadingazetesi.com\/index.php?rest_route=\/wp\/v2\/types\/post"}],"author":[{"embeddable":true,"href":"https:\/\/mersinkadingazetesi.com\/index.php?rest_route=\/wp\/v2\/users\/2"}],"replies":[{"embeddable":true,"href":"https:\/\/mersinkadingazetesi.com\/index.php?rest_route=%2Fwp%2Fv2%2Fcomments&post=42446"}],"version-history":[{"count":1,"href":"https:\/\/mersinkadingazetesi.com\/index.php?rest_route=\/wp\/v2\/posts\/42446\/revisions"}],"predecessor-version":[{"id":42448,"href":"https:\/\/mersinkadingazetesi.com\/index.php?rest_route=\/wp\/v2\/posts\/42446\/revisions\/42448"}],"wp:featuredmedia":[{"embeddable":true,"href":"https:\/\/mersinkadingazetesi.com\/index.php?rest_route=\/wp\/v2\/media\/42447"}],"wp:attachment":[{"href":"https:\/\/mersinkadingazetesi.com\/index.php?rest_route=%2Fwp%2Fv2%2Fmedia&parent=42446"}],"wp:term":[{"taxonomy":"category","embeddable":true,"href":"https:\/\/mersinkadingazetesi.com\/index.php?rest_route=%2Fwp%2Fv2%2Fcategories&post=42446"},{"taxonomy":"post_tag","embeddable":true,"href":"https:\/\/mersinkadingazetesi.com\/index.php?rest_route=%2Fwp%2Fv2%2Ftags&post=42446"}],"curies":[{"name":"wp","href":"https:\/\/api.w.org\/{rel}","templated":true}]}}