{"id":42449,"date":"2025-05-11T10:53:55","date_gmt":"2025-05-11T07:53:55","guid":{"rendered":"https:\/\/mersinkadingazetesi.com\/?p=42449"},"modified":"2025-05-11T10:53:56","modified_gmt":"2025-05-11T07:53:56","slug":"mersin-kuraklik-yonetim-planini-hazirliyor","status":"publish","type":"post","link":"https:\/\/mersinkadingazetesi.com\/?p=42449","title":{"rendered":"Mersin, &#8216;Kurakl\u0131k Y\u00f6netim Plan\u0131n\u0131&#8217; haz\u0131rl\u0131yor"},"content":{"rendered":"\n<p>K\u00fcresel iklimin bozulmas\u0131 son 3 ayda ya\u011f\u0131\u015f miktar\u0131yla ola\u011fan\u00fcst\u00fc kurak b\u00f6lgelerden ayr\u0131lan Mersin; i\u00e7me suyu, y\u00f6netim sulama ve end\u00fcstriyel sulama s\u00fcre\u00e7lerinde sorun ya\u015famamak i\u00e7in kullan\u0131lmaya ba\u015fland\u0131. \u0130lk etapta haz\u0131rlanacak &#8216;Kurakl\u0131k Y\u00f6netim Plan\u0131&#8217; i\u00e7in i\u00e7me suyu, y\u00f6netim y\u00f6netimi ve end\u00fcstriyel su kullan\u0131m alanlar\u0131 ve \u00f6zellikleri saptanarak mevcut durum analizi yap\u0131lmas\u0131 karar\u0131 al\u0131nd\u0131.&nbsp;<\/p>\n\n\n\n<p><img decoding=\"async\" alt=\"\" src=\"https:\/\/www.mtso.org.tr\/etiketIcerikResimler\/1eb4bc56-61cf-46c6-bc47-c70831a0556f.JPG\">Mersin Ticaret ve Sanayi Odas\u0131 (MTSO) Y\u00f6netim Kurulu Ba\u015fkan Yard\u0131mc\u0131s\u0131 Cem Bucuge, Do\u011fu Akdeniz Havza Su Kurulu Toplant\u0131s\u0131&#8217;na kat\u0131ld\u0131. Mersin Ticaret Borsas\u0131 ev sahipli\u011finde Mersin Vali Yard\u0131mc\u0131s\u0131 Dr. Mehmet Ali \u00d6zkan&#8217;\u0131n Tar\u0131m ve Orman Bakanl\u0131\u011f\u0131 Su Y\u00f6netimi Genel M\u00fcd\u00fcrl\u00fc\u011f\u00fc Genel M\u00fcd\u00fcr Yard\u0131mc\u0131s\u0131 Mahir \u00d6zcan&#8217;la birlikte y\u00f6netilen, toplant\u0131da, \u201cMersin \u0130l Su Kurulu Havza \u00d6l\u00e7ekli Y\u00f6netim Planlar\u0131&#8217; ile devam eden &#8216;\u0130klim Kalk\u0131nmas\u0131 ve Su Verimlili\u011fi&#8217; \u00e7al\u0131\u015fmalar\u0131 aktar\u0131ld\u0131&nbsp;<br>. 2024&#8217;te ya\u011f\u0131\u015f\u0131n 550 mm&#8217;de ula\u015ft\u0131\u011f\u0131 ifade edildi.&nbsp;<\/p>\n\n\n\n<p><strong>\u201cSekt\u00f6rler bilin\u00e7lendirilecek\u201d<\/strong><br>Toplant\u0131da iklim de\u011fi\u015fikliklerinin en \u00f6nemli olumsuz etkilerinden biri olan kurakl\u0131\u011fa kar\u015f\u0131 haz\u0131rl\u0131kl\u0131 olunmas\u0131 ve kurakl\u0131k risklerinin olumsuz etkilerinin asgari d\u00fczeyde yurt genelinde indirilmesi amac\u0131yla, &#8216;Kurakl\u0131k Y\u00f6netim Planlar\u0131&#8217;n\u0131n haz\u0131rlanmaya ba\u015flad\u0131\u011f\u0131 bildirildi. Bu planlarda su olaylar\u0131n verimli kullan\u0131lmas\u0131 ve kurakl\u0131\u011fa kar\u015f\u0131 haz\u0131rl\u0131kl\u0131 olunmas\u0131na y\u00f6nelik s\u00fcrecin kapsaml\u0131 bir \u015fekilde aktar\u0131l\u0131p Mersin \u00f6zelinde \u00e7al\u0131\u015fma y\u00fcr\u00fct\u00fcld\u00fc\u011f\u00fc bildirildi.&nbsp;<br>Su kay\u0131plar\u0131n\u0131n \u00f6n\u00fcne ge\u00e7ilmesi, y\u00f6netim sulama ve end\u00fcstriyel su temin edilebilirli\u011finin, bireysel su kullan\u0131m\u0131nda ortaya \u00e7\u0131kman\u0131n \u00f6nemi vurguland\u0131.&nbsp;<br>Bu hedefler \u00e7er\u00e7evesinde, &#8216;Su Verimlili\u011fi Y\u00f6netmeli\u011fi&#8217;ne dikkat edilerek t\u00fcm kurum ve finansal s\u00fcre\u00e7lerin bu y\u00f6netimin \u015fartlar\u0131n\u0131 yerine getirmesi i\u00e7in neler yap\u0131lmas\u0131 gerekti\u011fi ele al\u0131nm\u0131\u015ft\u0131r.&nbsp;<br>Bunun i\u00e7in ilk etapta ba\u015fta tar\u0131m, tekstil, g\u0131da, turizm gibi faaliyetler s\u0131ras\u0131nda su ihtiyac\u0131 y\u00fcksek olan sekt\u00f6rler olmak \u00fczere t\u00fcm sekt\u00f6rlerin su verimlili\u011fine uymalar\u0131 i\u00e7in bilin\u00e7lendirme toplant\u0131lar\u0131 d\u00fczenlenme karar\u0131 al\u0131nd\u0131. Kentin su kaynaklar\u0131n\u0131n uygun sekt\u00f6rel yap\u0131s\u0131n\u0131n do\u011fru yap\u0131lmas\u0131 i\u00e7in \u00f6ncelikle mevcut durum analizi yap\u0131lmas\u0131na karara ba\u011fland\u0131.&nbsp;<\/p>\n\n\n\n<p><strong>MTSO, bilin\u00e7lendirme toplant\u0131lar\u0131na talip oldu<\/strong><br>Kentteki t\u00fcm sekt\u00f6rlerin temsilcilerinin Mersin Ticaret ve Sanayi Odas\u0131&#8217;na \u00fcye oldu\u011funu kaydeden Y\u00f6netim Kurulu Ba\u015fkan Yard\u0131mc\u0131s\u0131 Cem Bucuge&#8217;nin, Oda olarak NACE koduna uygun su rehberlerinde yer alan teknikler hakk\u0131nda sekt\u00f6rel bilin\u00e7lendirme toplant\u0131lar\u0131na talip olmas\u0131 kurul taraf\u0131ndan kabul edildi.&nbsp;<\/p>\n\n\n\n<p><strong>\u201cKent Pamukluk Baraj\u0131&#8217;n\u0131 bekliyor\u201d<\/strong><br>Mersin&#8217;in sorununun \u00e7\u00f6z\u00fcm\u00fc i\u00e7in Pamukluk Baraj\u0131&#8217;n\u0131n \u00f6nemine i\u015faret edildi. Baraj in\u015faat\u0131n\u0131n bitti\u011fi hat\u0131rlat\u0131l\u0131p ar\u0131tma tesisi de tamamlan\u0131p devreye alma halinde \u015fehre verilen fiyatlar\u0131n y\u00fczde 30 azalaca\u011f\u0131na de\u011finilip kentin 30 y\u0131ll\u0131k su ihtiyac\u0131n\u0131n da kar\u015f\u0131lanabilece\u011fi vurguland\u0131.&nbsp;<br>Toplant\u0131da ayr\u0131ca Mersin&#8217;deki \u00fcretim ve yerlerinin mevcut durumu, oranlar\u0131, temizlenmeleri ad\u0131na neler yap\u0131lmas\u0131 gerekti\u011fi konular\u0131 ele al\u0131nd\u0131.&nbsp;<\/p>\n","protected":false},"excerpt":{"rendered":"<p>K\u00fcresel iklimin bozulmas\u0131 son 3 ayda ya\u011f\u0131\u015f miktar\u0131yla ola\u011fan\u00fcst\u00fc kurak b\u00f6lgelerden ayr\u0131lan Mersin; i\u00e7me suyu, y\u00f6netim sulama ve end\u00fcstriyel sulama s\u00fcre\u00e7lerinde sorun ya\u015famamak i\u00e7in kullan\u0131lmaya ba\u015fland\u0131. \u0130lk etapta haz\u0131rlanacak &#8216;Kurakl\u0131k Y\u00f6netim Plan\u0131&#8217; i\u00e7in i\u00e7me suyu, y\u00f6netim y\u00f6netimi ve end\u00fcstriyel su kullan\u0131m alanlar\u0131 ve \u00f6zellikleri saptanarak mevcut durum analizi yap\u0131lmas\u0131 karar\u0131 al\u0131nd\u0131.&nbsp; Mersin Ticaret ve Sanayi [&hellip;]<\/p>\n","protected":false},"author":2,"featured_media":42450,"comment_status":"closed","ping_status":"closed","sticky":false,"template":"","format":"standard","meta":{"footnotes":""},"categories":[3],"tags":[],"class_list":["post-42449","post","type-post","status-publish","format-standard","has-post-thumbnail","hentry","category-manset"],"views":5,"_links":{"self":[{"href":"https:\/\/mersinkadingazetesi.com\/index.php?rest_route=\/wp\/v2\/posts\/42449"}],"collection":[{"href":"https:\/\/mersinkadingazetesi.com\/index.php?rest_route=\/wp\/v2\/posts"}],"about":[{"href":"https:\/\/mersinkadingazetesi.com\/index.php?rest_route=\/wp\/v2\/types\/post"}],"author":[{"embeddable":true,"href":"https:\/\/mersinkadingazetesi.com\/index.php?rest_route=\/wp\/v2\/users\/2"}],"replies":[{"embeddable":true,"href":"https:\/\/mersinkadingazetesi.com\/index.php?rest_route=%2Fwp%2Fv2%2Fcomments&post=42449"}],"version-history":[{"count":1,"href":"https:\/\/mersinkadingazetesi.com\/index.php?rest_route=\/wp\/v2\/posts\/42449\/revisions"}],"predecessor-version":[{"id":42451,"href":"https:\/\/mersinkadingazetesi.com\/index.php?rest_route=\/wp\/v2\/posts\/42449\/revisions\/42451"}],"wp:featuredmedia":[{"embeddable":true,"href":"https:\/\/mersinkadingazetesi.com\/index.php?rest_route=\/wp\/v2\/media\/42450"}],"wp:attachment":[{"href":"https:\/\/mersinkadingazetesi.com\/index.php?rest_route=%2Fwp%2Fv2%2Fmedia&parent=42449"}],"wp:term":[{"taxonomy":"category","embeddable":true,"href":"https:\/\/mersinkadingazetesi.com\/index.php?rest_route=%2Fwp%2Fv2%2Fcategories&post=42449"},{"taxonomy":"post_tag","embeddable":true,"href":"https:\/\/mersinkadingazetesi.com\/index.php?rest_route=%2Fwp%2Fv2%2Ftags&post=42449"}],"curies":[{"name":"wp","href":"https:\/\/api.w.org\/{rel}","templated":true}]}}