{"id":42452,"date":"2025-05-11T10:55:39","date_gmt":"2025-05-11T07:55:39","guid":{"rendered":"https:\/\/mersinkadingazetesi.com\/?p=42452"},"modified":"2025-05-11T10:55:39","modified_gmt":"2025-05-11T07:55:39","slug":"chp-mersin-milletvekili-gulcan-kis-uretici-kadinlarla-anneler-gununu-kutladi","status":"publish","type":"post","link":"https:\/\/mersinkadingazetesi.com\/?p=42452","title":{"rendered":"CHP Mersin Milletvekili G\u00fclcan K\u0131\u015f, \u00dcretici Kad\u0131nlarla Anneler G\u00fcn\u00fc\u2019n\u00fc Kutlad\u0131\u00a0"},"content":{"rendered":"\n<p>CHP Mersin Milletvekili G\u00fclcan K\u0131\u015f, Mezitli il\u00e7esinde kurulan Kad\u0131n \u00dcretici Pazar\u0131&#8217;n\u0131 ziyaret etti. Anneler G\u00fcn\u00fc i\u00e7in ger\u00e7ekle\u015ftirdi\u011fi ziyarette G\u00fclcan K\u0131\u015f, kad\u0131n \u00fcreticilerle tek tek ilgilenerek hem onlar\u0131n g\u00fcn\u00fcn\u00fc kutlad\u0131 hem de el eme\u011fi \u00fcr\u00fcnlerini inceledi.<\/p>\n\n\n\n<p>Ziyaret s\u0131ras\u0131nda pazarda yo\u011fun ilgiyle kar\u015f\u0131lanan G\u00fclcan K\u0131\u015f, kad\u0131nlarla uzun uzun sohbet etti, \u00fcretim s\u00fcre\u00e7lerine dair ya\u015fad\u0131klar\u0131 sorunlar\u0131, beklentileri ve \u00f6nerileri dinledi. Emek\u00e7i kad\u0131nlara \u00e7i\u00e7ek takdim eden G\u00fclcan K\u0131\u015f, bu \u00f6zel g\u00fcnde onlarla bir arada olman\u0131n kendisi i\u00e7in \u00e7ok anlaml\u0131 oldu\u011funu vurgulad\u0131.<\/p>\n\n\n\n<p><strong>CHP&#8217;li G\u00fclcan K\u0131\u015f, yapt\u0131\u011f\u0131 a\u00e7\u0131klamada \u015fu ifadeleri kulland\u0131:<\/strong><\/p>\n\n\n\n<p>&#8220;Her biri al\u0131n teriyle, eme\u011fiyle \u00fcretimin i\u00e7inde yer alan bu kad\u0131nlar yaln\u0131zca evlerine de\u011fil, bu \u00fclkeye de de\u011fer kat\u0131yor. Anneler G\u00fcn\u00fc nedeniyle kendilerine hem bir te\u015fekk\u00fcr hem de bir dayan\u0131\u015fma selam\u0131 vermek istedim. G\u00f6rd\u00fc\u011f\u00fcm\u00fcz tablo umut verici; \u00e7\u00fcnk\u00fc kad\u0131n varsa umut vard\u0131r, \u00fcretim vard\u0131r, dayan\u0131\u015fma vard\u0131r.&#8221;<\/p>\n\n\n\n<p>Kad\u0131nlar\u0131n \u00fcretimde, ekonomide ve toplumsal ya\u015famda daha g\u00f6r\u00fcn\u00fcr olmas\u0131 gerekti\u011fini vurgulayan G\u00fclcan K\u0131\u015f, &#8220;Kad\u0131nlar \u00fcrettik\u00e7e g\u00fc\u00e7lenir, kad\u0131n g\u00fc\u00e7lendik\u00e7e T\u00fcrkiye kazan\u0131r. Bizler, kad\u0131n eme\u011fini b\u00fcy\u00fctmek, kad\u0131nlar\u0131n ya\u015fam\u0131n her alan\u0131nda daha g\u00fc\u00e7l\u00fc yer almas\u0131n\u0131 sa\u011flamak i\u00e7in \u00e7al\u0131\u015fmaya devam edece\u011fiz. Kad\u0131n\u0131n g\u00fcc\u00fc, bu \u00fclkenin gelece\u011fini ayd\u0131nlatacak en \u00f6nemli g\u00fc\u00e7t\u00fcr,&#8221; dedi.<\/p>\n\n\n\n<p>Ziyaret sonunda kad\u0131n \u00fcreticiler de G\u00fclcan K\u0131\u015f&#8217;ate\u015fekk\u00fcr ederek, kendilerine g\u00f6sterilen ilgiden ve verilen destekten dolay\u0131 duyduklar\u0131 memnuniyeti dile getirdiler.<\/p>\n\n\n\n<p>CHP Mersin Milletvekili G\u00fclcan K\u0131\u015f&#8217;\u0131n kad\u0131n \u00fcreticilere y\u00f6nelik bu anlaml\u0131 ziyareti, Mezitli&#8217;de hem \u00fcretici hem de yurtta\u015flar taraf\u0131ndan b\u00fcy\u00fck takdir toplad\u0131.<\/p>\n","protected":false},"excerpt":{"rendered":"<p>CHP Mersin Milletvekili G\u00fclcan K\u0131\u015f, Mezitli il\u00e7esinde kurulan Kad\u0131n \u00dcretici Pazar\u0131&#8217;n\u0131 ziyaret etti. Anneler G\u00fcn\u00fc i\u00e7in ger\u00e7ekle\u015ftirdi\u011fi ziyarette G\u00fclcan K\u0131\u015f, kad\u0131n \u00fcreticilerle tek tek ilgilenerek hem onlar\u0131n g\u00fcn\u00fcn\u00fc kutlad\u0131 hem de el eme\u011fi \u00fcr\u00fcnlerini inceledi. Ziyaret s\u0131ras\u0131nda pazarda yo\u011fun ilgiyle kar\u015f\u0131lanan G\u00fclcan K\u0131\u015f, kad\u0131nlarla uzun uzun sohbet etti, \u00fcretim s\u00fcre\u00e7lerine dair ya\u015fad\u0131klar\u0131 sorunlar\u0131, beklentileri ve [&hellip;]<\/p>\n","protected":false},"author":2,"featured_media":42453,"comment_status":"closed","ping_status":"closed","sticky":false,"template":"","format":"standard","meta":{"footnotes":""},"categories":[3],"tags":[],"class_list":["post-42452","post","type-post","status-publish","format-standard","has-post-thumbnail","hentry","category-manset"],"views":6,"_links":{"self":[{"href":"https:\/\/mersinkadingazetesi.com\/index.php?rest_route=\/wp\/v2\/posts\/42452"}],"collection":[{"href":"https:\/\/mersinkadingazetesi.com\/index.php?rest_route=\/wp\/v2\/posts"}],"about":[{"href":"https:\/\/mersinkadingazetesi.com\/index.php?rest_route=\/wp\/v2\/types\/post"}],"author":[{"embeddable":true,"href":"https:\/\/mersinkadingazetesi.com\/index.php?rest_route=\/wp\/v2\/users\/2"}],"replies":[{"embeddable":true,"href":"https:\/\/mersinkadingazetesi.com\/index.php?rest_route=%2Fwp%2Fv2%2Fcomments&post=42452"}],"version-history":[{"count":1,"href":"https:\/\/mersinkadingazetesi.com\/index.php?rest_route=\/wp\/v2\/posts\/42452\/revisions"}],"predecessor-version":[{"id":42454,"href":"https:\/\/mersinkadingazetesi.com\/index.php?rest_route=\/wp\/v2\/posts\/42452\/revisions\/42454"}],"wp:featuredmedia":[{"embeddable":true,"href":"https:\/\/mersinkadingazetesi.com\/index.php?rest_route=\/wp\/v2\/media\/42453"}],"wp:attachment":[{"href":"https:\/\/mersinkadingazetesi.com\/index.php?rest_route=%2Fwp%2Fv2%2Fmedia&parent=42452"}],"wp:term":[{"taxonomy":"category","embeddable":true,"href":"https:\/\/mersinkadingazetesi.com\/index.php?rest_route=%2Fwp%2Fv2%2Fcategories&post=42452"},{"taxonomy":"post_tag","embeddable":true,"href":"https:\/\/mersinkadingazetesi.com\/index.php?rest_route=%2Fwp%2Fv2%2Ftags&post=42452"}],"curies":[{"name":"wp","href":"https:\/\/api.w.org\/{rel}","templated":true}]}}