{"id":42455,"date":"2025-05-11T10:57:15","date_gmt":"2025-05-11T07:57:15","guid":{"rendered":"https:\/\/mersinkadingazetesi.com\/?p=42455"},"modified":"2025-05-11T10:57:16","modified_gmt":"2025-05-11T07:57:16","slug":"buyuksehir-ozel-bireyleri-birbirinden-renkli-etkinliklerle-bulusturdu","status":"publish","type":"post","link":"https:\/\/mersinkadingazetesi.com\/?p=42455","title":{"rendered":"B\u00dcY\u00dcK\u015eEH\u0130R, \u00d6ZEL B\u0130REYLER\u0130 B\u0130RB\u0130R\u0130NDEN RENKL\u0130 ETK\u0130NL\u0130KLERLE BULU\u015eTURDU"},"content":{"rendered":"\n<p>\u00d6zel gereksinimli bireyleri ya\u015fam\u0131n her alan\u0131nda daha \u00e7ok g\u00f6r\u00fcn\u00fcr k\u0131lmak ve sosyal hayata kat\u0131l\u0131m\u0131n\u0131 art\u0131rmak i\u00e7in \u00e7al\u0131\u015fmalar\u0131n\u0131 s\u00fcrd\u00fcren Mersin B\u00fcy\u00fck\u015fehir Belediyesi, Sa\u011fl\u0131k \u0130\u015fleri Dairesi Ba\u015fkanl\u0131\u011f\u0131 koordinesinde&nbsp;<strong>&#8220;10- 16 May\u0131s Engelliler Haftas\u0131&#8221;<\/strong>&nbsp;dolay\u0131s\u0131yla \u00f6zel gereksinimli \u00e7ocuk ve ailelerinin yer ald\u0131\u011f\u0131 e\u011flenceli etkinlikler d\u00fczenledi. Akdeniz Do\u011fa ve Su Sporlar\u0131 Spor Kul\u00fcb\u00fc (SUP) i\u015f birli\u011finde g\u00fcn\u00fcn erken saatlerinde Fenerbah\u00e7e Meydan\u0131&#8217;nda ba\u015flayan programda g\u00f6n\u00fcll\u00fcler e\u015fli\u011finde can yelekleri giydirilen \u00f6zel gereksinimli bireyler k\u00fcrek s\u00f6rf\u00fc yapt\u0131. Dezavantajl\u0131 mahallelerde ya\u015fayan ve ilk defa k\u00fcrek s\u00f6rf\u00fc ile tan\u0131\u015fan \u00e7ocuklar, Akdeniz&#8217;in mavili\u011finde denize a\u00e7\u0131larak keyifli vakit ge\u00e7irirken, hem unutulmaz bir deneyim ya\u015fad\u0131 hem de g\u00fczel an\u0131lar biriktirdi.<\/p>\n\n\n\n<p>\u0130lerleyen saatlerde ise Engelsiz Ya\u015fam Merkezi ve Engelsiz Ya\u015fam Park\u0131&#8217;ndan faydalanan \u00f6zel gereksinimli birey ve aileleri a\u00e7\u0131k otob\u00fcslerle \u015fehir turu yapt\u0131. \u0130smet \u0130n\u00f6n\u00fc ve Adnan Menderes Bulvar\u0131 boyunca sahil turu yapan aileler, g\u00fczel havan\u0131n ve \u015fehir manzaras\u0131n\u0131n tad\u0131n\u0131 \u00e7\u0131kard\u0131. Etkinlik,&nbsp;&nbsp;B\u00fcy\u00fck\u015fehir Belediyesi Kent Orkestras\u0131&#8217;n\u0131n sahilde verdi\u011fi konserle son buldu. M\u00fczik e\u015fli\u011finde dans edip, \u015fark\u0131lar s\u00f6yleyen \u00f6zel gereksinimli bireyler enerjilerini atarken, aileler de yap\u0131lan etkinlikler sayesinde moral bulduklar\u0131n\u0131 ifade etti.<\/p>\n\n\n\n<p><strong>Gerbo\u011fa: &#8220;Engelliler Haftas\u0131 kapsam\u0131nda bir dizi etkinlik planlad\u0131k&#8221;<\/strong><\/p>\n\n\n\n<p>B\u00fcy\u00fck\u015fehir Belediyesi Sa\u011fl\u0131k \u0130\u015fleri Dairesi Ba\u015fkanl\u0131\u011f\u0131&#8217;nda Engelliler \u015eube M\u00fcd\u00fcr\u00fc Abdullah Gerbo\u011fa,&nbsp;<strong>&#8220;10-16 May\u0131s Engelliler Haftas\u0131&#8221;&nbsp;<\/strong>kapsam\u0131nda bir dizi etkinlik yapmay\u0131 planlad\u0131klar\u0131n\u0131 ve bu anlamda ilk etkinli\u011fi ger\u00e7ekle\u015ftirdiklerini ifade etti. Gerbo\u011fa,<strong>&nbsp;&#8220;Hafta kapsam\u0131nda etkinli\u011fimizle a\u00e7\u0131l\u0131\u015f yapt\u0131k. Sabah erken saatlerde daha k\u00fc\u00e7\u00fck ya\u015f grubu \u00f6zel gereksinimli \u00e7ocuklarla k\u00fcrek s\u00f6rf\u00fc etkinli\u011fimiz oldu. \u00c7ok e\u011flendiler ve onlar i\u00e7in \u00e7ok g\u00fczel bir g\u00fcn oldu. Ard\u0131ndan bir kortej ger\u00e7ekle\u015ftirdik. Kortej bitiminde \u00e7ocuklar konserle birlikte \u00e7ok e\u011flendi.&nbsp;&nbsp;Bu haftay\u0131 onlar i\u00e7in g\u00fczel bir etkinlik dizisi olarak planlad\u0131k. B\u00fcy\u00fck\u015fehir olarak engelli bireylerin her zaman yan\u0131nday\u0131z ve olmaya da devam edece\u011fiz&#8221;&nbsp;<\/strong>\u015feklinde konu\u015ftu.<\/p>\n\n\n\n<p><strong>U\u00e7an: &#8220;Dezavantajl\u0131 mahallelerden gelen \u00e7ocuklar k\u00fcrek s\u00f6rf\u00fc ile tan\u0131\u015ft\u0131&#8221;<\/strong><\/p>\n\n\n\n<p>B\u00fcy\u00fck\u015fehir Belediyesi Sa\u011fl\u0131k \u0130\u015fleri Dairesi Ba\u015fkanl\u0131\u011f\u0131&#8217;nda Beden E\u011fitimi ve Spor \u00d6\u011fretmeni Fatmanur U\u00e7an, Akdeniz SUP i\u015f birli\u011finde ger\u00e7ekle\u015ftirilen k\u00fcrek s\u00f6rf\u00fc etkinli\u011fi hakk\u0131nda bilgi vererek,&nbsp;<strong>&#8220;10-16 May\u0131s Engelliler Haftas\u0131 kapsam\u0131nda \u00e7ok \u00e7e\u015fitli etkinlikler yapmay\u0131 planlad\u0131k. Bu da ilk etkinli\u011fimizdi. Etkinli\u011fimizde yakla\u015f\u0131k 50 \u00e7ocuk k\u00fcrek s\u00f6rf\u00fc ile tan\u0131\u015ft\u0131. Ailelerimizin hepsi dezavantajl\u0131 mahallelerden gelen ailelerimizdi. Ger\u00e7ekten anlaml\u0131 bir etkinlik oldu&#8221;&nbsp;<\/strong>ifadelerini kulland\u0131.<\/p>\n\n\n\n<p><strong>Ar\u0131c\u0131: &#8220;Amac\u0131m\u0131z \u00e7ocuklar\u0131n sosyalle\u015fmesini ve suyla tan\u0131\u015fmas\u0131n\u0131 sa\u011flamakt\u0131&#8221;<\/strong><\/p>\n\n\n\n<p>Akdeniz SUP kurucular\u0131ndan Fuat Ar\u0131c\u0131, organizasyonun bir par\u00e7as\u0131 olmaktan duyduklar\u0131 memnuniyeti ifade ederek,&nbsp;<strong>&#8220;\u00c7ocuklar kadar biz de etkinlikten keyif ald\u0131k. Amac\u0131m\u0131z \u00e7ocuklar\u0131n suyla tan\u0131\u015fmas\u0131n\u0131 ve sosyalle\u015fmesi sa\u011flamakt\u0131. Onlar\u0131n ilk suyla temas an\u0131nda keyifleri bizi de \u00e7ok ne\u015felendirdi. Bizim i\u00e7in gurur verici bir etkinlikti&#8221;&nbsp;<\/strong>dedi.<\/p>\n\n\n\n<p><strong>Akdeniz&#8217;in mavili\u011finde \u00e7ocuklar deniz ve g\u00fcne\u015fin tad\u0131n\u0131 \u00e7\u0131kard\u0131<\/strong><\/p>\n\n\n\n<p>K\u00fcrek s\u00f6rf\u00fc etkinli\u011fine kat\u0131lan velilerden Emine Akar,&nbsp;<strong>&#8220;\u00c7ok g\u00fczeldi ve \u00e7ocuklar\u0131m\u0131z \u00e7ok mutlu oldu. Hem \u00e7ocuklar hem veliler olarak bir araya geliyoruz&#8221;<\/strong>&nbsp;\u015feklinde konu\u015ftu. Ba\u015fka bir veli G\u00f6zde Kaya ise,&nbsp;<strong>&#8220;Denizde \u00e7ocuklar \u00e7ok e\u011flendi. \u00d6nce korktu ama sonradan \u00e7ok sevdi ve mutlu oldu. Arkada\u015flar\u0131yla birlikte kalabal\u0131k yap\u0131nca daha \u00e7ok cesaretlendiler. \u00c7ocu\u011fum mutlu olunca bende \u00e7ok mutlu oldum &#8221;&nbsp;<\/strong>dedi.<\/p>\n\n\n\n<p>Engelsiz Ya\u015fam Merkezi ve Engelsiz Ya\u015fam Park\u0131&#8217;ndan 3 y\u0131ld\u0131r faydalanan veli Ay\u015feg\u00fcl Mercan, B\u00fcy\u00fck\u015fehir&#8217;in her etkinli\u011fine kat\u0131ld\u0131\u011f\u0131n\u0131 anlatarak, &#8220;<strong>Gayet memnunuz. Anla\u015f\u0131lmak g\u00fczel. D\u0131\u015far\u0131da bu etkinliklere kat\u0131lmak istedi\u011fimizde bir\u00e7ok problem ya\u015f\u0131yoruz. Birileri taraf\u0131ndan anla\u015f\u0131ld\u0131\u011f\u0131n\u0131 ve fark edildi\u011fini bilmek \u00e7ok g\u00fczel. Buraya gelen \u00e7ocuklar di\u011fer etkinliklerde kalabal\u0131\u011fa girmekten \u00e7ekinen, g\u00fcr\u00fclt\u00fcden uzak duran \u00e7ocuklar&nbsp;&nbsp;ve normal geli\u015fen \u00e7ocuklar kadar h\u0131zl\u0131 hareket edip anlama yetisine sahip olmad\u0131klar\u0131 i\u00e7in bulunduklar\u0131 ortamda \u00e7i\u00e7ek a\u00e7\u0131yorlar&#8221;&nbsp;<\/strong>dedi.<\/p>\n\n\n\n<p>Denize girmeyi \u00e7ok seven \u00e7ocuklardan Yusuf Sami Tekin,&nbsp;<strong>&#8220;K\u00fcrek \u00e7ektim. Biraz y\u00fczd\u00fcm. Denizi \u00e7ok seviyorum ve yeniden gelmek istiyorum&#8221;<\/strong>&nbsp;diye konu\u015ftu. Ba\u015fka bir \u00e7ocuk Serdar G\u00f6ral da etkinli\u011fi \u00e7ok be\u011fendi\u011fini s\u00f6yleyerek,<strong>&nbsp;&#8220;\u00c7ok sevdim. E\u011flendim ve keyif ald\u0131m. Hava \u00e7ok g\u00fczeldi. Yine gelmek isterim&#8221;&nbsp;<\/strong>dedi.<\/p>\n\n\n\n<p><strong>Etkinlikler, \u00e7ocuklar kadar ailelerini de mutlu etti<\/strong><\/p>\n\n\n\n<p>G\u00fcn boyu s\u00fcren etkinliklere kat\u0131lan Derya Ba\u011fc\u0131,&nbsp;<strong>&#8220;K\u00fcrek \u00e7ektim, g\u00fczeldi. E\u011flenceliydi. \u015eehir turu yapt\u0131k. Unutamayaca\u011f\u0131m bir g\u00fcn oldu&#8221;&nbsp;<\/strong>dedi.<\/p>\n\n\n\n<p>Annesi ile birlikte konseri dinlemeye gelen Al\u0131n Kat\u0131rc\u0131ba\u015f\u0131&nbsp;<strong>&#8220;Konser \u00e7ok iyi ve e\u011flenceliydi&#8221;&nbsp;<\/strong>derken annesi G\u00fcler Kat\u0131rc\u0131ba\u015f\u0131 ise<strong>, &#8220;Benim k\u0131z\u0131m 46 ya\u015f\u0131nda ve ilk defa b\u00f6yle bir etkinli\u011fe kat\u0131ld\u0131. Bir anne olarak d\u00fcnyalar benim oldu. Burada g\u00fczel dostlarla kar\u015f\u0131la\u015ft\u0131k&#8221;&nbsp;<\/strong>ifadelerini kulland\u0131.<\/p>\n\n\n\n<p>Engelsiz Ya\u015fam Merkezi&#8217;nden faydalanan velilerden Serap Kaya&nbsp;<strong>&#8220;Sabah s\u00f6rfe gittik. \u00c7ocuklar denize girdiler. \u015eehir turu yapt\u0131k. \u00c7ocuklar harika bir g\u00fcn ge\u00e7irdi. \u00c7ok da g\u00fczel an\u0131lar biriktirdiler&#8221;&nbsp;<\/strong>\u015feklinde konu\u015ftu.<\/p>\n\n\n\n<p>Fatih Burak Bak\u0131rl\u0131 da, Engelsiz Ya\u015fam Merkezi&#8217;nde karde\u015finin keyifli etkinlikler yapt\u0131\u011f\u0131n\u0131 ve g\u00fczel zaman ge\u00e7irdi\u011fini s\u00f6yleyerek,&nbsp;<strong>&#8220;Engelliler Haftas\u0131 g\u00fczel ve \u00f6rnek al\u0131nmas\u0131 gereken bir hafta. G\u00fczel denizimizde \u00e7ok g\u00fczel bir s\u00f6rf etkinli\u011fi yap\u0131ld\u0131. \u015eehir turu oldu. Herkes de e\u015flik etti. Ard\u0131ndan da konser oldu. \u00c7ocuklar\u0131n zamanlar\u0131n\u0131 \u00e7ok g\u00fczel \u015fekilde ge\u00e7irdi\u011fini d\u00fc\u015f\u00fcn\u00fcyorum&#8221;&nbsp;<\/strong>s\u00f6zlerine yer verdi.<\/p>\n","protected":false},"excerpt":{"rendered":"<p>\u00d6zel gereksinimli bireyleri ya\u015fam\u0131n her alan\u0131nda daha \u00e7ok g\u00f6r\u00fcn\u00fcr k\u0131lmak ve sosyal hayata kat\u0131l\u0131m\u0131n\u0131 art\u0131rmak i\u00e7in \u00e7al\u0131\u015fmalar\u0131n\u0131 s\u00fcrd\u00fcren Mersin B\u00fcy\u00fck\u015fehir Belediyesi, Sa\u011fl\u0131k \u0130\u015fleri Dairesi Ba\u015fkanl\u0131\u011f\u0131 koordinesinde&nbsp;&#8220;10- 16 May\u0131s Engelliler Haftas\u0131&#8221;&nbsp;dolay\u0131s\u0131yla \u00f6zel gereksinimli \u00e7ocuk ve ailelerinin yer ald\u0131\u011f\u0131 e\u011flenceli etkinlikler d\u00fczenledi. Akdeniz Do\u011fa ve Su Sporlar\u0131 Spor Kul\u00fcb\u00fc (SUP) i\u015f birli\u011finde g\u00fcn\u00fcn erken saatlerinde Fenerbah\u00e7e Meydan\u0131&#8217;nda [&hellip;]<\/p>\n","protected":false},"author":2,"featured_media":42456,"comment_status":"closed","ping_status":"closed","sticky":false,"template":"","format":"standard","meta":{"footnotes":""},"categories":[3],"tags":[],"class_list":["post-42455","post","type-post","status-publish","format-standard","has-post-thumbnail","hentry","category-manset"],"views":1,"_links":{"self":[{"href":"https:\/\/mersinkadingazetesi.com\/index.php?rest_route=\/wp\/v2\/posts\/42455"}],"collection":[{"href":"https:\/\/mersinkadingazetesi.com\/index.php?rest_route=\/wp\/v2\/posts"}],"about":[{"href":"https:\/\/mersinkadingazetesi.com\/index.php?rest_route=\/wp\/v2\/types\/post"}],"author":[{"embeddable":true,"href":"https:\/\/mersinkadingazetesi.com\/index.php?rest_route=\/wp\/v2\/users\/2"}],"replies":[{"embeddable":true,"href":"https:\/\/mersinkadingazetesi.com\/index.php?rest_route=%2Fwp%2Fv2%2Fcomments&post=42455"}],"version-history":[{"count":1,"href":"https:\/\/mersinkadingazetesi.com\/index.php?rest_route=\/wp\/v2\/posts\/42455\/revisions"}],"predecessor-version":[{"id":42457,"href":"https:\/\/mersinkadingazetesi.com\/index.php?rest_route=\/wp\/v2\/posts\/42455\/revisions\/42457"}],"wp:featuredmedia":[{"embeddable":true,"href":"https:\/\/mersinkadingazetesi.com\/index.php?rest_route=\/wp\/v2\/media\/42456"}],"wp:attachment":[{"href":"https:\/\/mersinkadingazetesi.com\/index.php?rest_route=%2Fwp%2Fv2%2Fmedia&parent=42455"}],"wp:term":[{"taxonomy":"category","embeddable":true,"href":"https:\/\/mersinkadingazetesi.com\/index.php?rest_route=%2Fwp%2Fv2%2Fcategories&post=42455"},{"taxonomy":"post_tag","embeddable":true,"href":"https:\/\/mersinkadingazetesi.com\/index.php?rest_route=%2Fwp%2Fv2%2Ftags&post=42455"}],"curies":[{"name":"wp","href":"https:\/\/api.w.org\/{rel}","templated":true}]}}