{"id":42458,"date":"2025-05-11T10:58:37","date_gmt":"2025-05-11T07:58:37","guid":{"rendered":"https:\/\/mersinkadingazetesi.com\/?p=42458"},"modified":"2025-05-11T10:58:38","modified_gmt":"2025-05-11T07:58:38","slug":"ticaret-ve-sanat-mtso-catisi-altinda-bulustu","status":"publish","type":"post","link":"https:\/\/mersinkadingazetesi.com\/?p=42458","title":{"rendered":"Ticaret ve sanat MTSO \u00e7at\u0131s\u0131 alt\u0131nda bulu\u015ftu"},"content":{"rendered":"\n<p>MTSO, ticaretin vizyonuyla sanat\u0131n g\u00fcc\u00fcn\u00fc ayn\u0131 etkinlikte bulu\u015fturdu. Macaristan\u2019la ekonomik i\u015f birli\u011fini g\u00fc\u00e7lendirmeyi ama\u00e7layan \u00fclke tan\u0131t\u0131m etkinli\u011fiyle e\u015f zamanl\u0131 d\u00fczenlenen \u2018Mersin \u2013 1914 Fejes\u2019in Objektifinden konulu Foto\u011fraf Sergisi\u2019yle kat\u0131l\u0131mc\u0131lar bir taraftan ekonomik konularda bilgi al\u0131rken di\u011fer taraftan tarih yolculu\u011funa \u00e7\u0131kt\u0131.&nbsp;<\/p>\n\n\n\n<p><img decoding=\"async\" alt=\"\" src=\"https:\/\/www.mtso.org.tr\/etiketIcerikResimler\/5bb37ca9-af5a-4fcd-bca7-e2cac3b2cd05.jpg\">Mersin Ticaret ve Sanayi Odas\u0131 (MTSO), Macaristan B\u00fcy\u00fckel\u00e7ili\u011fi, &nbsp;Liszt Enstit\u00fcs\u00fc ve T\u00fcrk Macar Dostluk Derne\u011fi i\u015fbirli\u011finde \u2018Macaristan \u00dclke Tan\u0131t\u0131m Toplant\u0131s\u0131\u2019 d\u00fczenlendi. Ticaret ve k\u00fclt\u00fcr\u00fcn bulu\u015ftu\u011fu organizasyon kapsam\u0131nda \u00fclkenin yat\u0131r\u0131m f\u0131rsatlar\u0131 hakk\u0131nda bilgi alan yat\u0131r\u0131mc\u0131lar ard\u0131ndan 1914 y\u0131l\u0131nda Mersin\u2019i ziyaret eden iki Macar seyyah\u0131n objektifinden yans\u0131yan \u201cMersin \u2013 1914 Fejes\u2019in Objektifinden\u201d konulu Foto\u011fraf Sergisi\u2019ni gezdi.&nbsp;<br>Etkinlik \u00f6ncesinde MTSO Y\u00f6netim Kurulu Ba\u015fkan Yard\u0131mc\u0131s\u0131 Cem Bucuge ile bir araya gelen Macaristan Heyeti bir s\u00fcre sohbet edip Mersin hakk\u0131nda bilgi ald\u0131. Ard\u0131ndan \u00fclke tan\u0131t\u0131m toplant\u0131s\u0131 ger\u00e7ekle\u015ftirildi. Toplant\u0131ya Macaristan Ticaret Ata\u015fesi Peter Kovesci, Macaristan \u0130hracat\u0131 Te\u015fvik Ajans\u0131 (HEPA) Genel M\u00fcd\u00fcr\u00fc Yal\u00e7\u0131n Orhon, T\u00fcrk-Macar Dostluk Derne\u011fi Y\u00f6netim Kurulu Ba\u015fkan\u0131 Tosun Saral, Liszt Enstit\u00fcs\u00fc M\u00fcd\u00fcr\u00fc Aron Sipos ile Liszt Enstit\u00fcs\u00fc M\u00fcd\u00fcr Yard\u0131mc\u0131s\u0131 Gerg\u00f6 Kovacs da kat\u0131ld\u0131. \u00d6te yandan toplant\u0131 bitiminde d\u00fczenlenen Foto\u011fraf Sergisini gezenler aras\u0131nda Mersin B\u00fcy\u00fck\u015fehir Belediyesi K\u00fclt\u00fcr ve Sosyal \u0130\u015fler Dairesi Koordinat\u00f6r\u00fc ve Opera Sanat\u00e7\u0131s\u0131 Bengi \u0130spir \u00d6zd\u00fclger de yer ald\u0131.&nbsp;<\/p>\n\n\n\n<p><strong>Bucuge: \u201cMacaristan \u00f6nemli f\u0131rsatlar sunuyor\u201d<\/strong><br>Toplant\u0131n\u0131n a\u00e7\u0131l\u0131\u015f\u0131nda konu\u015fan Y\u00f6netim Kurulu Ba\u015fkan Yard\u0131mc\u0131s\u0131 Cem Bucuge T\u00fcrkiye ve Macaristan\u2019\u0131n ayn\u0131 kaynaktan beslenen iki nehir gibi oldu\u011funu belirtip, binlerce y\u0131la dayanan ortak bir ge\u00e7mi\u015fe sahip olduklar\u0131n\u0131 s\u00f6yledi. Ancak ticari a\u00e7\u0131dan istenen rakamlara ula\u015f\u0131lamad\u0131\u011f\u0131n\u0131 kaydeden Bucuge, \u201cBug\u00fcne kadar istenen rakamlara ula\u015famam\u0131\u015f olmam\u0131z \u00f6n\u00fcm\u00fczdeki s\u00fcre\u00e7 i\u00e7in her iki \u00fclkenin birbirine \u00f6nemli ticari f\u0131rsatlar sunaca\u011f\u0131n\u0131 i\u015faret ediyor\u201d de\u011ferlendirmesini yapt\u0131.&nbsp;<br>\u0130lk kez ticaret ve sanat\u0131 bulu\u015fturan bir etkinlik d\u00fczenlemi\u015f olman\u0131n memnuniyetini ya\u015fad\u0131klar\u0131na da dikkat \u00e7eken Bucuge, i\u015fbirli\u011fi g\u00f6r\u00fc\u015fmelerinin sanatla ta\u00e7land\u0131r\u0131ld\u0131\u011f\u0131n\u0131 s\u00f6yledi. Bucuge organizasyonun d\u00fczenlenmesine katk\u0131 sunan Ali Morel ve Nihat Taner\u2019e de te\u015fekk\u00fcr etti.&nbsp;<br>Toplant\u0131da Macaristan Ticaret Ata\u015fesi Peter Kovesci, \u00fclke ekonomisi hakk\u0131nda bilgi aktar\u0131p yabanc\u0131 yat\u0131r\u0131mc\u0131lara sunulan imkanlara de\u011findi. Macaristan\u2019da kurumlar vergisinin y\u00fczde 9 ile Avrupa\u2019n\u0131n en avantajl\u0131 rakam\u0131n\u0131 sunan \u00fclkesi oldu\u011funu belirten Kovesci, bu rakam\u0131n belirli sekt\u00f6rlerdeki yat\u0131r\u0131mlar i\u00e7in y\u00fczde 80\u2019e yak\u0131n d\u00fc\u015febildi\u011fini belirtti. 24 saat i\u00e7inde Avrupa\u2019n\u0131n her yerine ula\u015fman\u0131n m\u00fcmk\u00fcn olabilece\u011fini de vurgulayan Kovesci, sahip olduklar\u0131 kaliteli i\u015f g\u00fcc\u00fc ve rekabet\u00e7i i\u015f\u00e7ilik \u00fccretleriyle rekabet\u00e7i f\u0131rsatlar sunduklar\u0131n\u0131 s\u00f6zlerine ekledi.&nbsp;<\/p>\n\n\n\n<p><strong>Macaristan ile teknoloji alan\u0131nda i\u015fbirli\u011fi tavsiye edildi<\/strong><br>HEPA Genel M\u00fcd\u00fcr\u00fc Yal\u00e7\u0131n Orhon iki \u00fclke aras\u0131nda kar\u015f\u0131l\u0131kl\u0131 yat\u0131r\u0131mlar\u0131 destekleyen bir kurum olduklar\u0131n\u0131 dile getirdi. Macaristan\u2019\u0131n \u00f6zellikle teknoloji konusunda \u00fcst\u00fcnl\u00fckleri oldu\u011funa de\u011finen Orhon, bu alan\u0131n iyi de\u011ferlendirilmesi tavsiyesinde bulundu. Macaristan\u2019\u0131n 18 adet Nobel \u00d6d\u00fcl\u00fc\u2019ne sahip oldu\u011funu ve \u00f6zellikle kendilerini t\u0131p, kimya, biyoloji alanlar\u0131nda geli\u015ftirdi\u011fini vurgulayan Orhon, ar-ge ve teknoloji konusunda bu \u00fclkeyle i\u015fbirliklerinin \u00f6ne \u00e7\u0131kabilece\u011fini belirtti. \u00d6zellikle tar\u0131m teknolojileri, kurakl\u0131\u011fa \u00e7\u00f6z\u00fcm y\u00f6ntemleri \u00fczerinde g\u00fc\u00e7l\u00fc olduklar\u0131n\u0131, \u00e7evre ve su teknolojilerine \u00e7al\u0131\u015ft\u0131klar\u0131n\u0131, bilgi ileti\u015fim teknolojileri ve sa\u011fl\u0131k teknoloji alanlar\u0131nda da \u00f6nemli f\u0131rsatlar sunuldu\u011funu ekledi.&nbsp;<br>T\u00fcrk-Macar Dostluk Derne\u011fi Y\u00f6netim Kurulu Ba\u015fkan\u0131 Tosun Saral ise toplant\u0131da iki \u00fclkenin tarihi yak\u0131nl\u0131klar\u0131 ve dostluklar\u0131 hakk\u0131nda bilgi verilip derne\u011fin \u00e7al\u0131\u015fmalar\u0131n\u0131 aktard\u0131. Toplant\u0131 sonras\u0131nda sergi kat\u0131l\u0131mc\u0131lardan b\u00fcy\u00fck ilgi g\u00f6rd\u00fc<\/p>\n\n\n\n<p><strong>Mersin 1914 \u2013 Fejes\u2019in Objektifinden Foto\u011fraf Sergisi<\/strong><br>MTSO Sanat Galerisi farkl\u0131 bir sergiye evsahipli\u011fi yapt\u0131. \u0130ki Macar gezgini, Zsigmond Fejes ve Dr.Bela Lakos, 1914 y\u0131l\u0131nda Anadolu\u2019yu ziyaret ederler. Ama\u00e7lar\u0131 Anadolu\u2019yu her y\u00f6n\u00fcyle tan\u0131makt\u0131r. \u00d6zellikle de Kilikya ve hinterland\u0131nda Avrupal\u0131 gezginlerin hen\u00fcz ziyaret etmedi\u011fi b\u00f6lgeleri g\u00f6rmek, ke\u015ffetmek isterler. 7 Temmuz 1914\u2019te ba\u015flad\u0131klar\u0131 gezide 1.D\u00fcnya Sava\u015f\u0131\u2019n\u0131n ba\u015flad\u0131\u011f\u0131n\u0131 ve \u00fclkelerinde genel seferberlik ilan edildi\u011fini 2 A\u011fustos ak\u015fam\u0131 Silifke\u2019de \u00f6\u011frenirler.<br>B\u00f6lgemizde Pozant\u0131, Adana, \u0130skenderun, Mersin, Silifke, Ermenek, Alanya gibi yerle\u015fim yerlerini ziyaret eden iki Macar gezginin \u00e7ekti\u011fi foto\u011fraflar o d\u00f6nemi yans\u0131tan belgeler olarak \u00f6nem arz etmektedir.&nbsp;<br>Bu Sergiyle an\u0131lan 38 \u00f6nemli eser Macaristan B\u00fcy\u00fckel\u00e7ili\u011fi, T\u00fcrk Macar Dostluk Derne\u011fi Liszt Enstit\u00fcs\u00fc\u2013Macar K\u00fclt\u00fcr Merkezi ile i\u015fbirli\u011finde Mersinli sanatseverlerle bulu\u015ftu. Sergi 14 May\u0131s \u00c7ar\u015famba g\u00fcn\u00fcne kadar Hafta i\u00e7i 08.30 &#8211; 17.30 Cumartesi g\u00fcn\u00fc ise 10.00 \u2013 17.00 saatleri aras\u0131nda ziyaret edilebilir.&nbsp;<\/p>\n","protected":false},"excerpt":{"rendered":"<p>MTSO, ticaretin vizyonuyla sanat\u0131n g\u00fcc\u00fcn\u00fc ayn\u0131 etkinlikte bulu\u015fturdu. Macaristan\u2019la ekonomik i\u015f birli\u011fini g\u00fc\u00e7lendirmeyi ama\u00e7layan \u00fclke tan\u0131t\u0131m etkinli\u011fiyle e\u015f zamanl\u0131 d\u00fczenlenen \u2018Mersin \u2013 1914 Fejes\u2019in Objektifinden konulu Foto\u011fraf Sergisi\u2019yle kat\u0131l\u0131mc\u0131lar bir taraftan ekonomik konularda bilgi al\u0131rken di\u011fer taraftan tarih yolculu\u011funa \u00e7\u0131kt\u0131.&nbsp; Mersin Ticaret ve Sanayi Odas\u0131 (MTSO), Macaristan B\u00fcy\u00fckel\u00e7ili\u011fi, &nbsp;Liszt Enstit\u00fcs\u00fc ve T\u00fcrk Macar Dostluk Derne\u011fi [&hellip;]<\/p>\n","protected":false},"author":2,"featured_media":42459,"comment_status":"closed","ping_status":"closed","sticky":false,"template":"","format":"standard","meta":{"footnotes":""},"categories":[3],"tags":[],"class_list":["post-42458","post","type-post","status-publish","format-standard","has-post-thumbnail","hentry","category-manset"],"views":2,"_links":{"self":[{"href":"https:\/\/mersinkadingazetesi.com\/index.php?rest_route=\/wp\/v2\/posts\/42458"}],"collection":[{"href":"https:\/\/mersinkadingazetesi.com\/index.php?rest_route=\/wp\/v2\/posts"}],"about":[{"href":"https:\/\/mersinkadingazetesi.com\/index.php?rest_route=\/wp\/v2\/types\/post"}],"author":[{"embeddable":true,"href":"https:\/\/mersinkadingazetesi.com\/index.php?rest_route=\/wp\/v2\/users\/2"}],"replies":[{"embeddable":true,"href":"https:\/\/mersinkadingazetesi.com\/index.php?rest_route=%2Fwp%2Fv2%2Fcomments&post=42458"}],"version-history":[{"count":1,"href":"https:\/\/mersinkadingazetesi.com\/index.php?rest_route=\/wp\/v2\/posts\/42458\/revisions"}],"predecessor-version":[{"id":42460,"href":"https:\/\/mersinkadingazetesi.com\/index.php?rest_route=\/wp\/v2\/posts\/42458\/revisions\/42460"}],"wp:featuredmedia":[{"embeddable":true,"href":"https:\/\/mersinkadingazetesi.com\/index.php?rest_route=\/wp\/v2\/media\/42459"}],"wp:attachment":[{"href":"https:\/\/mersinkadingazetesi.com\/index.php?rest_route=%2Fwp%2Fv2%2Fmedia&parent=42458"}],"wp:term":[{"taxonomy":"category","embeddable":true,"href":"https:\/\/mersinkadingazetesi.com\/index.php?rest_route=%2Fwp%2Fv2%2Fcategories&post=42458"},{"taxonomy":"post_tag","embeddable":true,"href":"https:\/\/mersinkadingazetesi.com\/index.php?rest_route=%2Fwp%2Fv2%2Ftags&post=42458"}],"curies":[{"name":"wp","href":"https:\/\/api.w.org\/{rel}","templated":true}]}}