{"id":42461,"date":"2025-05-11T17:31:12","date_gmt":"2025-05-11T14:31:12","guid":{"rendered":"https:\/\/mersinkadingazetesi.com\/?p=42461"},"modified":"2025-05-11T17:31:12","modified_gmt":"2025-05-11T14:31:12","slug":"baskan-secer-mersin-herkesin-yuzunun-guldugu-bir-kent-oldu","status":"publish","type":"post","link":"https:\/\/mersinkadingazetesi.com\/?p=42461","title":{"rendered":"BA\u015eKAN SE\u00c7ER:\u00a0&#8220;MERS\u0130N HERKES\u0130N Y\u00dcZ\u00dcN\u00dcN G\u00dcLD\u00dc\u011e\u00dc B\u0130R KENT OLDU&#8221;"},"content":{"rendered":"\n<p>Mersin B\u00fcy\u00fck\u015fehir Belediye Ba\u015fkan\u0131 Vahap Se\u00e7er ve Meral Se\u00e7er,&nbsp;<strong><em>&#8216;D\u00fcnya \u00c7\u00f6lyak G\u00fcn\u00fc&#8217;<\/em><\/strong>&nbsp;kapsam\u0131nda Dar\u0131sekisi \u00d6rnek K\u00f6y\u00fc&#8217;nde d\u00fczenlenen etkinlikte \u00e7\u00f6lyak hastalar\u0131 ve aileleriyle bir araya geldi. Mersin B\u00fcy\u00fck\u015fehir Belediyesi Sosyal Hizmetler Dairesi Ba\u015fkanl\u0131\u011f\u0131 ile Mersin \u00c7\u00f6lyak Gl\u00fctensiz Beslenme Derne\u011fi i\u015f birli\u011finde ger\u00e7ekle\u015fen etkinlik ile hem fark\u0131ndal\u0131k yaratmak hem de \u00e7\u00f6lyak hastalar\u0131n\u0131n sosyal ya\u015famda g\u00fc\u00e7l\u00fc ba\u011flar kurmas\u0131 ama\u00e7land\u0131.<\/p>\n\n\n\n<p>Etkinli\u011fe, Cumhuriyet Halk Partisi (CHP) Mersin Milletvekilleri G\u00fclcan K\u0131\u015f ve Hasan Ufuk \u00c7ak\u0131r, Toroslar Belediye Ba\u015fkan\u0131 Abdurrahman Y\u0131ld\u0131z, Mersin \u00c7\u00f6lyak Gl\u00fctensiz Beslenme Derne\u011fi Ba\u015fkan\u0131 \u00d6mer Arslan, Mersin B\u00fcy\u00fck\u015fehir Belediyesi b\u00fcrokratlar\u0131 ile \u00e7ok say\u0131da yurtta\u015f kat\u0131ld\u0131.<\/p>\n\n\n\n<p><strong>Ba\u015fkan Se\u00e7er: &#8220;T\u00fcm annelerin g\u00fcn\u00fcn\u00fc kutluyorum&#8221;<\/strong><\/p>\n\n\n\n<p>D\u00fcnya \u00c7\u00f6lyak G\u00fcn\u00fc kapsam\u0131nda d\u00fczenlenen etkinlikte konu\u015fmas\u0131na t\u00fcm annelerin Anneler G\u00fcn\u00fc&#8217;n\u00fc kutlayarak ba\u015flayan Ba\u015fkan Se\u00e7er,&nbsp;<strong>&#8220;Sizleri \u00e7ok seviyoruz, \u00e7ok say\u0131yoruz. Bug\u00fcn bizim i\u00e7in \u00f6zel bir g\u00fcn, \u00e7\u00fcnk\u00fc g\u00fcn\u00fcn konusu anneler. Her insan i\u00e7in \u00f6zel, her canl\u0131 varl\u0131k i\u00e7in \u00f6zel olan anne, \u00e7ok de\u011ferli. T\u00fcm annelerin ve annelik duygusunu hisseden kad\u0131nlar\u0131n g\u00fcn\u00fcn\u00fc kutluyorum&#8221;<\/strong>&nbsp;dedi. Hayat\u0131n her alan\u0131nda yurtta\u015flar\u0131n yan\u0131nda olmay\u0131 \u00f6nemsediklerini belirten Se\u00e7er, zorluklar\u0131n payla\u015ft\u0131k\u00e7a azal\u0131p mutlulu\u011funda yine payla\u015f\u0131ld\u0131k\u00e7a \u00e7o\u011falaca\u011f\u0131na inand\u0131klar\u0131n\u0131 s\u00f6yledi. Se\u00e7er,&nbsp;<strong>&#8220;Vatanda\u015fla, sizlerle bir araya gelmek,&nbsp;&nbsp;sizlerin sevgisini, sayg\u0131s\u0131n\u0131 y\u00fcre\u011fimizde hissetmek bizim i\u00e7in d\u00fcnya mal\u0131na de\u011fer&#8221;<\/strong>&nbsp;diyerek, yurtta\u015flara destekleri i\u00e7in te\u015fekk\u00fcr etti.<\/p>\n\n\n\n<p><strong>&#8220;B\u00fcy\u00fck\u015fehir&#8217;in market ve kafelerinde gl\u00fctensiz s\u0131cak \u00fcretimi ba\u015flayacak&#8221;<\/strong><\/p>\n\n\n\n<p>Mersin \u00c7\u00f6lyak Gl\u00fctensiz Beslenme Derne\u011fi&#8217;ne de emekleri i\u00e7in te\u015fekk\u00fcr eden Se\u00e7er,\u00e7\u00f6lyak hastal\u0131\u011f\u0131 raporu olan ve talepte bulunan bireylere B\u00fcy\u00fck\u015fehir Belediyesi taraf\u0131ndan her ay 16 adet 250 gr gl\u00fctensiz ekmek, 3 kg gl\u00fctensiz un da\u011f\u0131t\u0131m\u0131 yap\u0131ld\u0131\u011f\u0131n\u0131 kaydetti. Se\u00e7er,<strong>&nbsp;&#8220;Projenin ba\u015flad\u0131\u011f\u0131 2020 y\u0131l\u0131ndan itibaren toplamda her ay 827 ailemize 13 bin 232 adet gl\u00fctensiz ekmek ve 2 bin 481 kg gl\u00fctensiz un da\u011f\u0131t\u0131m\u0131 yap\u0131l\u0131yor ve yap\u0131lmaya da devam edecek. Bug\u00fcne kadar da toplamda 781 bin 248 gl\u00fctensiz ekmek, proje ba\u015flad\u0131\u011f\u0131ndan beri, 70 bin 425 kg da gl\u00fctensiz un da\u011f\u0131t\u0131m\u0131n\u0131 ger\u00e7ekle\u015ftirdik&#8221;&nbsp;<\/strong>dedi. 2022 y\u0131l\u0131ndan bu yana ise Ramazan Ay\u0131&#8217;nda 3 bin adet&nbsp;<strong><em>&#8216;Gl\u00fctensiz G\u0131da Kolisi&#8217;<\/em><\/strong>&nbsp;da\u011f\u0131t\u0131m\u0131 yapt\u0131klar\u0131na de\u011finen Se\u00e7er, Gl\u00fctensiz Kafe ve Market ile de hizmetlerine devam ettiklerini vurgulad\u0131. 2024 y\u0131l\u0131 Kas\u0131m ay\u0131nda a\u00e7t\u0131klar\u0131 markette gl\u00fctensiz kahvalt\u0131l\u0131klar, b\u00f6rek, tatl\u0131, pizza, lahmacun, makarna, ekmek ve at\u0131\u015ft\u0131rmal\u0131klar\u0131n yerinde t\u00fcketildi\u011fini belirten Se\u00e7er, Kooperatif Market ve Belediye Kafelerinde kasa \u00f6n\u00fcnde gl\u00fctensiz \u00fcr\u00fcnlerin sat\u0131\u015f\u0131n\u0131n ba\u015flad\u0131\u011f\u0131n\u0131 ve yak\u0131nda hepsi gl\u00fctensiz lahmacun, mant\u0131, ekmek ve s\u0131cak \u00fcretimin de ba\u015flayaca\u011f\u0131n\u0131 duyurdu.<\/p>\n\n\n\n<p><strong>&#8220;Toplumun y\u00fcz y\u00fcze kald\u0131\u011f\u0131 her soruna projeler haz\u0131rl\u0131yoruz&#8221;<\/strong><\/p>\n\n\n\n<p>\u0130nsanlar\u0131 bilin\u00e7lendirmek ad\u0131na fark\u0131ndal\u0131k haftalar\u0131n\u0131n \u00e7ok \u00f6nemli oldu\u011funa de\u011finen Se\u00e7er,&nbsp;<strong>&#8220;Toplumun \u00f6nemli bir k\u0131sm\u0131 bu tip rahats\u0131zl\u0131klar\u0131n fark\u0131nda dahi de\u011fil. Fark\u0131ndal\u0131k haftas\u0131 toplant\u0131lar\u0131, etkinlikleri, panelleri toplumun bilin\u00e7lenmesi ad\u0131na, toplumun bu sorunlar\u0131n\u0131n \u00e7\u00f6z\u00fcmlerinde sorumluluk alma ad\u0131na \u00e7ok \u00f6nemli \u00e7al\u0131\u015fmalar&#8221;<\/strong>&nbsp;dedi. Yaln\u0131zca \u00e7\u00f6lyak hastalar\u0131 i\u00e7in de\u011fil, farkl\u0131 hastal\u0131klardan mustarip yurtta\u015flar i\u00e7in de \u00e7al\u0131\u015ft\u0131klar\u0131n\u0131 s\u00f6yleyen Se\u00e7er,&nbsp;<strong>&#8220;Fenilketon\u00fcri hastalar\u0131 i\u00e7in d\u00fc\u015f\u00fck proteinli g\u0131da paketi da\u011f\u0131t\u0131m\u0131na ba\u015flad\u0131k. Fenilketon\u00fcri eksikli\u011fi olan yurtta\u015flar\u0131m\u0131z \u00f6mr\u00fcn\u00fcn sonuna kadar hayvansal protein alam\u0131yor. Yine onkoloji hastas\u0131 \u00e7ocuklar\u0131m\u0131z i\u00e7in \u00f6zel paketlerimiz oluyor, onlara da ayr\u0131 bir destek sunma gayreti i\u00e7erisindeyiz. Yani toplumumuzun y\u00fcz y\u00fcze kald\u0131\u011f\u0131, bireylerimizi ve ailelerimizi derinden yoran ve \u00fczen hangi konu olursa olsun Mersin B\u00fcy\u00fck\u015fehir Belediyesi olarak bug\u00fcne kadar oldu\u011fu gibi, bundan sonra da yurtta\u015flar\u0131m\u0131z\u0131n yan\u0131nda olaca\u011f\u0131z&#8221;<\/strong>&nbsp;ifadelerine yer verdi.<\/p>\n\n\n\n<p><strong>&#8220;Do\u011fumdan, ya\u015fam\u0131n sonuna kadar B\u00fcy\u00fck\u015fehir yurtta\u015f\u0131n yan\u0131nda&#8221;<\/strong><\/p>\n\n\n\n<p>Belediye Ba\u015fkan\u0131&#8217;n\u0131n sadece yol, imar ve temizlik gibi i\u015fler yapmad\u0131\u011f\u0131n\u0131 s\u00f6yleyen Se\u00e7er,&nbsp;<strong>&#8220;Belediyecilik vatanda\u015fla i\u00e7 i\u00e7e olmal\u0131, toplumun her sorununda yan\u0131nda olmal\u0131. Biz sosyal politikalarda T\u00fcrkiye&#8217;de ad\u0131ndan s\u0131k\u00e7a s\u00f6z edilen bir belediye haline geldik. T\u00fcrkiye&#8217;nin d\u00f6rt bir yan\u0131nda konu sosyal belediyecilik ise Mersin B\u00fcy\u00fck\u015fehir Belediyesi&#8217;nin uygulamalar\u0131na mutlaka de\u011finiliyor ve bu durum bizi de mutlu ediyor. \u00d6rnek al\u0131nan projelerimiz oluyor. Bug\u00fcne kadar toplumsal konular\u0131 i\u00e7eren 100&#8217;den fazla sosyal politika projesi hayata ge\u00e7irildi&#8221;&nbsp;<\/strong>diye konu\u015ftu.<\/p>\n\n\n\n<p><strong>&#8220;Mersin herkesin y\u00fcz\u00fcn\u00fcn g\u00fcld\u00fc\u011f\u00fc bir kent oldu&#8221;<\/strong><\/p>\n\n\n\n<p>Belediyecili\u011fin do\u011fumdan \u00f6l\u00fcme kadar hayat\u0131n her a\u015famas\u0131nda yurtta\u015f\u0131n yan\u0131nda olmay\u0131 gerektirdi\u011fini ve Ba\u015fkan\u0131 oldu\u011fu Mersin B\u00fcy\u00fck\u015fehir Belediyesi&#8217;nin de 6 y\u0131ld\u0131r bu anlay\u0131\u015f ile \u00e7al\u0131\u015ft\u0131\u011f\u0131n\u0131 dile getiren Se\u00e7er,&nbsp;<strong>&#8220;Mersin&#8217;in \u00e7ehresi de\u011fi\u015fti. Mersin daha g\u00fczel, daha ya\u015fanabilir, herkesin y\u00fcz\u00fcn\u00fcn g\u00fcld\u00fc\u011f\u00fc bir kent oldu&#8221;<\/strong>&nbsp;dedi.<\/p>\n\n\n\n<p><strong>&#8220;\u00d6nce Mersinimiz, sonra \u00fclkemiz ve insanl\u0131k i\u00e7in \u00e7al\u0131\u015fmaya devam edece\u011fiz&#8221;<\/strong><\/p>\n\n\n\n<p>Se\u00e7imlerde Mersinlilerin siyasi partiye bakmaks\u0131z\u0131n sunulan hizmetlerden \u00f6t\u00fcr\u00fc kendisini destekledi\u011fini hat\u0131rlatan Se\u00e7er, bu durumun e\u015fit ve adil hizmet anlay\u0131\u015f\u0131ndan kaynakland\u0131\u011f\u0131n\u0131n alt\u0131n\u0131 \u00e7izdi. Se\u00e7er, \u015funlar\u0131 kaydetti:<\/p>\n\n\n\n<p><strong>&#8220;Bir partinin \u00e7at\u0131s\u0131, amblemi alt\u0131nda B\u00fcy\u00fck\u015fehir Belediye Ba\u015fkan\u0131 olarak bana oy verdiniz, te\u015fekk\u00fcr ediyorum. Belki de bug\u00fcne kadar benim partime oy vermek nasip olmam\u0131\u015f yurtta\u015flar\u0131m\u0131z da verdi. Ama biz biliyoruz bizim g\u00fczel dilimize, karde\u015flik, adalet, e\u015fitlik anlay\u0131\u015f\u0131m\u0131za, hizmetimize, garibi gurebay\u0131 kalbimize bast\u0131\u011f\u0131m\u0131z, herkesi d\u00fc\u015f\u00fcnd\u00fc\u011f\u00fcm\u00fcz, sevdi\u011fimiz i\u00e7in bu deste\u011fi verdi. B\u00f6yle bir deste\u011fi al\u0131p sizlere hizmet etmemek, sizlerin g\u00fcvenini bo\u015fa \u00e7\u0131karmak, sizlerin kar\u015f\u0131s\u0131nda ba\u015f\u0131m\u0131z\u0131 \u00f6ne e\u011fmemizi gerektiren k\u00f6t\u00fc i\u015fler yapmak m\u00fcmk\u00fcn m\u00fc? Asla. Bu nedenle Mersin halk\u0131yla beraber, bug\u00fcne kadar oldu\u011fu gibi herkesle ama herkesle birlik ve beraberlik i\u00e7erisinde, \u00f6nce Mersinimiz sonra \u00fclkemiz ve insanl\u0131k i\u00e7in \u00e7al\u0131\u015fmaya devam edece\u011fiz.&#8221;<\/strong><strong><\/strong><\/p>\n\n\n\n<p><strong>K\u0131\u015f: &#8220;Biz birlikte g\u00fc\u00e7l\u00fcy\u00fcz, bilin ki yaln\u0131z de\u011filsiniz&#8221;<\/strong><\/p>\n\n\n\n<p>\u00c7\u00f6lyak rahats\u0131zl\u0131\u011f\u0131 bulunan bireylere verdi\u011fi destekten \u00f6t\u00fcr\u00fc Ba\u015fkan Se\u00e7er&#8217;e te\u015fekk\u00fcr eden CHP Mersin Milletvekili G\u00fclcan K\u0131\u015f, s\u00f6z konusu desteklerin merkezi iktidar ve ilgili bakanl\u0131klar taraf\u0131ndan verilmesi gerekti\u011fini s\u00f6yledi. K\u0131\u015f,&nbsp;<strong>&#8220;Ama maalesef ki \u00c7\u00f6lyak hassasiyeti olan bireylerimiz unutulmu\u015f durumda. Mersin&#8217;de bug\u00fcn bu deste\u011fi sunan, bu \u00e7al\u0131\u015fmay\u0131 y\u00fcr\u00fcten ve bizi bu duyarl\u0131l\u0131\u011fa dahil eden B\u00fcy\u00fck\u015fehir Belediye Ba\u015fkan\u0131m\u0131za ve ekibine \u00e7ok te\u015fekk\u00fcr ediyorum. Biz birlikte g\u00fc\u00e7l\u00fcy\u00fcz, bilin ki yaln\u0131z de\u011filsiniz&#8221;<\/strong>&nbsp;diye konu\u015ftu.<\/p>\n\n\n\n<p><strong>\u00c7ak\u0131r: &#8220;Ba\u015fkan Se\u00e7er toplumun t\u00fcm kesimleri aras\u0131nda bir k\u00f6pr\u00fc g\u00f6revi yerine getiriyor&#8221;<\/strong><\/p>\n\n\n\n<p>Ba\u015fkan Se\u00e7er \u00f6nc\u00fcl\u00fc\u011f\u00fcndeki B\u00fcy\u00fck\u015fehir Belediyesi&#8217;nin geri planda kalan bir\u00e7ok toplumsal soruna dikkat \u00e7ekerek insanlar\u0131n yan\u0131nda olmaya devam etti\u011fini s\u00f6yleyen CHP Mersin Milletvekili Hasan Ufuk \u00c7ak\u0131r ise B\u00fcy\u00fck\u015fehir Belediye Ba\u015fkan\u0131 Vahap Se\u00e7er&#8217;in sundu\u011fu hizmetler ile toplumun t\u00fcm kesimleri aras\u0131nda bir k\u00f6pr\u00fc g\u00f6revi yerine getirdi\u011fini s\u00f6yledi.<\/p>\n\n\n\n<p><strong>Y\u0131ld\u0131z: &#8220;Ya\u015fam\u0131n her alan\u0131na dair bir \u015fey s\u00f6ylemek laz\u0131m&#8221;<\/strong><\/p>\n\n\n\n<p>B\u00fcy\u00fck\u015fehir Belediye Ba\u015fkan\u0131 Vahap Se\u00e7er ve ekibinin belediyecili\u011fin yol yapmak, parklar\u0131 temizlemek gibi hizmetlerden ibaret olmad\u0131\u011f\u0131n\u0131, hayat\u0131n her alan\u0131nda yurtta\u015f\u0131n yan\u0131nda olmak oldu\u011funu ger\u00e7ekle\u015ftirdi\u011fi t\u00fcm hizmetlerde g\u00f6sterdi\u011fini belirten Toroslar Belediye Ba\u015fkan\u0131 Abdurrahman Y\u0131ld\u0131z,&nbsp;<strong>&#8220;B\u00fcy\u00fck\u015fehir Belediyemiz sayesinde g\u00f6r\u00fcyoruz ki, ya\u015fam\u0131n her alan\u0131na dair bir \u015fey s\u00f6ylemek laz\u0131m ve ben bir kez daha B\u00fcy\u00fck\u015fehir Belediye Ba\u015fkan\u0131 Say\u0131n Vahap Se\u00e7er&#8217;e bu konuda hem bize dair \u00f6\u011fretici oldu\u011fu i\u00e7in hem de kamuoyundaki b\u00fct\u00fcn sorunlara ili\u015fkin bir fark\u0131ndal\u0131k yaratt\u0131\u011f\u0131 i\u00e7in te\u015fekk\u00fcr ediyorum&#8221;<\/strong>&nbsp;dedi.<\/p>\n\n\n\n<p><strong>Arslan: &#8220;B\u00fcy\u00fck\u015fehir&#8217;in \u00e7\u00f6lyakl\u0131 ailelerimizin hep yanlar\u0131nda oldu\u011funu hi\u00e7bir zaman unutmuyoruz&#8221;<\/strong><\/p>\n\n\n\n<p>Mersin \u00c7\u00f6lyak Gl\u00fctensiz Beslenme Derne\u011fi Ba\u015fkan\u0131 \u00d6mer Arslan, Se\u00e7er&#8217;in sa\u011flam\u0131\u015f oldu\u011fu desteklerin \u00e7ok k\u0131ymetli oldu\u011funa dikkat \u00e7ekerek,&nbsp;<strong>&#8220;Mersin&#8217;de ya\u015fayan \u00e7\u00f6lyakl\u0131 ailelerimize desteklerinden dolay\u0131 Mersin B\u00fcy\u00fck\u015fehir Belediye Ba\u015fkan\u0131m\u0131z Vahap Se\u00e7er&#8217;e ve \u00e7al\u0131\u015fma arkada\u015flar\u0131na sonsuz te\u015fekk\u00fcrler. B\u00fcy\u00fck\u015fehir&#8217;in \u00e7\u00f6lyakl\u0131 ailelerimizin her zaman yanlar\u0131nda olduklar\u0131n\u0131 hi\u00e7bir zaman unutmuyoruz ve sa\u011flam\u0131\u015f olduklar\u0131 desteklerin devam\u0131n\u0131 getireceklerine de inan\u0131yoruz&#8221;<\/strong>&nbsp;s\u00f6zlerine yer verdi.<\/p>\n","protected":false},"excerpt":{"rendered":"<p>Mersin B\u00fcy\u00fck\u015fehir Belediye Ba\u015fkan\u0131 Vahap Se\u00e7er ve Meral Se\u00e7er,&nbsp;&#8216;D\u00fcnya \u00c7\u00f6lyak G\u00fcn\u00fc&#8217;&nbsp;kapsam\u0131nda Dar\u0131sekisi \u00d6rnek K\u00f6y\u00fc&#8217;nde d\u00fczenlenen etkinlikte \u00e7\u00f6lyak hastalar\u0131 ve aileleriyle bir araya geldi. Mersin B\u00fcy\u00fck\u015fehir Belediyesi Sosyal Hizmetler Dairesi Ba\u015fkanl\u0131\u011f\u0131 ile Mersin \u00c7\u00f6lyak Gl\u00fctensiz Beslenme Derne\u011fi i\u015f birli\u011finde ger\u00e7ekle\u015fen etkinlik ile hem fark\u0131ndal\u0131k yaratmak hem de \u00e7\u00f6lyak hastalar\u0131n\u0131n sosyal ya\u015famda g\u00fc\u00e7l\u00fc ba\u011flar kurmas\u0131 ama\u00e7land\u0131. Etkinli\u011fe, [&hellip;]<\/p>\n","protected":false},"author":2,"featured_media":42462,"comment_status":"closed","ping_status":"closed","sticky":false,"template":"","format":"standard","meta":{"footnotes":""},"categories":[3],"tags":[],"class_list":["post-42461","post","type-post","status-publish","format-standard","has-post-thumbnail","hentry","category-manset"],"views":1,"_links":{"self":[{"href":"https:\/\/mersinkadingazetesi.com\/index.php?rest_route=\/wp\/v2\/posts\/42461"}],"collection":[{"href":"https:\/\/mersinkadingazetesi.com\/index.php?rest_route=\/wp\/v2\/posts"}],"about":[{"href":"https:\/\/mersinkadingazetesi.com\/index.php?rest_route=\/wp\/v2\/types\/post"}],"author":[{"embeddable":true,"href":"https:\/\/mersinkadingazetesi.com\/index.php?rest_route=\/wp\/v2\/users\/2"}],"replies":[{"embeddable":true,"href":"https:\/\/mersinkadingazetesi.com\/index.php?rest_route=%2Fwp%2Fv2%2Fcomments&post=42461"}],"version-history":[{"count":1,"href":"https:\/\/mersinkadingazetesi.com\/index.php?rest_route=\/wp\/v2\/posts\/42461\/revisions"}],"predecessor-version":[{"id":42463,"href":"https:\/\/mersinkadingazetesi.com\/index.php?rest_route=\/wp\/v2\/posts\/42461\/revisions\/42463"}],"wp:featuredmedia":[{"embeddable":true,"href":"https:\/\/mersinkadingazetesi.com\/index.php?rest_route=\/wp\/v2\/media\/42462"}],"wp:attachment":[{"href":"https:\/\/mersinkadingazetesi.com\/index.php?rest_route=%2Fwp%2Fv2%2Fmedia&parent=42461"}],"wp:term":[{"taxonomy":"category","embeddable":true,"href":"https:\/\/mersinkadingazetesi.com\/index.php?rest_route=%2Fwp%2Fv2%2Fcategories&post=42461"},{"taxonomy":"post_tag","embeddable":true,"href":"https:\/\/mersinkadingazetesi.com\/index.php?rest_route=%2Fwp%2Fv2%2Ftags&post=42461"}],"curies":[{"name":"wp","href":"https:\/\/api.w.org\/{rel}","templated":true}]}}