{"id":42464,"date":"2025-05-12T10:19:42","date_gmt":"2025-05-12T07:19:42","guid":{"rendered":"https:\/\/mersinkadingazetesi.com\/?p=42464"},"modified":"2025-05-12T10:19:43","modified_gmt":"2025-05-12T07:19:43","slug":"erkilinc-basin-ahlak-sikayetlerini-raftan-indirdik","status":"publish","type":"post","link":"https:\/\/mersinkadingazetesi.com\/?p=42464","title":{"rendered":"Erk\u0131l\u0131n\u00e7: Bas\u0131n Ahlak \u015fik\u00e2yetlerini raftan indirdik"},"content":{"rendered":"\n<p><strong>Bas\u0131n \u0130lan Kurumu (B\u0130K) Genel M\u00fcd\u00fcr\u00fc Cavit Erk\u0131l\u0131n\u00e7, Anayasa Mahkemesi\u2019nin karar\u0131n\u0131n ard\u0131ndan Y\u00f6netim Kurulunca beklemeye al\u0131nan Bas\u0131n Ahlak Esaslar\u0131na ili\u015fkin \u015fik\u00e2yetlerin, Dan\u0131\u015ftay karar\u0131 sonras\u0131nda yeniden incelenmesine ba\u015fland\u0131\u011f\u0131n\u0131 bildirdi.<\/strong><\/p>\n\n\n\n<p><br>B\u0130K Genel M\u00fcd\u00fcr\u00fc Cavit Erk\u0131l\u0131n\u00e7, Antalya, Burdur, Denizli ve Isparta\u2019da Kurum g\u00f6rev alan\u0131nda bulunan gazete ve internet haber sitesi temsilcileriyle b\u00f6lge toplant\u0131s\u0131nda bir araya geldi.<\/p>\n\n\n\n<p>Antalya Ticaret ve Sanayi Odas\u0131 Konferans Salonu\u2019nda d\u00fczenlenen toplant\u0131da Genel M\u00fcd\u00fcr Erk\u0131l\u0131n\u00e7, b\u00f6lgede 48 gazete ve 19 internet haber sitesinin resm\u00ee ilan ve reklam yay\u0131mlad\u0131\u011f\u0131; 1 gazete ve 2 internet haber sitesinin de bekleme s\u00fcresinde bulundu\u011fu bilgisini payla\u015ft\u0131.<\/p>\n\n\n\n<p><strong>3 ayda 67 milyon lira devlet deste\u011fi<\/strong><\/p>\n\n\n\n<p>2025 y\u0131l\u0131n\u0131n ilk 3 ay\u0131nda 67 milyon 169 bin 453 TL tutar\u0131ndaki kamu kayna\u011f\u0131n\u0131n s\u00f6z konusu yay\u0131nlara aktar\u0131ld\u0131\u011f\u0131n\u0131 ve bu rakam\u0131n sadece 3 milyon 563 bin 900 TL\u2019sinin resm\u00ee reklam bedeli oldu\u011funu vurgulayan Erk\u0131l\u0131n\u00e7, \u201cS\u00fcreli yay\u0131nlar\u0131m\u0131za da\u011f\u0131t\u0131lan resm\u00ee ilanlar\u0131n tutar\u0131, reklam tutar\u0131n\u0131n tam 18 kat\u0131na ula\u015fm\u0131\u015ft\u0131r. Merkezi b\u00fct\u00e7eden para almayan Kurumumuzun, y\u00fczde 15 olan hizmet bedelini y\u00fcksek bulanlar\u0131n veya \u2018reklamlar\u0131 biz buluyoruz\u2019 a\u00e7\u0131klamas\u0131n\u0131 s\u0131k s\u0131k dile getirenlerin bu bilgi do\u011frultusunda yakla\u015f\u0131mlar\u0131n\u0131 yeniden g\u00f6zden ge\u00e7irmelerini istiyorum. Kald\u0131 ki Kurumumuz olmasa, resm\u00ee reklamlar sadece yak\u0131n g\u00f6r\u00fclen belirli yay\u0131nlara fahi\u015f bedellerle verilir. Yerelde kamu kaynaklar\u0131 s\u0131n\u0131rl\u0131 say\u0131daki yay\u0131na aktar\u0131l\u0131r\u201d dedi.<\/p>\n\n\n\n<p>S\u00fcreli yay\u0131nlar\u0131n ilk muhatab\u0131n\u0131n Bas\u0131n \u0130lan Kurumu oldu\u011funu ifade eden Erk\u0131l\u0131n\u00e7, Kurum ile yay\u0131nlar aras\u0131nda kurulan resm\u00ee ili\u015fki ba\u011f\u0131n\u0131n verilen taahh\u00fctler \u00e7er\u00e7evesinde ve mevzuata uygun y\u00fcr\u00fct\u00fclmesi gerekti\u011finin alt\u0131n\u0131 \u00e7izdi.<\/p>\n\n\n\n<p><strong>\u201cKalitemizi ve etki g\u00fcc\u00fcm\u00fcz\u00fc y\u00fckseltmeliyiz\u201d<\/strong><\/p>\n\n\n\n<p>\u201cBizler nas\u0131l resm\u00ee ilan ve reklam da\u011f\u0131t\u0131m\u0131nda adaleti g\u00f6zetiyorsak sizler de Kurumumuzla veya Kurumumuzu etkileyen ili\u015fkilerinizde, aram\u0131zdaki hukuku g\u00f6zetmelisiniz, korumal\u0131s\u0131n\u0131z\u201d diyen Erk\u0131l\u0131n\u00e7, \u00f6zellikle Kurum arac\u0131l\u0131\u011f\u0131 olmaks\u0131z\u0131n yay\u0131mlanan resm\u00ee reklamlar\u0131n pe\u015fine titizlikle d\u00fc\u015f\u00fclece\u011fini s\u00f6yledi.<\/p>\n\n\n\n<p>Yay\u0131n i\u00e7eriklerinde b\u00fclten haberlerinin ciddi oranda artt\u0131\u011f\u0131n\u0131 g\u00f6zlemlediklerini kaydeden Erk\u0131l\u0131n\u00e7, \u201cHalk\u0131n g\u00fcndeminden uzak; yaras\u0131na merhem, sorunlar\u0131na \u00e7are olmayacak haberleri \u00fcretmenin kimseye faydas\u0131n\u0131n olmad\u0131\u011f\u0131n\u0131 g\u00f6rmemiz gerekiyor. Nas\u0131l ki al\u0131\u015fveri\u015fe gitti\u011fimizde kalitesiz, bayatlam\u0131\u015f bir \u00fcr\u00fcn\u00fc alm\u0131yorsak; okurlar\u0131m\u0131z\u0131n da ayn\u0131 se\u00e7icili\u011fi g\u00f6sterece\u011fini iyi bilmemiz gerekiyor. \u00dcr\u00fcn\u00fcm\u00fcz belli: Haber, k\u00f6\u015fe yaz\u0131s\u0131 ve bilgi veren, haberdar eden di\u011fer i\u00e7erikler. Bu \u00fcr\u00fcn\u00fcn kalitesini art\u0131rmad\u0131\u011f\u0131m\u0131z m\u00fcddet\u00e7e ne gazetemizi satabilir ne de internet haber sitelerimize okur \u00e7ekebiliriz. \u00dcstelik azalan etki g\u00fcc\u00fc nedeniyle ilan ve reklamlar\u0131m\u0131z\u0131 bir bir kaybederiz. En b\u00fcy\u00fck sorunumuzun kaliteli \u00fcr\u00fcn ve buna ba\u011fl\u0131 olarak azalan etki g\u00fcc\u00fc oldu\u011fu ger\u00e7e\u011fini art\u0131k kabul etmelisiniz\u201d de\u011ferlendirmesinde bulundu.<\/p>\n\n\n\n<p>Yay\u0131nlar\u0131n y\u00fcksek maa\u015f \u00f6dememek ad\u0131na deneyimli gazeteci \u00e7al\u0131\u015ft\u0131rmaktan imtina etti\u011fine i\u015faret eden Erk\u0131l\u0131n\u00e7, fikir i\u015f\u00e7isi kadrolar\u0131nda k\u0131demli \u00e7al\u0131\u015fanlar ile mesle\u011fe yeni ba\u015flayanlar aras\u0131ndaki hassas dengenin g\u00f6zetilmesinin \u00f6nemini vurgulad\u0131.<\/p>\n\n\n\n<p><strong>Dan\u0131\u015ftay\u2019dan Y\u00f6netim Kurulu karar\u0131na iptal<\/strong><\/p>\n\n\n\n<p>Dan\u0131\u015ftay 10. Dairesi\u2019nin yak\u0131n bir tarihte ald\u0131\u011f\u0131 y\u00fcr\u00fctmeyi durdurma karar\u0131na dikkat \u00e7eken Erk\u0131l\u0131n\u00e7, \u015f\u00f6yle devam etti:<\/p>\n\n\n\n<p>\u201cBiliyorsunuz Anayasa Mahkemesi, 2022 y\u0131l\u0131nda ald\u0131\u011f\u0131 pilot kararla Bas\u0131n Ahlak Esaslar\u0131n\u0131 da i\u00e7ine alan 195 say\u0131l\u0131 Kanunun 49. maddesinin \u00e7er\u00e7evesinin ve s\u0131n\u0131rlar\u0131n\u0131n yeniden \u00e7izilmesi gerekti\u011fine i\u015faret etmi\u015fti. \u0130lgili maddenin TBMM Genel Kurulu\u2019nda g\u00f6r\u00fc\u015f\u00fclerek yeniden d\u00fczenlenmesi i\u00e7in de bir y\u0131l s\u00fcre tan\u0131m\u0131\u015ft\u0131. Bu karar \u00fczerine Y\u00f6netim Kurulumuz, ola\u011fan\u00fcst\u00fc toplanarak Bas\u0131n Ahlak Esaslar\u0131na ili\u015fkin \u015fik\u00e2yet ba\u015fvurular\u0131n\u0131n kayda al\u0131naca\u011f\u0131n\u0131 ancak d\u00fczenleme yap\u0131l\u0131ncaya kadar i\u015flem tesis edilmeyece\u011fini kamuoyuna duyurmu\u015ftu. Aradan neredeyse 3 y\u0131la yak\u0131n bir s\u00fcre ge\u00e7ti ve 100 civar\u0131nda \u015fik\u00e2yet dosyam\u0131z var. Bu esnada \u0130stanbul B\u00fcy\u00fck\u015fehir Belediyesi i\u015ftiraki Metro \u0130stanbul A\u015e, bir gazetemiz hakk\u0131nda yay\u0131mlad\u0131\u011f\u0131 habere ili\u015fkin \u015fik\u00e2yette bulundu. Anayasa Mahkemesi ve Y\u00f6netim Kurulu kararlar\u0131n\u0131 i\u015faret ederek, kanun de\u011fi\u015fikli\u011fini bekledi\u011fimizi bildirdik. Ancak Metro \u0130stanbul A\u015e, Y\u00f6netim Kurulumuzun ald\u0131\u011f\u0131 karar\u0131n iptali istemiyle Dan\u0131\u015ftay\u2019da dava a\u00e7t\u0131. Dan\u0131\u015ftay 10. Dairesi de Y\u00f6netim Kurulu karar\u0131m\u0131z\u0131n y\u00fcr\u00fctmesini durdurdu. Gelinen a\u015famada t\u00fcm \u015fik\u00e2yet dosyalar\u0131n\u0131 ba\u015fvuru s\u0131ras\u0131na g\u00f6re bulunduklar\u0131 raftan indirerek Bas\u0131n Ahlak Esaslar\u0131 \u00e7er\u00e7evesinde incelemeye ald\u0131k.\u201d&nbsp;<\/p>\n\n\n\n<p><strong>Medya haks\u0131z su\u00e7lamalara izin vermemeli<\/strong><\/p>\n\n\n\n<p>Anayasa Mahkemesi\u2019nin karar\u0131na duyulan sayg\u0131n\u0131n bir gere\u011fi olarak al\u0131nan Y\u00f6netim Kurulu karar\u0131ndan bu kez Dan\u0131\u015ftay Karar\u0131na duyulan sayg\u0131dan \u00f6t\u00fcr\u00fc vazge\u00e7ildi\u011fini belirten Erk\u0131l\u0131n\u00e7, aradan ge\u00e7en s\u00fcrede i\u015flem tesis etmeyerek kaba bir hesapla devletin 10 milyon lira civar\u0131nda dava gideri ve tazminat \u00f6demesini engellediklerini ifade etti.<\/p>\n\n\n\n<p>Medyaya da seslenen Erk\u0131l\u0131n\u00e7, \u201c3 y\u0131ld\u0131r tek bir karar almad\u0131\u011f\u0131m\u0131z halde sanki bir karar vermi\u015fiz de Anayasa Mahkemesi bizi haks\u0131z bulmu\u015f gibi Kurumumuz, bas\u0131n arac\u0131l\u0131\u011f\u0131yla su\u00e7lanmaya devam ediliyor. Kimse Anayasa Mahkemesi\u2019nin benzer konudaki \u00f6nceki karar\u0131ndan bahsetmiyor. Mahkeme, son karar\u0131nda da Kurumumuzun bu konuda inceleme yapma yetkisinin bulundu\u011funu a\u00e7\u0131k\u00e7a ifade ediyor. Sadece \u2018yapt\u0131r\u0131ma dair s\u0131n\u0131r\u0131, \u00e7er\u00e7eveyi iyi \u00e7iz\u2019 diyor, hepsi bu. Bilgi eksikli\u011fi veya kas\u0131tl\u0131 olarak Kurumumuzu ele\u015ftirenler bir kenara en az\u0131ndan meslekta\u015flar\u0131m\u0131z bu haks\u0131zl\u0131\u011f\u0131 bizlere reva g\u00f6rmesinler. \u0130yi niyetimiz apa\u00e7\u0131k ortadayken \u015fimdi inceledi\u011fimiz dosyalar \u00fczerinden gelebilecek ele\u015ftirilere ve haks\u0131z su\u00e7lamalara l\u00fctfen izin vermeyin\u201d \u015feklinde konu\u015ftu.<\/p>\n\n\n\n<p>Erk\u0131l\u0131n\u00e7, Kurumun asli g\u00f6revinin objektif kriterlerle ve adil bir \u015fekilde bas\u0131n\u0131 desteklemek oldu\u011funu belirterek, nitelikli yay\u0131nlar\u0131 \u00f6ncelemeye ve te\u015fvike devam edeceklerini s\u00f6zlerine ekledi.<\/p>\n\n\n\n<p>Genel M\u00fcd\u00fcr Erk\u0131l\u0131n\u00e7\u2019\u0131n konu\u015fmas\u0131n\u0131n ard\u0131ndan b\u00f6lge toplant\u0131s\u0131, kat\u0131l\u0131mc\u0131lar\u0131n g\u00f6r\u00fc\u015flerinin al\u0131nmas\u0131 ve sorular\u0131n cevapland\u0131r\u0131lmas\u0131yla sona erdi.<\/p>\n\n\n\n<p>Toplant\u0131da Genel M\u00fcd\u00fcr Yard\u0131mc\u0131s\u0131 O\u011fuz Ak\u00e7akoca ve Antalya B\u00f6lge M\u00fcd\u00fcr\u00fc \u0130dris Cirit de haz\u0131r bulundu.<\/p>\n\n\n\n<p>Gazete ve \u0130nternet Haber Sitesi Temsilcileri B\u00f6lge Toplant\u0131lar\u0131, 13 May\u0131s 2025 Sal\u0131 g\u00fcn\u00fc Adana\u2019da d\u00fczenlenecek bulu\u015fmayla devam edecek.<\/p>\n","protected":false},"excerpt":{"rendered":"<p>Bas\u0131n \u0130lan Kurumu (B\u0130K) Genel M\u00fcd\u00fcr\u00fc Cavit Erk\u0131l\u0131n\u00e7, Anayasa Mahkemesi\u2019nin karar\u0131n\u0131n ard\u0131ndan Y\u00f6netim Kurulunca beklemeye al\u0131nan Bas\u0131n Ahlak Esaslar\u0131na ili\u015fkin \u015fik\u00e2yetlerin, Dan\u0131\u015ftay karar\u0131 sonras\u0131nda yeniden incelenmesine ba\u015fland\u0131\u011f\u0131n\u0131 bildirdi. B\u0130K Genel M\u00fcd\u00fcr\u00fc Cavit Erk\u0131l\u0131n\u00e7, Antalya, Burdur, Denizli ve Isparta\u2019da Kurum g\u00f6rev alan\u0131nda bulunan gazete ve internet haber sitesi temsilcileriyle b\u00f6lge toplant\u0131s\u0131nda bir araya geldi. Antalya Ticaret [&hellip;]<\/p>\n","protected":false},"author":2,"featured_media":42465,"comment_status":"closed","ping_status":"closed","sticky":false,"template":"","format":"standard","meta":{"footnotes":""},"categories":[3],"tags":[],"class_list":["post-42464","post","type-post","status-publish","format-standard","has-post-thumbnail","hentry","category-manset"],"views":5,"_links":{"self":[{"href":"https:\/\/mersinkadingazetesi.com\/index.php?rest_route=\/wp\/v2\/posts\/42464"}],"collection":[{"href":"https:\/\/mersinkadingazetesi.com\/index.php?rest_route=\/wp\/v2\/posts"}],"about":[{"href":"https:\/\/mersinkadingazetesi.com\/index.php?rest_route=\/wp\/v2\/types\/post"}],"author":[{"embeddable":true,"href":"https:\/\/mersinkadingazetesi.com\/index.php?rest_route=\/wp\/v2\/users\/2"}],"replies":[{"embeddable":true,"href":"https:\/\/mersinkadingazetesi.com\/index.php?rest_route=%2Fwp%2Fv2%2Fcomments&post=42464"}],"version-history":[{"count":1,"href":"https:\/\/mersinkadingazetesi.com\/index.php?rest_route=\/wp\/v2\/posts\/42464\/revisions"}],"predecessor-version":[{"id":42466,"href":"https:\/\/mersinkadingazetesi.com\/index.php?rest_route=\/wp\/v2\/posts\/42464\/revisions\/42466"}],"wp:featuredmedia":[{"embeddable":true,"href":"https:\/\/mersinkadingazetesi.com\/index.php?rest_route=\/wp\/v2\/media\/42465"}],"wp:attachment":[{"href":"https:\/\/mersinkadingazetesi.com\/index.php?rest_route=%2Fwp%2Fv2%2Fmedia&parent=42464"}],"wp:term":[{"taxonomy":"category","embeddable":true,"href":"https:\/\/mersinkadingazetesi.com\/index.php?rest_route=%2Fwp%2Fv2%2Fcategories&post=42464"},{"taxonomy":"post_tag","embeddable":true,"href":"https:\/\/mersinkadingazetesi.com\/index.php?rest_route=%2Fwp%2Fv2%2Ftags&post=42464"}],"curies":[{"name":"wp","href":"https:\/\/api.w.org\/{rel}","templated":true}]}}