{"id":42470,"date":"2025-05-12T10:21:51","date_gmt":"2025-05-12T07:21:51","guid":{"rendered":"https:\/\/mersinkadingazetesi.com\/?p=42470"},"modified":"2025-05-12T10:21:52","modified_gmt":"2025-05-12T07:21:52","slug":"buyuksehir-yks-adaylarini-sinav-oncesi-de-yalniz-birakmiyor","status":"publish","type":"post","link":"https:\/\/mersinkadingazetesi.com\/?p=42470","title":{"rendered":"B\u00dcY\u00dcK\u015eEH\u0130R, YKS ADAYLARINI SINAV \u00d6NCES\u0130 DE YALNIZ BIRAKMIYOR"},"content":{"rendered":"\n<p>Anamur&#8217;dan \u00c7aml\u0131yayla&#8217;ya kadar her \u00f6\u011frencinin e\u011fitimde f\u0131rsat e\u015fitli\u011fini yakalamas\u0131 i\u00e7in, Sosyal Hizmetler Dairesi Ba\u015fkanl\u0131\u011f\u0131 b\u00fcnyesinde kent genelinde a\u00e7t\u0131\u011f\u0131 kurs merkezleri ile hem LGS hem de YKS \u00f6\u011frencilerinin yan\u0131nda olan Mersin B\u00fcy\u00fck\u015fehir Belediyesi, onlara kapsaml\u0131 destekler sunmaya devam ediyor. Y\u0131l boyunca kaynak kitap, soru bankas\u0131 ve denemelerle \u00f6\u011frencilerin akademik ba\u015far\u0131lar\u0131n\u0131 art\u0131rmay\u0131 ve e\u011fitim hedeflerine ula\u015fmalar\u0131n\u0131 ama\u00e7layan B\u00fcy\u00fck\u015fehir, bu kapsamda s\u0131nav \u00f6ncesi ve s\u0131nav sonras\u0131nda da \u00f6\u011frencileri yaln\u0131z b\u0131rakm\u0131yor.<\/p>\n\n\n\n<p>B\u00fcy\u00fck\u015fehir Belediyesi, 21-22 Haziran&#8217;da ger\u00e7ekle\u015ftirilecek olan Y\u00fcksek\u00f6\u011fretim Kurumlar\u0131 S\u0131nav\u0131&#8217;na (YKS) az bir zaman kala, \u00f6\u011frencilere y\u00f6nelik s\u0131nav provas\u0131 d\u00fczenledi. S\u0131nav saatinden \u00f6nce YKS format\u0131na uygun test kitap\u00e7\u0131klar\u0131 da\u011f\u0131t\u0131l\u0131rken, g\u00f6zetmenler e\u015fli\u011finde \u00f6\u011frenciler belirlenen s\u00fcrede s\u0131nav\u0131 tamamlad\u0131. \u00d6\u011frenciler s\u0131nav provas\u0131 sayesinde stres ve zaman y\u00f6netimi becerilerini geli\u015ftirme f\u0131rsat\u0131 bulurken, bir taraftan da bilgi d\u00fczeylerini test etme imkan\u0131na kavu\u015ftu. Ger\u00e7ek s\u0131nav atmosferinde yap\u0131lan uygulama ile \u00f6\u011frenciler, kar\u015f\u0131la\u015fabilecekleri durumlar\u0131 g\u00f6zlemleme \u015fans\u0131 yakalad\u0131. Bu heyecan\u0131 \u00e7ocuklar\u0131 ile birlikte payla\u015fan veliler ise yap\u0131lan bu uygulamadan olduk\u00e7a memnun kald\u0131.<\/p>\n\n\n\n<p><strong>Ta\u015far: &#8220;Bu provalarla, \u00f6\u011frencilerin s\u0131nav kayg\u0131s\u0131n\u0131 yenmelerini ama\u00e7l\u0131yoruz&#8221;<\/strong><\/p>\n\n\n\n<p>Erdemli E\u011fitim ve \u00d6\u011fretimi Destekleme Kurs Merkezi Sorumlusu Dilek Ta\u015far, \u00f6\u011frencilerin s\u0131nav esnas\u0131nda ya\u015fayabilecekleri olumlu ve olumsuz durumlar\u0131 erkenden fark etmelerini sa\u011flamak amac\u0131yla, kalan s\u00fcre\u00e7te ne yapmalar\u0131 gerekti\u011fini \u00f6nemsediklerini belirterek&nbsp;<strong>&#8220;S\u0131nav \u00f6ncesinde oldu\u011fu gibi, s\u0131nav sonras\u0131nda da B\u00fcy\u00fck\u015fehir Belediyesi olarak \u00f6\u011frencilerimizi desteklemeye devam edece\u011fiz&#8221;<\/strong>&nbsp;dedi.<\/p>\n\n\n\n<p>Yap\u0131lan provan\u0131n \u00f6\u011frencilere sa\u011flad\u0131\u011f\u0131 avantajlara da de\u011finen Ta\u015far, \u00f6\u011frencilerin bu prova ile birlikte \u00f6ncelikle zaman ve stres y\u00f6netimi a\u00e7\u0131s\u0131ndan kendilerini g\u00f6rme f\u0131rsat\u0131 bulduklar\u0131n\u0131 dile getirdi. Ta\u015far,&nbsp;<strong>&#8220;Bizler kurs merkezlerimizde her hafta d\u00fczenli bir \u015fekilde deneme s\u0131navlar\u0131 yap\u0131yoruz. May\u0131s ortas\u0131nda ise seri denemelerimiz ba\u015flayacak. Rehber \u00f6\u011fretmen takibinde \u00e7al\u0131\u015fmalar\u0131m\u0131z devam ediyor. \u00d6\u011frencilerimizin g\u00fczel bir ba\u015far\u0131y\u0131 sa\u011flayaca\u011f\u0131ndan eminiz. \u00c7\u00fcnk\u00fc gayretli ve istekliler&#8221;<\/strong>&nbsp;ifadelerini kulland\u0131.<\/p>\n\n\n\n<p><strong>\u00d6\u011frenciler, provay\u0131 \u00e7ok faydal\u0131 buldu<\/strong><\/p>\n\n\n\n<p>Erdemli Kurs Merkezi&#8217;nde e\u011fitim g\u00f6ren \u00f6\u011frencilerden Sinem \u00d6ren; s\u0131nav provas\u0131n\u0131n \u00e7ok g\u00fczel ge\u00e7ti\u011fini, bu sayede YKS&#8217;ye daha \u00e7ok haz\u0131rlanma imkan\u0131 oldu\u011funu s\u00f6yleyerek,&nbsp;<strong>&#8220;Gerek sorular, gerek kurum d\u00fczeni ve g\u00f6zetmenler hepsi ger\u00e7ek bir s\u0131nav format\u0131ndayd\u0131. Ben \u00e7ok memnun kald\u0131m. Bu provalarla s\u0131nav stresini daha da azalt\u0131yorum. Kurs merkezinin \u00fccretsiz olmas\u0131 \u00e7ok g\u00fczel. Bize TYT ve AYT olmak \u00fczere alan\u0131m\u0131za y\u00f6nelik her dersten kaynak ve soru bankas\u0131 kitaplar\u0131 verildi. Sorular ger\u00e7ekten kaliteli. Her deneme sonras\u0131nda da anlamad\u0131\u011f\u0131m\u0131z yerlerle ilgili et\u00fct alabiliyoruz. Bizim i\u00e7in \u00e7ok faydal\u0131 oldu&#8221;&nbsp;<\/strong>dedi. D\u0131\u015farda verilen \u00f6zel e\u011fitimlerin olduk\u00e7a pahal\u0131 oldu\u011funu da dile getiren \u00d6ren,&nbsp;<strong>&#8220;Her ailede okuyan 2 \u00f6\u011frenci oldu\u011funu d\u00fc\u015f\u00fcnsek, ailelerin s\u0131rt\u0131na \u00e7ok fazla y\u00fck biniyor. B\u00f6yle kurs merkezlerinin olmas\u0131 hem bizim hem de velilerimiz i\u00e7in \u00e7ok g\u00fczel bir olanak. Vahap Ba\u015fkan\u0131m\u0131za, kendim ve arkada\u015flar\u0131m ad\u0131na \u00e7ok te\u015fekk\u00fcr ediyorum&#8221;<\/strong>&nbsp;s\u00f6zlerine yer verdi.<\/p>\n\n\n\n<p>\u00d6\u011frencilerden Fatmanur Yazar da s\u0131nav provas\u0131n\u0131n \u00f6\u011frenciler i\u00e7in \u00e7ok iyi oldu\u011funu belirterek,&nbsp;<strong>&#8220;Bizim i\u00e7in s\u0131nav stresimizi azaltan bir deneyim oldu. Kurs merkezinden \u00e7ok memnunuz. \u00d6\u011fretmenlerimiz \u00e7ok ilgili. Bire bir et\u00fct alabiliyoruz ve et\u00fct odalar\u0131nda istedi\u011fimiz zaman ders \u00e7al\u0131\u015fabiliyoruz. Her \u015feyimiz \u00fccretsiz. Herkese tavsiye edebilirim. Hem \u00fccretsiz, hem de kaliteli bir e\u011fitim al\u0131yoruz&#8221;<\/strong>&nbsp;dedi.<\/p>\n\n\n\n<p><strong>\u00d6\u011frencilerle birlikte s\u0131nav heyecan\u0131n\u0131 ya\u015fayan veliler de s\u0131nav provas\u0131ndan memnun kald\u0131<\/strong><\/p>\n\n\n\n<p>Erdemli&#8217;de ikamet eden ve k\u0131z\u0131n\u0131 s\u0131nava getiren velilerden Mehmet Do\u011faner,&nbsp;<strong>&#8220;B\u00f6yle bir uygulamadan \u00e7ok memnun kald\u0131k. \u00dcniversiteye haz\u0131rlanan \u00f6\u011frencilerimizin hem akademik, hem de psikolojik olarak ger\u00e7ek\u00e7i bir formatta s\u0131nava haz\u0131rlan\u0131yor olmas\u0131 \u00e7ok g\u00fczel. Hem \u00f6\u011frenciler hem veliler olarak ger\u00e7ek bir s\u0131nav heyecan\u0131 ya\u015fad\u0131k. Bir veli olarak g\u00f6z\u00fcm arkada de\u011fil. K\u0131z\u0131m iyi ki B\u00fcy\u00fck\u015fehir&#8217;in kursuna gidiyor. \u00d6\u011frencilerimiz isteyerek, severek ve heyecanla kursa gidiyor. Bu da bizleri mutlu ediyor&#8221;<\/strong>&nbsp;\u015feklinde konu\u015ftu.<\/p>\n\n\n\n<p>Ba\u015fka bir veli S\u00fcleyman G\u00fcng\u00f6r ise, yap\u0131lan provay\u0131 \u00f6\u011frenciler i\u00e7in \u00e7ok faydal\u0131 buldu\u011funu anlatarak,&nbsp;<strong>&#8220;S\u0131nav ger\u00e7ek formata \u00e7ok uygundu. Bizler veli olarak B\u00fcy\u00fck\u015fehir&#8217;in verdi\u011fi emeklerden \u00e7ok memnunuz. Mersin, n\u00fcfus olarak da yo\u011fun bir \u015fehir. \u00c7aml\u0131yayla&#8217;dan Anamur&#8217;a kadar bu hizmetlerin gitmesi memnuniyet verici&#8221;<\/strong>&nbsp;&nbsp;dedi.<\/p>\n","protected":false},"excerpt":{"rendered":"<p>Anamur&#8217;dan \u00c7aml\u0131yayla&#8217;ya kadar her \u00f6\u011frencinin e\u011fitimde f\u0131rsat e\u015fitli\u011fini yakalamas\u0131 i\u00e7in, Sosyal Hizmetler Dairesi Ba\u015fkanl\u0131\u011f\u0131 b\u00fcnyesinde kent genelinde a\u00e7t\u0131\u011f\u0131 kurs merkezleri ile hem LGS hem de YKS \u00f6\u011frencilerinin yan\u0131nda olan Mersin B\u00fcy\u00fck\u015fehir Belediyesi, onlara kapsaml\u0131 destekler sunmaya devam ediyor. Y\u0131l boyunca kaynak kitap, soru bankas\u0131 ve denemelerle \u00f6\u011frencilerin akademik ba\u015far\u0131lar\u0131n\u0131 art\u0131rmay\u0131 ve e\u011fitim hedeflerine ula\u015fmalar\u0131n\u0131 ama\u00e7layan [&hellip;]<\/p>\n","protected":false},"author":2,"featured_media":42471,"comment_status":"closed","ping_status":"closed","sticky":false,"template":"","format":"standard","meta":{"footnotes":""},"categories":[3],"tags":[],"class_list":["post-42470","post","type-post","status-publish","format-standard","has-post-thumbnail","hentry","category-manset"],"views":4,"_links":{"self":[{"href":"https:\/\/mersinkadingazetesi.com\/index.php?rest_route=\/wp\/v2\/posts\/42470"}],"collection":[{"href":"https:\/\/mersinkadingazetesi.com\/index.php?rest_route=\/wp\/v2\/posts"}],"about":[{"href":"https:\/\/mersinkadingazetesi.com\/index.php?rest_route=\/wp\/v2\/types\/post"}],"author":[{"embeddable":true,"href":"https:\/\/mersinkadingazetesi.com\/index.php?rest_route=\/wp\/v2\/users\/2"}],"replies":[{"embeddable":true,"href":"https:\/\/mersinkadingazetesi.com\/index.php?rest_route=%2Fwp%2Fv2%2Fcomments&post=42470"}],"version-history":[{"count":1,"href":"https:\/\/mersinkadingazetesi.com\/index.php?rest_route=\/wp\/v2\/posts\/42470\/revisions"}],"predecessor-version":[{"id":42472,"href":"https:\/\/mersinkadingazetesi.com\/index.php?rest_route=\/wp\/v2\/posts\/42470\/revisions\/42472"}],"wp:featuredmedia":[{"embeddable":true,"href":"https:\/\/mersinkadingazetesi.com\/index.php?rest_route=\/wp\/v2\/media\/42471"}],"wp:attachment":[{"href":"https:\/\/mersinkadingazetesi.com\/index.php?rest_route=%2Fwp%2Fv2%2Fmedia&parent=42470"}],"wp:term":[{"taxonomy":"category","embeddable":true,"href":"https:\/\/mersinkadingazetesi.com\/index.php?rest_route=%2Fwp%2Fv2%2Fcategories&post=42470"},{"taxonomy":"post_tag","embeddable":true,"href":"https:\/\/mersinkadingazetesi.com\/index.php?rest_route=%2Fwp%2Fv2%2Ftags&post=42470"}],"curies":[{"name":"wp","href":"https:\/\/api.w.org\/{rel}","templated":true}]}}