{"id":42476,"date":"2025-05-12T10:46:59","date_gmt":"2025-05-12T07:46:59","guid":{"rendered":"https:\/\/mersinkadingazetesi.com\/?p=42476"},"modified":"2025-05-12T10:47:00","modified_gmt":"2025-05-12T07:47:00","slug":"deva-partili-ekmen-faiz-ve-kur-kontrolune-bir-gecede-milyarlar-akitiyor-don-magduru-ciftciye-hala-tek-kurus-odeme-yok","status":"publish","type":"post","link":"https:\/\/mersinkadingazetesi.com\/?p=42476","title":{"rendered":"DEVA Partili Ekmen: Faiz ve kur kontrol\u00fcne bir gecede milyarlar ak\u0131t\u0131yor, don ma\u011fduru \u00e7ift\u00e7iye h\u00e2l\u00e2 tek kuru\u015f \u00f6deme yok\u00a0"},"content":{"rendered":"\n<figure class=\"wp-block-table\"><table class=\"has-fixed-layout\"><tbody><tr><td><strong>DEVA Partisi Genel Ba\u015fkan Yard\u0131mc\u0131s\u0131 ve Mersin Milletvekili Mehmet Emin Ekmen, T\u00fcrkiye B\u00fcy\u00fck Millet Meclisinde yapt\u0131\u011f\u0131 konu\u015fmada bu y\u0131l ya\u015fanan zirai don felaketlerine ve iktidar\u0131n bu s\u00fcre\u00e7te \u00e7ift\u00e7iye kar\u015f\u0131 tak\u0131nd\u0131\u011f\u0131 kay\u0131ts\u0131z tutuma dikkat \u00e7ekti. Ekmen, \u015fubat ay\u0131ndan bu yana ba\u015fta Mersin, Adana ve Antalya olmak \u00fczere bir\u00e7ok ilde ya\u015fanan felaketlerin a\u011f\u0131r sonu\u00e7lar do\u011furdu\u011funu, ancak Tar\u0131m ve Orman Bakanl\u0131\u011f\u0131n\u0131n h\u00e2l\u00e2 somut bir ad\u0131m atmad\u0131\u011f\u0131n\u0131 vurgulad\u0131.<\/strong><strong>&nbsp;<\/strong>DEVA Partisi Genel Ba\u015fkan Yard\u0131mc\u0131s\u0131 ve Mersin Milletvekili Mehmet Emin Ekmen, T\u00fcrkiye B\u00fcy\u00fck Millet Meclisinde yapt\u0131\u011f\u0131 konu\u015fmada bu y\u0131l ya\u015fanan zirai don felaketlerine ve iktidar\u0131n bu s\u00fcre\u00e7te \u00e7ift\u00e7iye kar\u015f\u0131 tak\u0131nd\u0131\u011f\u0131 kay\u0131ts\u0131z tutuma dikkat \u00e7ekti.&nbsp;<strong>\u0130lk zirai don, 20\u201325 \u015eubat\u2019ta ya\u015fand\u0131<\/strong>Kamuoyunda mart ve nisan aylar\u0131ndaki geli\u015fmelerle g\u00fcndeme gelen don felaketinin asl\u0131nda \u00e7ok daha \u00f6nce ba\u015flad\u0131\u011f\u0131n\u0131 belirten Ekmen, \u201c\u00dclkemizde bu y\u0131l ya\u015fanm\u0131\u015f olan ilk zirai don felaketi, 20\u201325 \u015eubat tarihleri aras\u0131nda Mersin, Adana ve Antalya\u2019da meydana geldi. Bu felaketin \u00fczerinden bu konu\u015fmay\u0131 yapt\u0131\u011f\u0131m g\u00fcn itibariyle tam 77 g\u00fcn ge\u00e7ti ama h\u00e2l\u00e2 ne hasar tespiti a\u00e7\u0131kland\u0131 ne de \u00e7ift\u00e7inin zarar\u0131 telafi edildi. Daha sonra Anadolu&#8217;yu geni\u015f olarak kapsayan ve onlarca meyveyi-sebzeyi ve 65 ili etkisi alt\u0131na alan zirai don felaketi g\u00fcndeme geldi. Bir memlekette t\u0131pk\u0131 deprem gibi, zirai don felaketi gibi beklenmeyen bir durum oldu\u011funda vatanda\u015flar\u0131n ilk beklentisi; devletin bu konuda yaralara nas\u0131l merhem olaca\u011f\u0131, zor durumda bulunan \u00e7ift\u00e7iye ilk can suyunu nas\u0131l verece\u011fidir\u201d dedi.<strong>\u2009<\/strong><strong>Devlet ne tespitlerini a\u00e7\u0131klad\u0131 ne de \u00f6deme yapt\u0131<\/strong>Tar\u0131m ve Orman Bakanl\u0131\u011f\u0131n\u0131n \u00fc\u00e7 b\u00fcy\u00fck tar\u0131m kentinde ya\u015fanan bu felakete dair hala tesbitleri a\u00e7\u0131klamad\u0131\u011f\u0131n\u0131 vurgulayan Ekmen, \u201cTam 77 g\u00fcnd\u00fcr Mersin, Adana ve Antalya&#8217;da ya\u015fanan zirai don felaketinin hasar tespit raporlar\u0131 hen\u00fcz a\u00e7\u0131klanmam\u0131\u015ft\u0131r. Devlet bir \u015feyi \u00f6nce tespit eder, sonra bununla e\u015f zamanl\u0131 olarak da alaca\u011f\u0131 tedbirleri a\u00e7\u0131klar. Yetmi\u015f dokuz g\u00fcnd\u00fcr bir ilin g\u00f6rd\u00fc\u011f\u00fc hasar\u0131 dahi a\u00e7\u0131klamayan, yap\u0131lm\u0131\u015f olan tespitlere kar\u015f\u0131 \u00e7ift\u00e7iye itiraz etme hakk\u0131 sunmayan Tar\u0131m ve Orman Bakanl\u0131 Say\u0131n \u0130brahim Yumakl\u0131 ile Ziraat bankas\u0131 Genel M\u00fcd\u00fcr\u00fc Say\u0131n Alpaslan \u00c7akar acaba ne zaman bu \u00e7ift\u00e7iye yard\u0131m etmeyi d\u00fc\u015f\u00fcnmektedir? \u00c7ift\u00e7inin i\u00e7ine d\u00fc\u015ft\u00fc\u011f\u00fc bu h\u00e2lin sadece bir \u00fcr\u00fcnde de\u011fil; onlarca \u00fcr\u00fcnde oldu\u011funu, \u00f6rt\u00fc alt\u0131 tar\u0131m\u0131 dahi etkiledi\u011fini, meyve bah\u00e7elerinde %70&#8217;e ula\u015fan verim kayb\u0131 oldu\u011funu ve bir k\u0131sm\u0131n\u0131n g\u00f6zeneklerin dolmas\u0131 nedeniyle \u00f6n\u00fcm\u00fczdeki y\u0131lda meyve al\u0131namaz h\u00e2le geldi\u011fini ama bir k\u0131s\u0131m bah\u00e7elerin de a\u011fa\u00e7lar\u0131n k\u00f6kten kesilmesini gerektirecek kadar zarar g\u00f6rd\u00fc\u011f\u00fcn\u00fc ifade edelim\u201d dedi.<strong>&nbsp;<\/strong><strong>G\u0131da enflasyonunda d\u00fcnya birincisiyiz ama \u00e7ift\u00e7iye sahip \u00e7\u0131kan yok<\/strong>Ekmen, \u201cG\u0131da enflasyonu d\u00fcnyada %6\u20137 seviyesindeyken, bizde %65\u201370 aral\u0131\u011f\u0131nda. Bu kadar b\u00fcy\u00fck \u00fcr\u00fcn kay\u0131plar\u0131n\u0131n oldu\u011fu bir y\u0131lda bu \u00fcr\u00fcnler pazara gelmedi\u011finde, vatanda\u015f sebzeyi, meyveyi nas\u0131l alacak? Bu g\u0131da enflasyonuna kar\u015f\u0131 nas\u0131l bir tedbir al\u0131nacak? Yarg\u0131 operasyonunun kura etkisini azaltmak i\u00e7in gece yar\u0131s\u0131 50 milyar dolar d\u00f6viz sat\u0131ld\u0131. Borsa \u00e7\u00f6kmesin diye a\u00e7\u0131\u011fa sat\u0131\u015f yasakland\u0131. Faiz art\u0131\u015f\u0131na kar\u015f\u0131 da tedbirler al\u0131nd\u0131. Peki ayn\u0131 kamu y\u00f6netimi neden 79 g\u00fcnd\u00fcr \u00e7ift\u00e7inin hesab\u0131na tek bir kuru\u015f yat\u0131rmad\u0131? Herkesin ekti\u011fi belli, \u00c7KS kay\u0131tlar\u0131 belli. Tahmini zarar 100 liraysa, hemen ertesi g\u00fcn \u00e7ift\u00e7inin hesab\u0131na 50 lira aktar\u0131lamaz m\u0131yd\u0131? Genel Ba\u015fkan\u0131m\u0131z Say\u0131n Ali Babacan&#8217;\u0131n ifade etti\u011fi gibi: &#8216;\u00c7ift\u00e7iye destek ver, y\u00fcksek faiz \u00f6demek zorunda kalma. Faize \u00f6deyece\u011fin paray\u0131 \u00e7ift\u00e7iye \u00f6de, kural basit.&#8217;\u201d dedi.<strong>Bu, sadece \u00e7ift\u00e7iye destek de\u011fil; domatesin 100 lira olmamas\u0131 i\u00e7in zorunluluktur<\/strong>Konu\u015fmas\u0131n\u0131n sonunda h\u00fck\u00fcmete do\u011frudan \u00e7a\u011fr\u0131da bulunan Ekmen, \u201cBurada anlatt\u0131klar\u0131m sadece \u00e7ift\u00e7iye yap\u0131lacak bir yard\u0131m de\u011fil, T\u00fcrkiye&#8217;nin g\u0131da g\u00fcvenli\u011fi i\u00e7in yap\u0131lmas\u0131 gereken bir g\u00f6revdir. E\u011fer kur korumal\u0131 mevduata, borsaya, faize g\u00f6sterilen refleksin %1\u2019i \u00e7ift\u00e7iye g\u00f6sterilmezse, \u00f6n\u00fcm\u00fczdeki y\u0131l 100 liraya domates, 70 liraya patates yemek ka\u00e7\u0131n\u0131lmaz olur. Tar\u0131m ve Orman Bakanl\u0131\u011f\u0131n\u0131n derhal harekete ge\u00e7mesi gerekiyor. Bor\u00e7lar ertelenmeli, sulama bedelleri kald\u0131r\u0131lmal\u0131, TARS\u0130M sigortas\u0131n\u0131n sorunlar\u0131 \u00e7\u00f6z\u00fclmeli, mazot deste\u011fi verilmeli, k\u0131sacas\u0131 \u00e7ift\u00e7iye can suyu sa\u011flanmal\u0131d\u0131r. Aksi takdirde bu gidi\u015fat, gidi\u015fat de\u011fildir\u201d diyerek yetkililere bir kez daha seslendi.<\/td><\/tr><\/tbody><\/table><\/figure>\n","protected":false},"excerpt":{"rendered":"<p>DEVA Partisi Genel Ba\u015fkan Yard\u0131mc\u0131s\u0131 ve Mersin Milletvekili Mehmet Emin Ekmen, T\u00fcrkiye B\u00fcy\u00fck Millet Meclisinde yapt\u0131\u011f\u0131 konu\u015fmada bu y\u0131l ya\u015fanan zirai don felaketlerine ve iktidar\u0131n bu s\u00fcre\u00e7te \u00e7ift\u00e7iye kar\u015f\u0131 tak\u0131nd\u0131\u011f\u0131 kay\u0131ts\u0131z tutuma dikkat \u00e7ekti. Ekmen, \u015fubat ay\u0131ndan bu yana ba\u015fta Mersin, Adana ve Antalya olmak \u00fczere bir\u00e7ok ilde ya\u015fanan felaketlerin a\u011f\u0131r sonu\u00e7lar do\u011furdu\u011funu, ancak Tar\u0131m [&hellip;]<\/p>\n","protected":false},"author":2,"featured_media":42205,"comment_status":"closed","ping_status":"closed","sticky":false,"template":"","format":"standard","meta":{"footnotes":""},"categories":[3],"tags":[],"class_list":["post-42476","post","type-post","status-publish","format-standard","has-post-thumbnail","hentry","category-manset"],"views":3,"_links":{"self":[{"href":"https:\/\/mersinkadingazetesi.com\/index.php?rest_route=\/wp\/v2\/posts\/42476"}],"collection":[{"href":"https:\/\/mersinkadingazetesi.com\/index.php?rest_route=\/wp\/v2\/posts"}],"about":[{"href":"https:\/\/mersinkadingazetesi.com\/index.php?rest_route=\/wp\/v2\/types\/post"}],"author":[{"embeddable":true,"href":"https:\/\/mersinkadingazetesi.com\/index.php?rest_route=\/wp\/v2\/users\/2"}],"replies":[{"embeddable":true,"href":"https:\/\/mersinkadingazetesi.com\/index.php?rest_route=%2Fwp%2Fv2%2Fcomments&post=42476"}],"version-history":[{"count":1,"href":"https:\/\/mersinkadingazetesi.com\/index.php?rest_route=\/wp\/v2\/posts\/42476\/revisions"}],"predecessor-version":[{"id":42477,"href":"https:\/\/mersinkadingazetesi.com\/index.php?rest_route=\/wp\/v2\/posts\/42476\/revisions\/42477"}],"wp:featuredmedia":[{"embeddable":true,"href":"https:\/\/mersinkadingazetesi.com\/index.php?rest_route=\/wp\/v2\/media\/42205"}],"wp:attachment":[{"href":"https:\/\/mersinkadingazetesi.com\/index.php?rest_route=%2Fwp%2Fv2%2Fmedia&parent=42476"}],"wp:term":[{"taxonomy":"category","embeddable":true,"href":"https:\/\/mersinkadingazetesi.com\/index.php?rest_route=%2Fwp%2Fv2%2Fcategories&post=42476"},{"taxonomy":"post_tag","embeddable":true,"href":"https:\/\/mersinkadingazetesi.com\/index.php?rest_route=%2Fwp%2Fv2%2Ftags&post=42476"}],"curies":[{"name":"wp","href":"https:\/\/api.w.org\/{rel}","templated":true}]}}