{"id":42482,"date":"2025-05-12T17:35:12","date_gmt":"2025-05-12T14:35:12","guid":{"rendered":"https:\/\/mersinkadingazetesi.com\/?p=42482"},"modified":"2025-05-12T17:35:12","modified_gmt":"2025-05-12T14:35:12","slug":"baskan-secer-1-yil-icerisinde-itfaiye-teskilatimizin-hicbir-eksigi-kalmayacak","status":"publish","type":"post","link":"https:\/\/mersinkadingazetesi.com\/?p=42482","title":{"rendered":"BA\u015eKAN SE\u00c7ER: &#8220;1 YIL \u0130\u00c7ER\u0130S\u0130NDE \u0130TFA\u0130YE TE\u015eK\u0130LATIMIZIN H\u0130\u00c7B\u0130R EKS\u0130\u011e\u0130 KALMAYACAK&#8221;"},"content":{"rendered":"\n<p>Mersin B\u00fcy\u00fck\u015fehir Belediye Meclisi&#8217;nin 2025 Y\u0131l\u0131 May\u0131s Ay\u0131 Ola\u011fan Toplant\u0131s\u0131&#8217;n\u0131n 1. Birle\u015fimi, Mersin B\u00fcy\u00fck\u015fehir Belediye Ba\u015fkan\u0131 Vahap Se\u00e7er ba\u015fkanl\u0131\u011f\u0131nda ger\u00e7ekle\u015ftirildi. Mersin B\u00fcy\u00fck\u015fehir Belediyesi Kongre ve Sergi Saray\u0131 \u00c7ok Ama\u00e7l\u0131 Salon&#8217;da ger\u00e7ekle\u015ftirilen Meclis Toplant\u0131s\u0131&#8217;nda Birimlerden Gelen 44, Komisyonlara Havale Edilen 9 ve G\u00fcndem D\u0131\u015f\u0131 2 madde olmak \u00fczere toplam 55 madde g\u00f6r\u00fc\u015f\u00fcld\u00fc.<\/p>\n\n\n\n<p><strong>Se\u00e7er: &#8220;Mersin film platosu olmaya \u00e7ok uygun bir yer&#8221;<\/strong><\/p>\n\n\n\n<p>Ba\u015fkan Se\u00e7er, Birimlerden Gelen Konular b\u00f6l\u00fcm\u00fcnde;&nbsp;<strong><em>&#8216;<strong>Avrupa Film Komisyonlar\u0131 A\u011f\u0131<\/strong><\/em><\/strong><em>&nbsp;<strong>\u00dcyeli\u011fi&#8217;<\/strong><\/em>&nbsp;ile ilgili madde hakk\u0131nda de\u011ferlendirmede bulundu. Se\u00e7er,&nbsp;<strong>&#8220;2024 y\u0131l\u0131nda Mersin Sinema Ofisimizi a\u00e7t\u0131k. Bunun amac\u0131 \u015fu; Mersin film platosu olmaya \u00e7ok uygun bir yer ama bu konuda yeterince ilerleme kaydedilmemi\u015f. Farkl\u0131 illerde bunun \u00f6rne\u011fini g\u00f6r\u00fcyoruz. Diziler \u00e7ekiliyor, bunlar uluslararas\u0131 alanda pazarlan\u0131yor. \u015eehrin, \u00fclkenin tan\u0131t\u0131m\u0131 i\u00e7in muazzam bir alan yarat\u0131yorlar. Biz istiyoruz ki filmler Mersin&#8217;de de \u00e7ekilsin. Her t\u00fcrl\u00fc imkan var. Bunun i\u00e7in Avrupa Film Komisyonlar\u0131 A\u011f\u0131 bizim orada faaliyet g\u00f6sterebilece\u011fimiz, bize bu tip \u00e7al\u0131\u015fmalar\u0131m\u0131zda katk\u0131 sa\u011flayacak bir yer&#8221;&nbsp;<\/strong>dedi. \u0130lgili madde; Plan ve B\u00fct\u00e7e Komisyonu&#8217;na sevk edildi.<\/p>\n\n\n\n<p><strong>&#8220;1 y\u0131l i\u00e7erisinde \u0130tfaiye Te\u015fkilat\u0131m\u0131z\u0131n hi\u00e7bir eksi\u011fi kalmayacak&#8221;<\/strong><\/p>\n\n\n\n<p><strong>\u0130tfaiye Dairesi Ba\u015fkanl\u0131\u011f\u0131 ve ba\u011fl\u0131 bulunan grup amirliklerinde kullan\u0131lmak \u00fczere itfaiye ara\u00e7 ve ekipman ihtiyac\u0131n\u0131 kar\u015f\u0131lamak i\u00e7in Avrupa Konseyi Kalk\u0131nma Bankas\u0131 finansmanl\u0131&nbsp;<em>&#8216;Belediyelerin Do\u011fal Afetlere Kar\u015f\u0131 Dayan\u0131kl\u0131l\u0131\u011f\u0131n\u0131n G\u00fc\u00e7lendirilmesi Projesi&#8217;<\/em><\/strong><strong>&nbsp;kapsam\u0131nda onaylanan kredinin; alt kredi anla\u015fmas\u0131n\u0131n imza s\u00fcreci a\u015famas\u0131na ge\u00e7ilebilmesi ile ilgili konu hakk\u0131nda Ba\u015fkan Se\u00e7er,&nbsp;<\/strong>T\u00fcrkiye&#8217;de baz\u0131 b\u00fcy\u00fck\u015fehir belediyelerine bu teklifin getirildi\u011fini, olumlu bakanlar i\u00e7in uzmanlar taraf\u0131ndan tespitler yap\u0131ld\u0131\u011f\u0131n\u0131 belirtti. Se\u00e7er,&nbsp;<strong>&#8220;Bizim de \u015fu anda b\u00fct\u00fcn alet-ekipman, ara\u00e7 gere\u00e7 eksi\u011fimizi giderecek, 2 y\u0131l \u00f6demesiz 15 y\u0131l geri \u00f6demesi olan, uygun maliyetli bir kredi. Bakanl\u0131\u011f\u0131n uhdesinde \u00e7al\u0131\u015fmalar yap\u0131l\u0131yor. Bu konuda her \u015fey tamam. Ara\u00e7lar\u0131 se\u00e7iyoruz, \u015fartnameleri haz\u0131rl\u0131yoruz, ihaleye \u00e7\u0131kaca\u011f\u0131z. Tahmin ediyorum 1 y\u0131l i\u00e7erisinde \u0130tfaiye Te\u015fkilat\u0131m\u0131z\u0131n hi\u00e7bir eksi\u011fi kalmayacak. En y\u00fcksek merdiven y\u00fcksekli\u011fi 60 metrelik ara\u00e7tan en d\u00fc\u015f\u00fck merdiven boyundaki ara\u00e7lara kadar hi\u00e7bir eksi\u011fimiz kalmayacak&#8221;&nbsp;<\/strong>dedi.<\/p>\n\n\n\n<p>Se\u00e7er, B\u00fcy\u00fck\u015fehir b\u00fcnyesinde itfaiye eri al\u0131mlar\u0131n\u0131n devam etti\u011fini ve daha \u00f6nce 150 itfaiye eri al\u0131nd\u0131\u011f\u0131n\u0131, \u0130tfaiye Te\u015fkilat\u0131&#8217;n\u0131n kadrolar\u0131n\u0131 yenilediklerini ifade ederek,90 yeni itfaiye eri al\u0131m\u0131na daha \u00e7\u0131kacaklar\u0131n\u0131 duyurdu. Se\u00e7er,<strong>&nbsp;&#8220;\u0130tfaiyecilik Okulu mezunu olmalar\u0131 gerekiyor. KPSS \u00e7ok \u00f6nemli. Ata E\u011fitim Merkezimiz&#8217;de dayan\u0131kl\u0131l\u0131k s\u0131nav\u0131n\u0131 ge\u00e7meleri gerekiyor. S\u0131navlar\u0131m\u0131z\u0131; tamamen reel ko\u015fullarda, objektif \u015fartlarda, m\u00fclakats\u0131z, puanlar\u0131na dayal\u0131, kimsenin hakk\u0131n\u0131 kimseye ge\u00e7irmeden ger\u00e7ekle\u015ftiriliyoruz. T\u00fcrkiye&#8217;nin her taraf\u0131ndan insanlar geliyor ve hak ediyorsa kazan\u0131yor. P\u0131r\u0131l p\u0131r\u0131l bir te\u015fkilat yaratmaya \u00e7abal\u0131yoruz&#8221;<\/strong>&nbsp;dedi. Madde, oy birli\u011fi ile kabul edildi.<\/p>\n\n\n\n<p><strong>Mersin B\u00fcy\u00fck\u015fehir,&nbsp;<em>&#8216;Kad\u0131n Dostu Kentler 3 Program\u0131&#8217;<\/em>&nbsp;kapsam\u0131nda pilot belediye oldu<\/strong><\/p>\n\n\n\n<p>Birimlerden Gelen ve Komisyonlara Havale Edilen maddelerin g\u00f6r\u00fc\u015f\u00fclmesinin ard\u0131ndan G\u00fcndem D\u0131\u015f\u0131 Maddeler g\u00f6r\u00fc\u015f\u00fcld\u00fc. Birinci maddede; Avrupa Birli\u011fi finansman\u0131 ile Birle\u015fmi\u015f Milletler N\u00fcfus Fonu ve T\u00fcrkiye Belediyeler Birli\u011fi i\u015f birli\u011finde y\u00fcr\u00fct\u00fclen&nbsp;<strong>&#8216;Kad\u0131n Dostu Kentler 3 Program\u0131&#8217;<\/strong>&nbsp;kapsam\u0131nda Mersin B\u00fcy\u00fck\u015fehir Belediyesi&#8217;nin pilot belediye olarak programa kat\u0131l\u0131m\u0131n\u0131n uygun g\u00f6r\u00fcld\u00fc\u011f\u00fc okundu. Bu do\u011frultuda; Mersin B\u00fcy\u00fck\u015fehir ile T\u00fcrkiye Belediyeler Birli\u011fi aras\u0131nda iki tarafl\u0131 protokol\u00fcn imzalanmas\u0131 i\u00e7in belediye ba\u015fkan\u0131n\u0131n yetkilendirilmesi, program faaliyetleri \u00e7er\u00e7evesinde belediye b\u00fcnyesinde&nbsp;<strong><em>&#8216;Yerel E\u015fitlik Birimi&#8217;<\/em><\/strong>nin kurulmas\u0131, Belediye Meclisi b\u00fcnyesinde&nbsp;<strong><em>&#8216;Yerel E\u015fitlik Komisyonu&#8217;<\/em><\/strong>nun olu\u015fturulmas\u0131,&nbsp;<strong><em>&#8216;Yerel E\u015fitlik Konseyi&#8217;<\/em><\/strong>nin kurulmas\u0131,&nbsp;<strong><em>&#8216;Yerel E\u015fitlik Eylem Plan\u0131&#8217;<\/em><\/strong>n\u0131n haz\u0131rlanmas\u0131 ve izlenmesi, ilgili belediye personelinin program kapsam\u0131nda d\u00fczenlenecek faaliyetlere kat\u0131l\u0131m sa\u011flamas\u0131, program kapsam\u0131nda yer alacak sivil toplum kurulu\u015flar\u0131 ile i\u015f birli\u011fi yap\u0131lmas\u0131 ve iyi uygulamalar\u0131n payla\u015f\u0131lmas\u0131, program kapsam\u0131nda belirlenecek di\u011fer \u00e7al\u0131\u015fmalara da katk\u0131 sa\u011flanmas\u0131, program\u0131n yerel d\u00fczeyde koordinat\u00f6rl\u00fc\u011f\u00fcn\u00fcn sa\u011flanmas\u0131 amac\u0131yla Mersin B\u00fcy\u00fck\u015fehir Belediyesi Kad\u0131n ve Aile Hizmetleri Dairesi Ba\u015fkan\u0131 \u015eerife Haso\u011flu Dokucu&#8217;nun Asil, Kad\u0131n \u015eube M\u00fcd\u00fcr\u00fc Edibe Sahil&#8217;in ise Yedek Proje Koordinat\u00f6r\u00fc olarak g\u00f6revlendirilmesi hususu ile ilgili madde oy birli\u011fiyle kabul edildi.<\/p>\n","protected":false},"excerpt":{"rendered":"<p>Mersin B\u00fcy\u00fck\u015fehir Belediye Meclisi&#8217;nin 2025 Y\u0131l\u0131 May\u0131s Ay\u0131 Ola\u011fan Toplant\u0131s\u0131&#8217;n\u0131n 1. Birle\u015fimi, Mersin B\u00fcy\u00fck\u015fehir Belediye Ba\u015fkan\u0131 Vahap Se\u00e7er ba\u015fkanl\u0131\u011f\u0131nda ger\u00e7ekle\u015ftirildi. Mersin B\u00fcy\u00fck\u015fehir Belediyesi Kongre ve Sergi Saray\u0131 \u00c7ok Ama\u00e7l\u0131 Salon&#8217;da ger\u00e7ekle\u015ftirilen Meclis Toplant\u0131s\u0131&#8217;nda Birimlerden Gelen 44, Komisyonlara Havale Edilen 9 ve G\u00fcndem D\u0131\u015f\u0131 2 madde olmak \u00fczere toplam 55 madde g\u00f6r\u00fc\u015f\u00fcld\u00fc. Se\u00e7er: &#8220;Mersin film platosu [&hellip;]<\/p>\n","protected":false},"author":2,"featured_media":42483,"comment_status":"closed","ping_status":"closed","sticky":false,"template":"","format":"standard","meta":{"footnotes":""},"categories":[3],"tags":[],"class_list":["post-42482","post","type-post","status-publish","format-standard","has-post-thumbnail","hentry","category-manset"],"views":7,"_links":{"self":[{"href":"https:\/\/mersinkadingazetesi.com\/index.php?rest_route=\/wp\/v2\/posts\/42482"}],"collection":[{"href":"https:\/\/mersinkadingazetesi.com\/index.php?rest_route=\/wp\/v2\/posts"}],"about":[{"href":"https:\/\/mersinkadingazetesi.com\/index.php?rest_route=\/wp\/v2\/types\/post"}],"author":[{"embeddable":true,"href":"https:\/\/mersinkadingazetesi.com\/index.php?rest_route=\/wp\/v2\/users\/2"}],"replies":[{"embeddable":true,"href":"https:\/\/mersinkadingazetesi.com\/index.php?rest_route=%2Fwp%2Fv2%2Fcomments&post=42482"}],"version-history":[{"count":1,"href":"https:\/\/mersinkadingazetesi.com\/index.php?rest_route=\/wp\/v2\/posts\/42482\/revisions"}],"predecessor-version":[{"id":42484,"href":"https:\/\/mersinkadingazetesi.com\/index.php?rest_route=\/wp\/v2\/posts\/42482\/revisions\/42484"}],"wp:featuredmedia":[{"embeddable":true,"href":"https:\/\/mersinkadingazetesi.com\/index.php?rest_route=\/wp\/v2\/media\/42483"}],"wp:attachment":[{"href":"https:\/\/mersinkadingazetesi.com\/index.php?rest_route=%2Fwp%2Fv2%2Fmedia&parent=42482"}],"wp:term":[{"taxonomy":"category","embeddable":true,"href":"https:\/\/mersinkadingazetesi.com\/index.php?rest_route=%2Fwp%2Fv2%2Fcategories&post=42482"},{"taxonomy":"post_tag","embeddable":true,"href":"https:\/\/mersinkadingazetesi.com\/index.php?rest_route=%2Fwp%2Fv2%2Ftags&post=42482"}],"curies":[{"name":"wp","href":"https:\/\/api.w.org\/{rel}","templated":true}]}}